{"id":36590,"date":"2024-10-31T12:07:27","date_gmt":"2024-10-31T09:07:27","guid":{"rendered":"https:\/\/mersinkadingazetesi.com\/?p=36590"},"modified":"2024-10-31T12:07:28","modified_gmt":"2024-10-31T09:07:28","slug":"mercan-100-yil-iklim-ve-cevre-bilim-merkezi-1-yasinda","status":"publish","type":"post","link":"https:\/\/mersinkadingazetesi.com\/?p=36590","title":{"rendered":"MERCAN 100. YIL \u0130KL\u0130M VE \u00c7EVRE B\u0130L\u0130M MERKEZ\u0130 1. YA\u015eINDA"},"content":{"rendered":"\n<p>Mersin B\u00fcy\u00fck\u015fehir Belediyesi&#8217;nin iklim ve \u00e7evre bilincinin art\u0131r\u0131lmas\u0131 amac\u0131yla a\u00e7t\u0131\u011f\u0131 Mercan 100. Y\u0131l \u0130klim ve \u00c7evre Bilim Merkezi 1. ya\u015f\u0131n\u0131 kutlad\u0131. 1 y\u0131l \u00f6nce Cumhuriyet&#8217;in 100. y\u0131l\u0131nda \u00e7ocuklara ve gen\u00e7lere arma\u011fan edilen Mercan 100. Y\u0131l \u0130klim ve \u00c7evre Bilim Merkezi ilk ya\u015f\u0131n\u0131 kutlarken 100 bininci misafirini de a\u011f\u0131rlad\u0131.<\/p>\n\n\n\n<p>B\u00fcy\u00fck\u015fehir Belediyesi \u0130klim De\u011fi\u015fikli\u011fi ve S\u0131f\u0131r At\u0131k Dairesi koordinesinde Mercan 100. Y\u0131l \u0130klim ve \u00c7evre Bilim Merkezi&#8217;nin 1. y\u0131l\u0131na \u00f6zel&nbsp;<strong>&#8216;1. Mercan Bilim \u015eenli\u011fi&#8217;<\/strong>&nbsp;d\u00fczenlendi. \u015eenlikte; Mersin B\u00fcy\u00fck\u015fehir Belediyesi Ba\u015fkan\u0131 Vahap Se\u00e7er&#8217;i temsilen&nbsp;B\u00fcy\u00fck\u015fehir Belediyesi Meclis \u00dcyesi Hamit Mert Avc\u0131 yer al\u0131rken, B\u00fcy\u00fck\u015fehir Belediyesi Genel Sekreter Yard\u0131mc\u0131s\u0131 Ali R\u0131za \u00d6zdemir&#8217;in yan\u0131 s\u0131ra B\u00fcy\u00fck\u015fehir Belediyesi b\u00fcrokratlar\u0131 ile kent genelinde \u00e7ok say\u0131da okuldan \u00f6\u011frenci ile \u00f6\u011fretmenleri \u015fenli\u011fe kat\u0131l\u0131m sa\u011flad\u0131.<\/p>\n\n\n\n<p><strong>Mercan 100. Y\u0131l \u0130klim ve \u00c7evre Bilim Merkezi<\/strong>&nbsp;<strong>do\u011fum g\u00fcn\u00fcn\u00fc \u00e7ocuklarla kutlad\u0131<\/strong><\/p>\n\n\n\n<p>1.Mercan Bilim \u015eenli\u011fi&#8217;nde a\u00e7\u0131l\u0131\u015f konu\u015fmalar\u0131n\u0131n ard\u0131ndan pasta kesim t\u00f6reni ger\u00e7ekle\u015fti.&nbsp;100. Y\u0131l \u0130klim ve \u00c7evre Bilim Merkezi&#8217;nin k\u0131sa s\u00fcre \u00f6nce duyurdu\u011fu ve okullar\u0131n kat\u0131l\u0131m sa\u011flad\u0131\u011f\u0131&nbsp;<strong>&#8216;\u0130klim De\u011fi\u015fikli\u011fine Hayal D\u00fcnyan ile Dur De&#8217;<\/strong>&nbsp;ve&nbsp;<strong>&#8216;Hayalindeki Uzay&#8217;<\/strong>&nbsp;temalar\u0131nda ger\u00e7ekle\u015ftirilen resim yar\u0131\u015fmas\u0131n\u0131n \u00f6d\u00fclleri sahiplerine verildi. Gen\u00e7 yeteneklere \u00f6d\u00fcllerini Mersin&nbsp;B\u00fcy\u00fck\u015fehir Belediye Ba\u015fkan\u0131 Vahap Se\u00e7er&#8217;i temsilen&nbsp;B\u00fcy\u00fck\u015fehir Belediyesi Meclis \u00dcyesi Hamit Mert Avc\u0131 verdi. Etkinlikte, sahne ve robot \u015fovlar\u0131yla \u00e7ocuklar at\u00f6lyelere e\u011flenceli bir giri\u015f yapt\u0131.<\/p>\n\n\n\n<p>\u00d6\u011frenciler Mercan&nbsp;100. Y\u0131l \u0130klim ve \u00c7evre Bilim Merkezi&#8217;nin d\u0131\u015f alan\u0131na kurulan alanda; g\u00fcne\u015f g\u00f6zlemi, mikroskop ile mikroplastik ve protozoa incelemesi, VR g\u00f6zl\u00fck, yanarda\u011f deneyi, WEX robot sergisi, 3D kalem etkinlikleri, STEM, Ben Maker ile ah\u015fap \u015fekillendirme, \u015fi\u015fen balon deneyi, r\u00fczgar g\u00fcl\u00fc yap\u0131m\u0131 gibi g\u00fcn boyu s\u00fcren birbirinden farkl\u0131 iklim ve \u00e7evre temal\u0131 at\u00f6lyelere kat\u0131ld\u0131.<\/p>\n\n\n\n<p><strong>Avc\u0131: &#8220;Bilim Merkezi&#8217;ni mutlaka gezin&#8221;<\/strong><\/p>\n\n\n\n<p>&#8216;1. Mercan Bilim \u015eenli\u011fi&#8217;nde Ba\u015fkan Vahap Se\u00e7er&#8217;in selam\u0131n\u0131 ileterek konu\u015fmas\u0131na ba\u015flayan&nbsp;Meclis \u00dcyesi Hamit Mert Avc\u0131,&nbsp;<strong>&#8220;Belediye Ba\u015fkan\u0131m\u0131z Vahap Se\u00e7er sizlerin \u00e7al\u0131\u015fkan, akl\u0131 ba\u015f\u0131nda, mutlaka kendilerine verilen g\u00f6revleri yerine getiren ak\u0131ll\u0131 \u00e7ocuklar olman\u0131z i\u00e7in \u00e7ok b\u00fcy\u00fck \u00e7aba sarf ediyor. Buray\u0131 mutlaka iyi gezin \u00e7ocuklar. Bilim Merkezi&#8217;nin, deneylerin, g\u00f6zlem evlerinin tad\u0131n\u0131 \u00e7\u0131kar\u0131n. Yine gelin ve \u00e7al\u0131\u015fkan \u00e7ocuklar olarak siz de b\u00fcy\u00fcd\u00fc\u011f\u00fcn\u00fcz zaman b\u00f6yle yerler a\u00e7\u0131n. Sizin de \u00e7ocuklar\u0131n\u0131z b\u00f6yle g\u00fczel yerlere gelsin. Sizleri \u00e7ok seviyoruz&#8221;&nbsp;<\/strong>dedi.<\/p>\n\n\n\n<p><strong>Ezici: &#8220;Projemizin kar\u015f\u0131l\u0131\u011f\u0131n\u0131 ald\u0131\u011f\u0131 dolu dolu bir y\u0131l ge\u00e7irdik&#8221;<\/strong><\/p>\n\n\n\n<p>Mercan 100. Y\u0131l \u0130klim ve \u00c7evre Bilim Merkezi koordinat\u00f6r\u00fc Duygu Ezici, Mercan&#8217;\u0131n 1. Y\u0131l\u0131n\u0131 kutlad\u0131klar\u0131n\u0131 ve ayn\u0131 zamanda 100 bininci misafire ula\u015ft\u0131klar\u0131n\u0131 s\u00f6yleyerek,&nbsp;<strong>&#8220;Projemizin kar\u015f\u0131l\u0131\u011f\u0131n\u0131 ald\u0131\u011f\u0131 dolu dolu bir y\u0131l ge\u00e7irdik. Bug\u00fcn, i\u00e7 etkinliklerimizi d\u0131\u015fa ta\u015f\u0131d\u0131\u011f\u0131m\u0131z bir g\u00fcn. Deneylerimizi \u00e7ocuklara d\u0131\u015far\u0131da deneyimletiyoruz. Yanarda\u011f deneyleri, VR g\u00f6zl\u00fcklerimiz, 3D kalemlerimiz ve benzeri bir\u00e7ok deneyimiz var. Hem a\u00e7\u0131l\u0131\u015f y\u0131l d\u00f6n\u00fcm\u00fcm\u00fcz&nbsp;&nbsp;hem de 100 bin misafir say\u0131s\u0131na ula\u015fmam\u0131z vesilesiyle bir pasta kestik ve dolu dolu bir g\u00fcn ge\u00e7irdik. B\u0130LSEM&#8217;lerin ve okullar\u0131n sergi ve deneyleri mevcut. \u0130\u00e7 alan\u0131m\u0131zda planetaryum g\u00f6sterimlerimiz var. Bizler i\u00e7in \u00e7ok keyifliydi. Bundan sonras\u0131 i\u00e7in temennimiz nice ya\u015flara ve nice 100 binlere diyoruz&#8221;&nbsp;<\/strong>dedi.<\/p>\n\n\n\n<p><strong>\u00c7ebi: &#8220;MERCAN \u00e7ok e\u011flenceli bir yer&#8221;<\/strong><\/p>\n\n\n\n<p>&#8216;Hayalimdeki Uzay&#8217; resim yar\u0131\u015fmas\u0131na kat\u0131larak birinci olan Tu\u011f\u00e7e \u00c7ebi, herhangi bir yerden esinlenmedi\u011fini belirterek,&nbsp;<strong>&#8220;Hayalimizdeki uzay\u0131 yapacakt\u0131k, kendimize \u00f6zg\u00fc olacakt\u0131. Ben de Google&#8217;dan bakmak yerine kendim \u00f6zg\u00fcn yapmak istedim. Do\u011fru renkli olursa kazanaca\u011f\u0131m\u0131 d\u00fc\u015f\u00fcnd\u00fcm&#8221;&nbsp;<\/strong>dedi.<\/p>\n\n\n\n<p>MERCAN&#8217;\u0131n ilgi \u00e7ekici bir yer oldu\u011funu s\u00f6yleyen \u00c7ebi,&nbsp;<strong>&#8220;Daha \u00f6nce de annemle gelmi\u015ftim. MERCAN&#8217;\u0131 g\u00f6rmeyen \u00e7ocuklar\u0131n gelip g\u00f6rmesi gerekiyor. Hi\u00e7 s\u0131k\u0131lmazlar. Tavsiye ediyorum. \u00c7ok e\u011flenceli bir yer&#8221;<\/strong>&nbsp;diye konu\u015ftu.<\/p>\n\n\n\n<p><strong>Kaplan: &#8220;\u0130yi ki Mercan gibi bir yer var&#8221;<\/strong><\/p>\n\n\n\n<p>\u00d6\u011frencilerden Sedat Kaplan, \u00e7ok g\u00fczel bir g\u00fcn ge\u00e7irdi\u011fini anlatarak,&nbsp;<strong>&#8220;Buras\u0131 bence hem \u00e7ocuklar\u0131n hem yeti\u015fkinlerin u\u011framas\u0131 gereken bir yer. Bilim ve teknolojiye haberdar olan bir yer. Buraya gelen bir \u00e7ocuk hem bilim hem teknoloji \u00f6\u011frenir. \u0130\u00e7eride daha \u00e7ok ileri teknolojiye ait nitelikli e\u015fyalar var.&nbsp;&nbsp;Bug\u00fcn Mercan&#8217;\u0131n 1. y\u0131l\u0131n\u0131 beraber kutlad\u0131k. Deney \u015fovlar\u0131, at\u00f6lye \u00e7al\u0131\u015fmalar\u0131 oldu. Biz de onlara kat\u0131ld\u0131k. \u0130yi ki Mercan gibi bir yer var&#8221;<\/strong>&nbsp;dedi.<\/p>\n\n\n\n<p><strong>Sa\u011flam: &#8220;Ba\u015fkan\u0131m\u0131z iyi ki Mercan&#8217;\u0131 a\u00e7m\u0131\u015f&#8221;<\/strong><\/p>\n\n\n\n<p>G\u00fcne\u015f g\u00f6zlemi yapan \u00f6\u011frencilerden \u015eakir Berat Sa\u011flam, &#8220;<strong>G\u00fcne\u015fe bakt\u0131k. G\u00fcne\u015fimiz olmasayd\u0131 sabah olmazd\u0131. Mevsimlerimiz olmazd\u0131. Hep gecede kal\u0131rd\u0131k. \u0130lk defa g\u00fcne\u015fe bakabildim. Mercan&#8217;a ilk geli\u015fim. Ba\u015fkan\u0131m\u0131z iyi ki Mercan&#8217;\u0131 a\u00e7m\u0131\u015f. \u00c7ocuklara \u00e7ok g\u00fczel bir hediye. Te\u015fekk\u00fcr ederiz&#8221;&nbsp;<\/strong>diye konu\u015ftu.<\/p>\n\n\n\n<p>9 ya\u015f\u0131ndaki Zeynep G\u00fc\u00e7l\u00fc, ilk kez Mercan Bilim Merkezi&#8217;ne geldi\u011fini s\u00f6yleyerek,&nbsp;<strong>&#8220;\u0130lk ba\u015fta y\u00fcz boyama yapt\u0131k. Biraz gezdik ve 3D kalemle \u015fekiller yapt\u0131m. At\u00f6lyeleri gezdim. Benim buraya gelince bilime ilgim artt\u0131. \u0130lk defa geliyorum hep de gelmek isterim&#8221;&nbsp;<\/strong>dedi.&nbsp;<strong>&nbsp;<\/strong><\/p>\n\n\n\n<p><strong>Ta\u015fkent: &#8220;\u00c7ocuklara bilim \u00f6\u011fretiyorlar&#8221;<\/strong><\/p>\n\n\n\n<p>8 ya\u015f\u0131ndaki Yekta Ta\u015fkent,&nbsp;<strong>&#8220;Mercan Bilim Merkezi&#8217;ndeyim. \u00c7ocuklara bilim \u00f6\u011fretiyorlar. Deneyleri g\u00f6steriyorlar. Sonra ne yapmam\u0131z gerekti\u011fini anlat\u0131yorlar. Deney d\u00fczeneklerini g\u00f6rd\u00fck. Deney \u015fovu g\u00fczeldi. Mercan&#8217;\u0131n 1. y\u0131l\u0131 kutlu olsun&#8221;&nbsp;<\/strong>ifadelerine yer verdi.<\/p>\n\n\n\n<p>Mira\u00e7 Necati Ayd\u0131nise<strong>&nbsp;&#8220;Bilimle ilgili \u015feyler g\u00f6rd\u00fck. \u0130lk defa geliyorum. Bilimsel deney \u015fovu yapt\u0131lar, be\u011fendim. Arkada\u015flar\u0131mla at\u00f6lyeleri de gezdim&#8221;&nbsp;<\/strong>dedi.<\/p>\n","protected":false},"excerpt":{"rendered":"<p>Mersin B\u00fcy\u00fck\u015fehir Belediyesi&#8217;nin iklim ve \u00e7evre bilincinin art\u0131r\u0131lmas\u0131 amac\u0131yla a\u00e7t\u0131\u011f\u0131 Mercan 100. Y\u0131l \u0130klim ve \u00c7evre Bilim Merkezi 1. ya\u015f\u0131n\u0131 kutlad\u0131. 1 y\u0131l \u00f6nce Cumhuriyet&#8217;in 100. y\u0131l\u0131nda \u00e7ocuklara ve gen\u00e7lere arma\u011fan edilen Mercan 100. Y\u0131l \u0130klim ve \u00c7evre Bilim Merkezi ilk ya\u015f\u0131n\u0131 kutlarken 100 bininci misafirini de a\u011f\u0131rlad\u0131. B\u00fcy\u00fck\u015fehir Belediyesi \u0130klim De\u011fi\u015fikli\u011fi ve S\u0131f\u0131r At\u0131k [&hellip;]<\/p>\n","protected":false},"author":2,"featured_media":36591,"comment_status":"closed","ping_status":"closed","sticky":false,"template":"","format":"standard","meta":{"footnotes":""},"categories":[1,2,3],"tags":[],"class_list":["post-36590","post","type-post","status-publish","format-standard","has-post-thumbnail","hentry","category-genel","category-gundem","category-manset"],"views":7,"_links":{"self":[{"href":"https:\/\/mersinkadingazetesi.com\/index.php?rest_route=\/wp\/v2\/posts\/36590"}],"collection":[{"href":"https:\/\/mersinkadingazetesi.com\/index.php?rest_route=\/wp\/v2\/posts"}],"about":[{"href":"https:\/\/mersinkadingazetesi.com\/index.php?rest_route=\/wp\/v2\/types\/post"}],"author":[{"embeddable":true,"href":"https:\/\/mersinkadingazetesi.com\/index.php?rest_route=\/wp\/v2\/users\/2"}],"replies":[{"embeddable":true,"href":"https:\/\/mersinkadingazetesi.com\/index.php?rest_route=%2Fwp%2Fv2%2Fcomments&post=36590"}],"version-history":[{"count":1,"href":"https:\/\/mersinkadingazetesi.com\/index.php?rest_route=\/wp\/v2\/posts\/36590\/revisions"}],"predecessor-version":[{"id":36592,"href":"https:\/\/mersinkadingazetesi.com\/index.php?rest_route=\/wp\/v2\/posts\/36590\/revisions\/36592"}],"wp:featuredmedia":[{"embeddable":true,"href":"https:\/\/mersinkadingazetesi.com\/index.php?rest_route=\/wp\/v2\/media\/36591"}],"wp:attachment":[{"href":"https:\/\/mersinkadingazetesi.com\/index.php?rest_route=%2Fwp%2Fv2%2Fmedia&parent=36590"}],"wp:term":[{"taxonomy":"category","embeddable":true,"href":"https:\/\/mersinkadingazetesi.com\/index.php?rest_route=%2Fwp%2Fv2%2Fcategories&post=36590"},{"taxonomy":"post_tag","embeddable":true,"href":"https:\/\/mersinkadingazetesi.com\/index.php?rest_route=%2Fwp%2Fv2%2Ftags&post=36590"}],"curies":[{"name":"wp","href":"https:\/\/api.w.org\/{rel}","templated":true}]}}