{"id":36594,"date":"2024-10-31T12:09:34","date_gmt":"2024-10-31T09:09:34","guid":{"rendered":"https:\/\/mersinkadingazetesi.com\/?p=36594"},"modified":"2024-10-31T12:09:35","modified_gmt":"2024-10-31T09:09:35","slug":"cumhuriyet-yuruyusune-100-metrelik-turk-bayragi-damga-vurdu","status":"publish","type":"post","link":"https:\/\/mersinkadingazetesi.com\/?p=36594","title":{"rendered":"CUMHUR\u0130YET Y\u00dcR\u00dcY\u00dc\u015e\u00dc&#8217;NE 100 METREL\u0130K T\u00dcRK BAYRA\u011eI DAMGA VURDU"},"content":{"rendered":"\n<p>Tarsus Belediyesi&#8217;nin 29 Ekim Cumhuriyet Bayram\u0131 dolay\u0131s\u0131yla d\u00fczenledi\u011fi etkinliklerde Cumhuriyet co\u015fkusu alanlara s\u0131\u011fmad\u0131. Cumhuriyet Y\u00fcr\u00fcy\u00fc\u015f\u00fc ve \u0130rem Derici konseri ile kutlanan bayramda, halk sokaklara s\u0131\u011fmad\u0131. Cumhuriyet Y\u00fcr\u00fcy\u00fc\u015f\u00fc \u2018ne 100 metrelik T\u00fcrk Bayra\u011f\u0131 damga vurdu. Tarsuslular bayraklar\u0131yla, \u00e7ocuklar\u0131 ve aileleriyle birlikte Cumhuriyet\u2019in 101. y\u0131l\u0131n\u0131 b\u00fcy\u00fck bir sevin\u00e7le kutlad\u0131.<\/p>\n\n\n\n<p>&#8220;CUMHUR\u0130YET Y\u00dcR\u00dcY\u00dc\u015e\u00dc&#8221; \u0130LE CO\u015eKU ARTTI<\/p>\n\n\n\n<p>Tarsus Belediye Ba\u015fkan\u0131 Ali Bolta\u00e7 ve e\u015fi, Cumhuriyet Y\u00fcr\u00fcy\u00fc\u015f\u00fc&#8217;nde Tarsus halk\u0131yla bir araya geldi. Y\u00fcr\u00fcy\u00fc\u015f, Cengiz Topel Lisesi \u00f6n\u00fcnden ba\u015flayarak, me\u015faleler ve co\u015fkulu kalabal\u0131\u011f\u0131n e\u015fli\u011finde Atat\u00fcrk G\u00f6steri Merkezi\u2019ne kadar devam etti. 100 metrelik T\u00fcrk bayra\u011f\u0131n\u0131n a\u00e7\u0131ld\u0131\u011f\u0131 y\u00fcr\u00fcy\u00fc\u015fte, balkonlar\u0131ndan ve pencerelerinden y\u00fcr\u00fcy\u00fc\u015fe destek veren vatanda\u015flar, bayrak sallayarak Cumhuriyet co\u015fkusuna ortak oldu.<\/p>\n\n\n\n<p>BA\u015eKAN BOLTA\u00c7 &#8220;CUMHUR\u0130YET\u0130 GURURLA YA\u015eATACA\u011eIZ&#8221;<\/p>\n\n\n\n<p>Cumhuriyet sevgisi ile alanlarda co\u015fkulu bir kalabal\u0131k olu\u015fturan Tarsus halk\u0131 i\u00e7in Cumhuriyet&#8217;in b\u00fcy\u00fck bir de\u011fer ta\u015f\u0131d\u0131\u011f\u0131n\u0131 ifade eden Ba\u015fkan Bolta\u00e7; \u201cCumhuriyet, hepimizin en k\u0131ymetli ortak miras\u0131. Bu miras\u0131 ya\u015fatmak ve gelece\u011fe ta\u015f\u0131mak i\u00e7in buraday\u0131z. Tarsus olarak her zaman Cumhuriyet\u2019in izinde olaca\u011f\u0131z ve onun de\u011ferlerine sahip \u00e7\u0131kaca\u011f\u0131z. Cumhuriyet Bayram\u0131m\u0131z kutlu olsun!&#8221; dedi.<\/p>\n\n\n\n<p>\u0130REM DER\u0130C\u0130 KONSER\u0130 CO\u015eKUYU Z\u0130RVEYE TA\u015eIDI<\/p>\n\n\n\n<p>Y\u00fcr\u00fcy\u00fc\u015ften sonra sahne alan \u0130rem Derici, \u015fark\u0131lar\u0131 ve sahne performans\u0131yla Tarsuslulara unutulmaz bir gece ya\u015fatt\u0131. Konser alan\u0131n\u0131 dolduran binlerce ki\u015fi, ellerinde bayraklar\u0131yla \u015fark\u0131lara ve mar\u015flara e\u015flik etti. Hep bir a\u011f\u0131zdan \u201cYa\u015fas\u0131n Cumhuriyet!\u201d diyen Tarsuslular, bayram co\u015fkusunu zirveye ta\u015f\u0131d\u0131.<\/p>\n\n\n\n<p>TARSUS&#8217;TA CUMHUR\u0130YET RUHU YEN\u0130DEN CANLANDI<\/p>\n\n\n\n<p>\u00c7ocuk, gen\u00e7, ya\u015fl\u0131 herkesin kat\u0131l\u0131m\u0131yla ger\u00e7ekle\u015fen etkinlikler, Cumhuriyet ruhunu Tarsus\u2019ta yeniden canland\u0131rd\u0131. Tarsus Belediyesi\u2019nin d\u00fczenledi\u011fi bu \u00f6zel etkinlikler, halk\u0131n yo\u011fun ilgisiyle unutulmayacak an\u0131lara sahne oldu. Tarsus, Cumhuriyet\u2019in 101. y\u0131l\u0131n\u0131 b\u00fcy\u00fck bir co\u015fku ve birlik i\u00e7inde kutlad\u0131.<\/p>\n","protected":false},"excerpt":{"rendered":"<p>Tarsus Belediyesi&#8217;nin 29 Ekim Cumhuriyet Bayram\u0131 dolay\u0131s\u0131yla d\u00fczenledi\u011fi etkinliklerde Cumhuriyet co\u015fkusu alanlara s\u0131\u011fmad\u0131. Cumhuriyet Y\u00fcr\u00fcy\u00fc\u015f\u00fc ve \u0130rem Derici konseri ile kutlanan bayramda, halk sokaklara s\u0131\u011fmad\u0131. Cumhuriyet Y\u00fcr\u00fcy\u00fc\u015f\u00fc \u2018ne 100 metrelik T\u00fcrk Bayra\u011f\u0131 damga vurdu. Tarsuslular bayraklar\u0131yla, \u00e7ocuklar\u0131 ve aileleriyle birlikte Cumhuriyet\u2019in 101. y\u0131l\u0131n\u0131 b\u00fcy\u00fck bir sevin\u00e7le kutlad\u0131. &#8220;CUMHUR\u0130YET Y\u00dcR\u00dcY\u00dc\u015e\u00dc&#8221; \u0130LE CO\u015eKU ARTTI Tarsus Belediye Ba\u015fkan\u0131 [&hellip;]<\/p>\n","protected":false},"author":2,"featured_media":36596,"comment_status":"closed","ping_status":"closed","sticky":false,"template":"","format":"standard","meta":{"footnotes":""},"categories":[3],"tags":[],"class_list":["post-36594","post","type-post","status-publish","format-standard","has-post-thumbnail","hentry","category-manset"],"views":8,"_links":{"self":[{"href":"https:\/\/mersinkadingazetesi.com\/index.php?rest_route=\/wp\/v2\/posts\/36594"}],"collection":[{"href":"https:\/\/mersinkadingazetesi.com\/index.php?rest_route=\/wp\/v2\/posts"}],"about":[{"href":"https:\/\/mersinkadingazetesi.com\/index.php?rest_route=\/wp\/v2\/types\/post"}],"author":[{"embeddable":true,"href":"https:\/\/mersinkadingazetesi.com\/index.php?rest_route=\/wp\/v2\/users\/2"}],"replies":[{"embeddable":true,"href":"https:\/\/mersinkadingazetesi.com\/index.php?rest_route=%2Fwp%2Fv2%2Fcomments&post=36594"}],"version-history":[{"count":1,"href":"https:\/\/mersinkadingazetesi.com\/index.php?rest_route=\/wp\/v2\/posts\/36594\/revisions"}],"predecessor-version":[{"id":36597,"href":"https:\/\/mersinkadingazetesi.com\/index.php?rest_route=\/wp\/v2\/posts\/36594\/revisions\/36597"}],"wp:featuredmedia":[{"embeddable":true,"href":"https:\/\/mersinkadingazetesi.com\/index.php?rest_route=\/wp\/v2\/media\/36596"}],"wp:attachment":[{"href":"https:\/\/mersinkadingazetesi.com\/index.php?rest_route=%2Fwp%2Fv2%2Fmedia&parent=36594"}],"wp:term":[{"taxonomy":"category","embeddable":true,"href":"https:\/\/mersinkadingazetesi.com\/index.php?rest_route=%2Fwp%2Fv2%2Fcategories&post=36594"},{"taxonomy":"post_tag","embeddable":true,"href":"https:\/\/mersinkadingazetesi.com\/index.php?rest_route=%2Fwp%2Fv2%2Ftags&post=36594"}],"curies":[{"name":"wp","href":"https:\/\/api.w.org\/{rel}","templated":true}]}}