{"id":36598,"date":"2024-10-31T12:10:43","date_gmt":"2024-10-31T09:10:43","guid":{"rendered":"https:\/\/mersinkadingazetesi.com\/?p=36598"},"modified":"2024-10-31T12:10:44","modified_gmt":"2024-10-31T09:10:44","slug":"silifkelilere-cumhuriyet-bayramina-ozel-uband-konseri","status":"publish","type":"post","link":"https:\/\/mersinkadingazetesi.com\/?p=36598","title":{"rendered":"S\u0130L\u0130FKEL\u0130LERE CUMHUR\u0130YET BAYRAMI\u2019NA \u00d6ZEL UBAND KONSER\u0130"},"content":{"rendered":"\n<p>Silifke\u2019de 29 Ekim Cumhuriyet Bayram\u0131 co\u015fkusu UBAND konseriyle ya\u015fand\u0131.\u00a0Cumhuriyet Bayram\u0131 kutlamalar\u0131 kapsam\u0131nda Silifke\u2019de UBAND grubu, muhte\u015fem bir konser verdi.\u00a0Silifke Belediyesi ev sahipli\u011finde ger\u00e7ekle\u015fen etkinlikte, Uband hayranlar\u0131 grubun sevilen \u015fark\u0131lar\u0131na e\u015flik etti. \u00a0\u00a0\u00a0\u00a0\u00a0\u00a0\u00a0\u00a0\u00a0\u00a0\u00a0\u00a0\u00a0 29 Ekim Cumhuriyet Bayram\u0131&#8217;na \u00f6zel olarak d\u00fczenlenen konser \u00f6ncesi Fener Alay\u0131 co\u015fkusuna kat\u0131lan Silifkeliler, bayram co\u015fkusunu doyas\u0131ya ya\u015fad\u0131lar. Co\u015fkulu kalabal\u0131\u011f\u0131n ilgisiyle kar\u015f\u0131la\u015fan Uband grubu, sevenlerine unutulmaz bir ak\u015fam ya\u015fatt\u0131.\u00a0\u00a0\u00a0\u00a0\u00a0\u00a0\u00a0\u00a0\u00a0\u00a0\u00a0\u00a0\u00a0 Konser boyunca keyifli anlar ya\u015fayan izleyiciler, Cumhuriyet Bayram\u0131\u2019n\u0131 Uband\u2019\u0131n \u015fark\u0131lar\u0131yla kutlad\u0131.\u00a0Ba\u015fkan Turgut, \u2018Cumhuriyetimizin 101. Ya\u015f\u0131n\u0131 co\u015fkuyla kutlad\u0131k\u2019\u00a0\u00a0\u00a0\u00a0\u00a0\u00a0\u00a0\u00a0\u00a0\u00a0\u00a0 29 Ekim Cumhuriyet Bayram\u0131 co\u015fkusunun yurdun d\u00f6rt bir yan\u0131nda hep bir a\u011f\u0131zdan s\u00f6ylenen mar\u015flar ve \u015fark\u0131lar ile meydanlarda kutland\u0131\u011f\u0131n\u0131 a\u00e7\u0131klayan Silifke Belediye Ba\u015fkan\u0131 Dr. Mustafa Turgut, \u2018Cumhuriyetimizin kurulu\u015funun 101. y\u0131l d\u00f6n\u00fcm\u00fcn\u00fc Silifke\u2019de t\u00f6renler, y\u00fcr\u00fcy\u00fc\u015fler, konserler ile co\u015fku i\u00e7inde kutluyoruz.\u00a0Cumhuriyet, T\u00fcrk Milletinin binlerce y\u0131ll\u0131k tarihinde ula\u015ft\u0131\u011f\u0131 en muhte\u015fem zirvesidir. Cumhuriyetimizin kurulu\u015f s\u00fcreci de milli tarihimizin kaydetti\u011fi en b\u00fcy\u00fck m\u00fccadelelerden biri olmu\u015ftur. Cumhuriyetimizin 101. ya\u015f\u0131 sanatla, k\u00fclt\u00fcrle ve konserlerle kentimizin d\u00f6rt bir yan\u0131nda co\u015fkuyla kutland\u0131. Eme\u011fi ge\u00e7en ve katk\u0131 sunan herkese te\u015fekk\u00fcr ediyoruz\u2019 dedi.<\/p>\n","protected":false},"excerpt":{"rendered":"<p>Silifke\u2019de 29 Ekim Cumhuriyet Bayram\u0131 co\u015fkusu UBAND konseriyle ya\u015fand\u0131.\u00a0Cumhuriyet Bayram\u0131 kutlamalar\u0131 kapsam\u0131nda Silifke\u2019de UBAND grubu, muhte\u015fem bir konser verdi.\u00a0Silifke Belediyesi ev sahipli\u011finde ger\u00e7ekle\u015fen etkinlikte, Uband hayranlar\u0131 grubun sevilen \u015fark\u0131lar\u0131na e\u015flik etti. \u00a0\u00a0\u00a0\u00a0\u00a0\u00a0\u00a0\u00a0\u00a0\u00a0\u00a0\u00a0\u00a0 29 Ekim Cumhuriyet Bayram\u0131&#8217;na \u00f6zel olarak d\u00fczenlenen konser \u00f6ncesi Fener Alay\u0131 co\u015fkusuna kat\u0131lan Silifkeliler, bayram co\u015fkusunu doyas\u0131ya ya\u015fad\u0131lar. Co\u015fkulu kalabal\u0131\u011f\u0131n ilgisiyle kar\u015f\u0131la\u015fan Uband [&hellip;]<\/p>\n","protected":false},"author":2,"featured_media":36599,"comment_status":"closed","ping_status":"closed","sticky":false,"template":"","format":"standard","meta":{"footnotes":""},"categories":[2,3],"tags":[],"class_list":["post-36598","post","type-post","status-publish","format-standard","has-post-thumbnail","hentry","category-gundem","category-manset"],"views":3,"_links":{"self":[{"href":"https:\/\/mersinkadingazetesi.com\/index.php?rest_route=\/wp\/v2\/posts\/36598"}],"collection":[{"href":"https:\/\/mersinkadingazetesi.com\/index.php?rest_route=\/wp\/v2\/posts"}],"about":[{"href":"https:\/\/mersinkadingazetesi.com\/index.php?rest_route=\/wp\/v2\/types\/post"}],"author":[{"embeddable":true,"href":"https:\/\/mersinkadingazetesi.com\/index.php?rest_route=\/wp\/v2\/users\/2"}],"replies":[{"embeddable":true,"href":"https:\/\/mersinkadingazetesi.com\/index.php?rest_route=%2Fwp%2Fv2%2Fcomments&post=36598"}],"version-history":[{"count":1,"href":"https:\/\/mersinkadingazetesi.com\/index.php?rest_route=\/wp\/v2\/posts\/36598\/revisions"}],"predecessor-version":[{"id":36600,"href":"https:\/\/mersinkadingazetesi.com\/index.php?rest_route=\/wp\/v2\/posts\/36598\/revisions\/36600"}],"wp:featuredmedia":[{"embeddable":true,"href":"https:\/\/mersinkadingazetesi.com\/index.php?rest_route=\/wp\/v2\/media\/36599"}],"wp:attachment":[{"href":"https:\/\/mersinkadingazetesi.com\/index.php?rest_route=%2Fwp%2Fv2%2Fmedia&parent=36598"}],"wp:term":[{"taxonomy":"category","embeddable":true,"href":"https:\/\/mersinkadingazetesi.com\/index.php?rest_route=%2Fwp%2Fv2%2Fcategories&post=36598"},{"taxonomy":"post_tag","embeddable":true,"href":"https:\/\/mersinkadingazetesi.com\/index.php?rest_route=%2Fwp%2Fv2%2Ftags&post=36598"}],"curies":[{"name":"wp","href":"https:\/\/api.w.org\/{rel}","templated":true}]}}