{"id":36601,"date":"2024-10-31T12:48:45","date_gmt":"2024-10-31T09:48:45","guid":{"rendered":"https:\/\/mersinkadingazetesi.com\/?p=36601"},"modified":"2024-10-31T12:48:46","modified_gmt":"2024-10-31T09:48:46","slug":"vali-ali-hamza-pehlivan-avrupa-kadinlar-bocce-volo-sampiyonasinin-acilis-torenine-katildi","status":"publish","type":"post","link":"https:\/\/mersinkadingazetesi.com\/?p=36601","title":{"rendered":"VAL\u0130 AL\u0130 HAMZA PEHL\u0130VAN, AVRUPA KADINLAR BOCCE (VOLO) \u015eAMP\u0130YONASI\u2019NIN A\u00c7ILI\u015e T\u00d6REN\u0130NE KATILDI"},"content":{"rendered":"\n<p>Valimiz Ali Hamza Pehlivan, Avrupa Kad\u0131nlar Bocce (Volo) \u015eampiyonas\u0131n\u0131n a\u00e7\u0131l\u0131\u015f t\u00f6renine kat\u0131ld\u0131.<br><br>Vali Pehlivan, Mersin \u0130limizde 30 Ekim \u2013 2 Kas\u0131m 2024 tarihleri aras\u0131nda Toroslar Bocce Salonunda, 11 farkl\u0131 \u00fclkeden 50\u2019ye yak\u0131n sporcunun kat\u0131ld\u0131\u011f\u0131 Avrupa Kad\u0131nlar Bocce (Volo) \u015eampiyonas\u0131\u2019n\u0131n a\u00e7\u0131l\u0131\u015f t\u00f6renine kat\u0131ld\u0131.<br><br>Sayg\u0131 duru\u015fu ve \u0130stiklal Mar\u015f\u0131m\u0131z\u0131n okunmas\u0131yla ba\u015flayan programda 11 \u00fclkeden gelen tak\u0131mlar birer birer resmi ge\u00e7it yapt\u0131 ve alandaki yerini ald\u0131.<br><br>Vali Pehlivan a\u00e7\u0131l\u0131\u015f t\u00f6reninde yapm\u0131\u015f oldu\u011fu konu\u015fmas\u0131nda; \u201cMersin \u0130limizde, T\u00fcrkiye\u2019mizle birlikte Kad\u0131nlar Avrupa Volo \u015eampiyonas\u0131&#8217;nda 11 \u00fclke ve bu \u00fclkelerin tak\u0131mlar\u0131 yar\u0131\u015facak. \u0130nan\u0131yorum ki g\u00fczel ve iddial\u0131 m\u00fcsabakalar ger\u00e7ekle\u015fecek. B\u00fct\u00fcn sporculara,tak\u0131mlara \u0130limize ho\u015fgeldiniz diyor,ba\u015far\u0131lar temenni ediyorum.<\/p>\n\n\n\n<p>Bocce di\u011fer spor bran\u015flar\u0131 i\u00e7erisinde ilginin ve organizasyon say\u0131s\u0131n\u0131n giderek artt\u0131\u011f\u0131 bir bran\u015ft\u0131r. Bu ba\u011flamda Mersin \u0130limizde bir\u00e7ok bran\u015fta oldu\u011fu gibi Bocce\u2019de de merkez olma yolunda ilerliyor. Bug\u00fcn, i\u00e7inde bulundu\u011fumuz bu tesis Akdeniz Oyunlar\u0131 i\u00e7in yap\u0131lm\u0131\u015f olan bir tesistir. \u0130limizde Akdeniz Oyunlar\u0131 i\u00e7in \u00e7ok say\u0131da tesis Say\u0131n Cumhurba\u015fkan\u0131m\u0131z\u0131n talimatlar\u0131 do\u011frultusunda, Gen\u00e7lik ve Spor Bakanl\u0131\u011f\u0131m\u0131z taraf\u0131ndan in\u015fa edilmi\u015f durumdad\u0131r. Biz bu tesislerde hem ulusal hem uluslararas\u0131 yar\u0131\u015fmalara, \u015fampiyonalara ev sahipli\u011fi yap\u0131yoruz. Bu \u015fampiyonalara ev sahipli\u011fini yapmaktan dolay\u0131 da ziyadesiyle mutluluk duyuyoruz. \u00c7\u00fcnk\u00fc bu yar\u0131\u015fmalar vesilesiyle hem T\u00fcrkiye\u2019mizin b\u00fct\u00fcn vilayetlerinden gelen sporcular, tak\u0131mlar oluyor, hem de uluslararas\u0131 m\u00fcsabakalar vesilesiyle d\u00fcnyan\u0131n her taraf\u0131ndan sporcular\u0131, tak\u0131mlar\u0131, antren\u00f6rleri, hakemleri ve kafilelerin aileleri \u0130limizde misafir ediliyor.&nbsp;<\/p>\n\n\n\n<p><em><strong>Mersinimiz Bir Spor \u015eehri<\/strong><\/em><\/p>\n\n\n\n<p>Mersin&#8217;imiz bir\u00e7ok y\u00f6n\u00fcyle \u00f6n planda olan bir ildir. Giderek geli\u015fen y\u00f6nlerimizden birisi de spor. Mersinimiz bir spor \u015fehri. \u0130limizde 60\u2019a yak\u0131n bran\u015fta 550 kul\u00fcb\u00fcm\u00fcz\u00fcn faaliyet g\u00f6steriyor. Toplam 215 bin lisansl\u0131 sporcumuz var. Ulusal ve uluslararas\u0131 d\u00fczeyde ba\u015far\u0131lar\u0131 olan sporcular\u0131m\u0131z,milli sporcular\u0131m\u0131z var.<\/p>\n\n\n\n<p>Bu bran\u015flar i\u00e7erisinde Bocce bran\u015f\u0131nda da yakla\u015f\u0131k 2 bin lisansl\u0131 sporcumuz var. Bu say\u0131 da uygulad\u0131\u011f\u0131m\u0131z projeler, yapt\u0131\u011f\u0131m\u0131z \u00e7al\u0131\u015fmalarla giderek art\u0131yor. Bunlardan birisi, \u2018Her Ay Bir Bran\u015f\u2019 tan\u0131t\u0131m\u0131 projesi. Bu projeyle b\u00fct\u00fcn bran\u015flar\u0131n \u0130limiz genelinde her noktada tan\u0131t\u0131m\u0131n\u0131 yapma gayreti i\u00e7erisindeyiz. Biz tan\u0131t\u0131m yapt\u0131k\u00e7a da b\u00fct\u00fcn bran\u015flara yeni sporcular kazand\u0131r\u0131yoruz. Yeni lisansl\u0131 sporcular\u0131m\u0131z oluyor. Bu sayede lisansl\u0131 sporcu say\u0131m\u0131z\u0131 daha da artt\u0131r\u0131yoruz.<\/p>\n\n\n\n<p>Ben, buraya \u00fclkemiz dahil 11 \u00fclkeden gelen sporcular\u0131m\u0131za yar\u0131\u015fmalarda ba\u015far\u0131lar diliyorum. G\u00fczel m\u00fcsabakalar ger\u00e7ekle\u015ftirmelerini temenni ediyorum. Elbette her m\u00fcsabakan\u0131n dereceye girenleri olacakt\u0131r. 100 civar\u0131nda sporcu burada yar\u0131\u015facak. Hepiniz ba\u015far\u0131l\u0131 sporculars\u0131n\u0131z. \u0130n\u015fallah beklentileriniz do\u011frultusunda bu yar\u0131\u015fmalar ger\u00e7ekle\u015fir.&nbsp;<\/p>\n\n\n\n<p>Bu vesileyle de buralara gelmi\u015fken \u00fclkemizin en nadide k\u00f6\u015felerinden birisi olan Mersinimizi de tan\u0131ma imkan\u0131n\u0131z olacakt\u0131r.<\/p>\n\n\n\n<p>Ben bu organizasyonu ger\u00e7ekle\u015fmesinde eme\u011fi ge\u00e7en ayn\u0131 zamanda Bayburt \u00dcniversitesi Rekt\u00f6r\u00fcm\u00fcz, Uluslararas\u0131 Bocce Konfederasyonu Ba\u015fkan\u0131 Prof. Dr. Mutlu T\u00fcrkmen\u2019e, Uluslararas\u0131 Bocce Konfederasyonu Genel Sekreterine ve Avrupa Bocce Federasyonu Ba\u015fkan\u0131na, \u0130l Gen\u00e7lik ve Spor M\u00fcd\u00fcrl\u00fc\u011f\u00fcm\u00fcze, katk\u0131 ve eme\u011fi olan herkese te\u015fekk\u00fcr ediyorum.<\/p>\n\n\n\n<p>Tekrar yar\u0131\u015fmalara kat\u0131lan b\u00fct\u00fcn tak\u0131mlara, sporculara ba\u015far\u0131lar diliyorum.\u201d ifadelerini kulland\u0131.&nbsp;<\/p>\n\n\n\n<p>A\u00e7\u0131l\u0131\u015f t\u00f6reninde; Uluslararas\u0131 Bocce Konfederasyonu Ba\u015fkan\u0131 ve Bayburt \u00dcniversitesi Rekt\u00f6r\u00fc Prof. Dr. Mutlu T\u00fcrkmen, Gen\u00e7lik ve Spor \u0130l M\u00fcd\u00fcr\u00fc G\u00f6ksun \u00d6z, Uluslararas\u0131 Bocce Konfederasyonu Genel Sekreteri Pascal Fernandes ve Avrupa Bocce Federasyonu Ba\u015fkan\u0131 Tomaslov Curka da bir konu\u015fma ger\u00e7ekle\u015ftirdi.<\/p>\n\n\n\n<p>A\u00e7\u0131l\u0131\u015f konu\u015fmalar\u0131n\u0131n ard\u0131ndan D\u00fcnya Bocce \u015eampiyonas\u0131na kat\u0131lan sporcu, antren\u00f6r ve hakemler ile hat\u0131ra foto\u011fraf\u0131 \u00e7ekimi yap\u0131ld\u0131.<\/p>\n","protected":false},"excerpt":{"rendered":"<p>Valimiz Ali Hamza Pehlivan, Avrupa Kad\u0131nlar Bocce (Volo) \u015eampiyonas\u0131n\u0131n a\u00e7\u0131l\u0131\u015f t\u00f6renine kat\u0131ld\u0131. Vali Pehlivan, Mersin \u0130limizde 30 Ekim \u2013 2 Kas\u0131m 2024 tarihleri aras\u0131nda Toroslar Bocce Salonunda, 11 farkl\u0131 \u00fclkeden 50\u2019ye yak\u0131n sporcunun kat\u0131ld\u0131\u011f\u0131 Avrupa Kad\u0131nlar Bocce (Volo) \u015eampiyonas\u0131\u2019n\u0131n a\u00e7\u0131l\u0131\u015f t\u00f6renine kat\u0131ld\u0131. Sayg\u0131 duru\u015fu ve \u0130stiklal Mar\u015f\u0131m\u0131z\u0131n okunmas\u0131yla ba\u015flayan programda 11 \u00fclkeden gelen tak\u0131mlar birer [&hellip;]<\/p>\n","protected":false},"author":2,"featured_media":36602,"comment_status":"closed","ping_status":"closed","sticky":false,"template":"","format":"standard","meta":{"footnotes":""},"categories":[3,10],"tags":[],"class_list":["post-36601","post","type-post","status-publish","format-standard","has-post-thumbnail","hentry","category-manset","category-spor"],"views":9,"_links":{"self":[{"href":"https:\/\/mersinkadingazetesi.com\/index.php?rest_route=\/wp\/v2\/posts\/36601"}],"collection":[{"href":"https:\/\/mersinkadingazetesi.com\/index.php?rest_route=\/wp\/v2\/posts"}],"about":[{"href":"https:\/\/mersinkadingazetesi.com\/index.php?rest_route=\/wp\/v2\/types\/post"}],"author":[{"embeddable":true,"href":"https:\/\/mersinkadingazetesi.com\/index.php?rest_route=\/wp\/v2\/users\/2"}],"replies":[{"embeddable":true,"href":"https:\/\/mersinkadingazetesi.com\/index.php?rest_route=%2Fwp%2Fv2%2Fcomments&post=36601"}],"version-history":[{"count":1,"href":"https:\/\/mersinkadingazetesi.com\/index.php?rest_route=\/wp\/v2\/posts\/36601\/revisions"}],"predecessor-version":[{"id":36603,"href":"https:\/\/mersinkadingazetesi.com\/index.php?rest_route=\/wp\/v2\/posts\/36601\/revisions\/36603"}],"wp:featuredmedia":[{"embeddable":true,"href":"https:\/\/mersinkadingazetesi.com\/index.php?rest_route=\/wp\/v2\/media\/36602"}],"wp:attachment":[{"href":"https:\/\/mersinkadingazetesi.com\/index.php?rest_route=%2Fwp%2Fv2%2Fmedia&parent=36601"}],"wp:term":[{"taxonomy":"category","embeddable":true,"href":"https:\/\/mersinkadingazetesi.com\/index.php?rest_route=%2Fwp%2Fv2%2Fcategories&post=36601"},{"taxonomy":"post_tag","embeddable":true,"href":"https:\/\/mersinkadingazetesi.com\/index.php?rest_route=%2Fwp%2Fv2%2Ftags&post=36601"}],"curies":[{"name":"wp","href":"https:\/\/api.w.org\/{rel}","templated":true}]}}