{"id":36604,"date":"2024-10-31T13:31:08","date_gmt":"2024-10-31T10:31:08","guid":{"rendered":"https:\/\/mersinkadingazetesi.com\/?p=36604"},"modified":"2024-10-31T13:31:09","modified_gmt":"2024-10-31T10:31:09","slug":"mezitli-belediyesi-kent-lokantasini-cok-yakinda-aciyor","status":"publish","type":"post","link":"https:\/\/mersinkadingazetesi.com\/?p=36604","title":{"rendered":"MEZ\u0130TL\u0130 BELED\u0130YES\u0130 KENT LOKANTASI&#8217;NI \u00c7OK YAKINDA A\u00c7IYOR!"},"content":{"rendered":"\n<p>Mezitli Belediyesi, vatanda\u015flar\u0131n kaliteli, ekonomik ve sa\u011fl\u0131kl\u0131 yemeklere ula\u015fabilmesini sa\u011flamak amac\u0131yla yeni bir sosyal projeyi hayata ge\u00e7iriyor. Mezitli Kent Lokantas\u0131, Behiye \u015eifan Kad\u0131n Konukevi&#8217;nin alt kat\u0131nda yer alacak ve vatanda\u015flara uygun fiyatlarla besleyici yemekler sunacak. Kent Lokantas\u0131, Mezitli&#8217;nin temel ihtiya\u00e7lar\u0131ndan birini kar\u015f\u0131layarak, \u00f6zellikle dar gelirli vatanda\u015flara b\u00fcy\u00fck bir destek sa\u011flamay\u0131 hedefliyor.<\/p>\n\n\n\n<p>Mezitli Belediye Ba\u015fkan\u0131 Ahmet Serkan Tuncer, Kent Lokantas\u0131&#8217;ndaki \u00e7al\u0131\u015fmalar\u0131 yerinde inceleyerek, haz\u0131rl\u0131klar\u0131n b\u00fcy\u00fck bir h\u0131zla devam etti\u011fini belirtti. Tuncer, projenin sosyal belediyecilik anlay\u0131\u015f\u0131 \u00e7er\u00e7evesinde \u00f6nemine vurgu yaparken, ekiplerin en k\u0131sa s\u00fcrede t\u00fcm haz\u0131rl\u0131klar\u0131 tamamlayaca\u011f\u0131n\u0131 ve lokantan\u0131n kap\u0131lar\u0131n\u0131 halka a\u00e7aca\u011f\u0131n\u0131 dile getirdi.<\/p>\n\n\n\n<p>Kent Lokantas\u0131, her g\u00fcn \u00f6zenle haz\u0131rlanm\u0131\u015f sa\u011fl\u0131kl\u0131 men\u00fclerle halk\u0131n sa\u011fl\u0131kl\u0131 beslenme ihtiya\u00e7lar\u0131n\u0131 kar\u015f\u0131lamay\u0131 ama\u00e7l\u0131yor. Mezitli&#8217;nin farkl\u0131 kesimlerinden vatanda\u015flar, hem ekonomik hem de besleyici yemekler sayesinde b\u00fct\u00e7elerine katk\u0131 sa\u011flayacak. Belediye, bu projeyle sosyal dayan\u0131\u015fmay\u0131 g\u00fc\u00e7lendirmeyi, sa\u011fl\u0131kl\u0131 beslenmenin herkes i\u00e7in ula\u015f\u0131labilir olmas\u0131n\u0131 sa\u011flamay\u0131 hedefliyor.<\/p>\n\n\n\n<p><strong>&#8220;MEZ\u0130TL\u0130&#8217;DE KENT LOKANTASI B\u00dcY\u00dcK B\u0130R \u0130HT\u0130YA\u00c7TI&#8221;<\/strong><\/p>\n\n\n\n<p>Ba\u015fkan Ahmet Serkan Tuncer, &#8220;Mezitli Belediyesi olarak, vatanda\u015flar\u0131m\u0131z\u0131n hayat\u0131n\u0131 kolayla\u015ft\u0131racak projeler \u00fcretmeye devam edece\u011fiz. Mezitli&#8217;de bu b\u00fcy\u00fck bir ihtiya\u00e7t\u0131. Kent Lokantas\u0131, sosyal belediyecilik anlay\u0131\u015f\u0131m\u0131z\u0131n bir par\u00e7as\u0131 olarak, her kesimden insan\u0131 ekonomik ve sa\u011fl\u0131kl\u0131 yemeklerle bulu\u015fturacak. Yak\u0131n zamanda hizmete girecek olan bu \u00f6nemli proje i\u00e7in haz\u0131rl\u0131klar\u0131m\u0131z h\u0131z kesmeden devam ediyor.&#8221; dedi<\/p>\n","protected":false},"excerpt":{"rendered":"<p>Mezitli Belediyesi, vatanda\u015flar\u0131n kaliteli, ekonomik ve sa\u011fl\u0131kl\u0131 yemeklere ula\u015fabilmesini sa\u011flamak amac\u0131yla yeni bir sosyal projeyi hayata ge\u00e7iriyor. Mezitli Kent Lokantas\u0131, Behiye \u015eifan Kad\u0131n Konukevi&#8217;nin alt kat\u0131nda yer alacak ve vatanda\u015flara uygun fiyatlarla besleyici yemekler sunacak. Kent Lokantas\u0131, Mezitli&#8217;nin temel ihtiya\u00e7lar\u0131ndan birini kar\u015f\u0131layarak, \u00f6zellikle dar gelirli vatanda\u015flara b\u00fcy\u00fck bir destek sa\u011flamay\u0131 hedefliyor. Mezitli Belediye Ba\u015fkan\u0131 Ahmet [&hellip;]<\/p>\n","protected":false},"author":2,"featured_media":36605,"comment_status":"closed","ping_status":"closed","sticky":false,"template":"","format":"standard","meta":{"footnotes":""},"categories":[3],"tags":[],"class_list":["post-36604","post","type-post","status-publish","format-standard","has-post-thumbnail","hentry","category-manset"],"views":6,"_links":{"self":[{"href":"https:\/\/mersinkadingazetesi.com\/index.php?rest_route=\/wp\/v2\/posts\/36604"}],"collection":[{"href":"https:\/\/mersinkadingazetesi.com\/index.php?rest_route=\/wp\/v2\/posts"}],"about":[{"href":"https:\/\/mersinkadingazetesi.com\/index.php?rest_route=\/wp\/v2\/types\/post"}],"author":[{"embeddable":true,"href":"https:\/\/mersinkadingazetesi.com\/index.php?rest_route=\/wp\/v2\/users\/2"}],"replies":[{"embeddable":true,"href":"https:\/\/mersinkadingazetesi.com\/index.php?rest_route=%2Fwp%2Fv2%2Fcomments&post=36604"}],"version-history":[{"count":1,"href":"https:\/\/mersinkadingazetesi.com\/index.php?rest_route=\/wp\/v2\/posts\/36604\/revisions"}],"predecessor-version":[{"id":36606,"href":"https:\/\/mersinkadingazetesi.com\/index.php?rest_route=\/wp\/v2\/posts\/36604\/revisions\/36606"}],"wp:featuredmedia":[{"embeddable":true,"href":"https:\/\/mersinkadingazetesi.com\/index.php?rest_route=\/wp\/v2\/media\/36605"}],"wp:attachment":[{"href":"https:\/\/mersinkadingazetesi.com\/index.php?rest_route=%2Fwp%2Fv2%2Fmedia&parent=36604"}],"wp:term":[{"taxonomy":"category","embeddable":true,"href":"https:\/\/mersinkadingazetesi.com\/index.php?rest_route=%2Fwp%2Fv2%2Fcategories&post=36604"},{"taxonomy":"post_tag","embeddable":true,"href":"https:\/\/mersinkadingazetesi.com\/index.php?rest_route=%2Fwp%2Fv2%2Ftags&post=36604"}],"curies":[{"name":"wp","href":"https:\/\/api.w.org\/{rel}","templated":true}]}}