{"id":36620,"date":"2024-11-01T12:19:01","date_gmt":"2024-11-01T09:19:01","guid":{"rendered":"https:\/\/mersinkadingazetesi.com\/?p=36620"},"modified":"2024-11-01T12:19:01","modified_gmt":"2024-11-01T09:19:01","slug":"muze-sohbetlerinde-muzelerini-bekleyen-kent-mersin-konusuldu","status":"publish","type":"post","link":"https:\/\/mersinkadingazetesi.com\/?p=36620","title":{"rendered":"M\u00fcze Sohbetlerinde \u201cM\u00fczelerini Bekleyen Kent Mersin\u201d Konu\u015fuldu"},"content":{"rendered":"\n<p>\u00dcniversitemiz Deniz Canl\u0131lar\u0131 M\u00fczesi taraf\u0131ndan d\u00fczenlenen M\u00fcze Sohbetleri\u2019nin be\u015fincisi,&nbsp; 30 Ekim tarihinde \u201cM\u00fczelerini Bekleyen Kent Mersin\u201d ba\u015fl\u0131\u011f\u0131nda ger\u00e7ekle\u015ftirildi. \u00dcniversitemiz G\u00fczel Sanatlar Fak\u00fcltesi Resim B\u00f6l\u00fcm\u00fc \u00f6\u011fretim \u00fcyesi Prof. Nurseren Tor konu\u015fmas\u0131nda, Mersin\u2019in daha fazla m\u00fczeye ihtiyac\u0131 oldu\u011funu ve ge\u00e7mi\u015ften bug\u00fcne kent belle\u011finin korunmas\u0131n\u0131n ancak m\u00fczeler ile sa\u011flanabilece\u011fi s\u00f6yledi.<\/p>\n\n\n\n<p>Etkinli\u011fin a\u00e7\u0131l\u0131\u015f konu\u015fmas\u0131 Su \u00dcr\u00fcnleri Fak\u00fcltesi \u00f6\u011fretim \u00fcyesi ve Deniz Canl\u0131lar\u0131 M\u00fczesi Sorumlusu Prof. Dr. Deniz Ayas taraf\u0131ndan yap\u0131ld\u0131.&nbsp; Prof. Dr. Ayas, m\u00fczelerin ge\u00e7mi\u015fte ya\u015fam\u0131\u015f olan ve mevcut toplumlar\u0131n bilim, sanat, biyo\u00e7e\u015fitlili\u011fe dair \u00f6rnekleri saklamak, korumak, sergilemek, bu s\u0131rada ziyaret\u00e7ileri bilgilendirmek amac\u0131yla olu\u015fturulan kurumlar oldu\u011funu s\u00f6yledi. Prof. Dr. Ayas \u201cArkeoloji, sanat, tarih, do\u011fa tarihi, bilim, askeri m\u00fczeler gibi farkl\u0131 ama\u00e7lar ile \u00f6zelle\u015fmi\u015f m\u00fczeler olsa da, t\u00fcm m\u00fczeler koleksiyon olu\u015fturmak ya da geli\u015ftirmek i\u00e7in benzer \u00e7abalar\u0131 g\u00f6sterirler.\u201d dedi.&nbsp; Prof. Dr. Ayas, Mersin \u00dcniversitesi Deniz Canl\u0131lar\u0131 M\u00fczesi\u2019nin de bir do\u011fa tarihi m\u00fczesi gibi genel bir m\u00fcze mant\u0131\u011f\u0131 ile y\u00f6netildi\u011fini, deniz canl\u0131lar\u0131n\u0131n, fosillerinin ve jeolojik olu\u015fumlar\u0131n\u0131n, k\u0131sacas\u0131 denizlere ait t\u00fcm malzemelerin sakland\u0131\u011f\u0131 ve sergilendi\u011fi bir m\u00fczeye d\u00f6n\u00fc\u015fmeye ba\u015flad\u0131\u011f\u0131n\u0131 kaydetti.&nbsp; Mersin \u00dcniversitesi Deniz Canl\u0131lar\u0131 M\u00fczesi\u2019nin tek g\u00f6revinin sergi yapmak olmad\u0131\u011f\u0131n\u0131 vurgulayan Prof. Dr. Ayas, denizel canl\u0131lar\u0131 korumak, bilimsel \u00e7al\u0131\u015fmalar yapmak, a\u011f\u0131rl\u0131kl\u0131 olarak \u00f6\u011frencilerden olu\u015fan ziyaret\u00e7ilerine do\u011fa koruma bilinci kazand\u0131rmak i\u00e7in e\u011fitimler, sergiler, konferanslar d\u00fczenlemek, etkinlikler ger\u00e7ekle\u015ftirmek misyonunu \u00fcstlendiklerini s\u00f6yledi.&nbsp;<\/p>\n\n\n\n<p>Prof. Tor: \u201cMersin\u2019de Sanat Galerilerine \u0130htiya\u00e7 Var\u201d<\/p>\n\n\n\n<p>Prof. Nurseren Tor, m\u00fczelerin bir kurum olarak sanat m\u00fczesinin olu\u015fum s\u00fcrecinde \u00f6nc\u00fc bir rol oynad\u0131\u011f\u0131n\u0131 ve koleksiyonlar arac\u0131l\u0131\u011f\u0131yla ara\u015ft\u0131rma, \u00f6\u011fretim ve mesleki e\u011fitimi geli\u015ftirmeyi te\u015fvik etti\u011fini ifade etti.&nbsp; Prof. Tor \u201cSanat m\u00fczesi veya sanat galerisi, ba\u015fta g\u00f6rsel sanatlar olmak \u00fczere, her t\u00fcrl\u00fc sanat sergisinin ger\u00e7ekle\u015ftirildi\u011fi mek\u00e2nlara verilen ortak isimdir. Sanat m\u00fczeleri sadece kamu kurulu\u015flar\u0131nda yer almaz ayn\u0131 zamanda \u00f6zel kurulu\u015flar veya vak\u0131flar\u0131n da sanat galerileri de olabilir. Mersin\u2019de sanat galerilerine ihtiya\u00e7 var.&nbsp; Asl\u0131nda \u00e7ok say\u0131da tarihi mek\u00e2n, bu ama\u00e7la restore edilip kullan\u0131labilir.\u201d dedi.<\/p>\n\n\n\n<p>Mersin kenti i\u00e7erisinde bug\u00fcn korunmas\u0131 gereken \u00e7ok say\u0131da eserin bulundu\u011funu bu eserlerin korunmas\u0131 ve envanterinin tutulmas\u0131 i\u00e7in m\u00fczelere ve sanat galerilerine ihtiya\u00e7 bulundu\u011funu ifade eden Prof. Nurseren Tor, manevi, sembolik, belgesel, dekoratif ve i\u015flevsel ama\u00e7lar i\u00e7in yap\u0131lan ve g\u00f6rsel esteti\u011fin \u00f6n planda oldu\u011fu eserlerin, kentin haf\u0131zas\u0131n\u0131 olu\u015fturdu\u011funu ve bu nedenle bunlar\u0131n korunmas\u0131n\u0131n kentin korumas\u0131yla e\u015fde\u011fer oldu\u011funu belirtti.<\/p>\n\n\n\n<p>Etkinlik sonunda Prof. Nurseren Tor\u2019a, Su \u00dcr\u00fcnleri Fak\u00fcltesi Dekan Yard\u0131mc\u0131m\u0131z Prof. Dr. Fahri Karayakar taraf\u0131ndan te\u015fekk\u00fcr belgesi takdim edildi.<\/p>\n","protected":false},"excerpt":{"rendered":"<p>\u00dcniversitemiz Deniz Canl\u0131lar\u0131 M\u00fczesi taraf\u0131ndan d\u00fczenlenen M\u00fcze Sohbetleri\u2019nin be\u015fincisi,&nbsp; 30 Ekim tarihinde \u201cM\u00fczelerini Bekleyen Kent Mersin\u201d ba\u015fl\u0131\u011f\u0131nda ger\u00e7ekle\u015ftirildi. \u00dcniversitemiz G\u00fczel Sanatlar Fak\u00fcltesi Resim B\u00f6l\u00fcm\u00fc \u00f6\u011fretim \u00fcyesi Prof. Nurseren Tor konu\u015fmas\u0131nda, Mersin\u2019in daha fazla m\u00fczeye ihtiyac\u0131 oldu\u011funu ve ge\u00e7mi\u015ften bug\u00fcne kent belle\u011finin korunmas\u0131n\u0131n ancak m\u00fczeler ile sa\u011flanabilece\u011fi s\u00f6yledi. Etkinli\u011fin a\u00e7\u0131l\u0131\u015f konu\u015fmas\u0131 Su \u00dcr\u00fcnleri Fak\u00fcltesi \u00f6\u011fretim \u00fcyesi [&hellip;]<\/p>\n","protected":false},"author":2,"featured_media":36621,"comment_status":"closed","ping_status":"closed","sticky":false,"template":"","format":"standard","meta":{"footnotes":""},"categories":[1,2,3],"tags":[],"class_list":["post-36620","post","type-post","status-publish","format-standard","has-post-thumbnail","hentry","category-genel","category-gundem","category-manset"],"views":2,"_links":{"self":[{"href":"https:\/\/mersinkadingazetesi.com\/index.php?rest_route=\/wp\/v2\/posts\/36620"}],"collection":[{"href":"https:\/\/mersinkadingazetesi.com\/index.php?rest_route=\/wp\/v2\/posts"}],"about":[{"href":"https:\/\/mersinkadingazetesi.com\/index.php?rest_route=\/wp\/v2\/types\/post"}],"author":[{"embeddable":true,"href":"https:\/\/mersinkadingazetesi.com\/index.php?rest_route=\/wp\/v2\/users\/2"}],"replies":[{"embeddable":true,"href":"https:\/\/mersinkadingazetesi.com\/index.php?rest_route=%2Fwp%2Fv2%2Fcomments&post=36620"}],"version-history":[{"count":1,"href":"https:\/\/mersinkadingazetesi.com\/index.php?rest_route=\/wp\/v2\/posts\/36620\/revisions"}],"predecessor-version":[{"id":36622,"href":"https:\/\/mersinkadingazetesi.com\/index.php?rest_route=\/wp\/v2\/posts\/36620\/revisions\/36622"}],"wp:featuredmedia":[{"embeddable":true,"href":"https:\/\/mersinkadingazetesi.com\/index.php?rest_route=\/wp\/v2\/media\/36621"}],"wp:attachment":[{"href":"https:\/\/mersinkadingazetesi.com\/index.php?rest_route=%2Fwp%2Fv2%2Fmedia&parent=36620"}],"wp:term":[{"taxonomy":"category","embeddable":true,"href":"https:\/\/mersinkadingazetesi.com\/index.php?rest_route=%2Fwp%2Fv2%2Fcategories&post=36620"},{"taxonomy":"post_tag","embeddable":true,"href":"https:\/\/mersinkadingazetesi.com\/index.php?rest_route=%2Fwp%2Fv2%2Ftags&post=36620"}],"curies":[{"name":"wp","href":"https:\/\/api.w.org\/{rel}","templated":true}]}}