{"id":36624,"date":"2024-11-01T12:58:02","date_gmt":"2024-11-01T09:58:02","guid":{"rendered":"https:\/\/mersinkadingazetesi.com\/?p=36624"},"modified":"2024-11-01T12:58:04","modified_gmt":"2024-11-01T09:58:04","slug":"halkin-iradesine-saygi-duyun","status":"publish","type":"post","link":"https:\/\/mersinkadingazetesi.com\/?p=36624","title":{"rendered":"&#8220;HALKIN \u0130RADES\u0130NE SAYGI DUYUN&#8221;"},"content":{"rendered":"\n<p>Esenyurt Belediye Ba\u015fkan\u0131 Ahmet \u00d6zer&#8217;in evinden g\u00f6zalt\u0131na al\u0131narak tutuklanmas\u0131 ve yerine kayyum atanmas\u0131na ili\u015fkin Mersin Barosu ile birlikte 38 baro ortak a\u00e7\u0131klama yay\u0131mlad\u0131. &#8220;Kayyum uygulamas\u0131 demokrasiye ayk\u0131r\u0131d\u0131r&#8221; ba\u015fl\u0131\u011f\u0131yla yap\u0131lan a\u00e7\u0131klamada, &#8220;Halk\u0131n iradesine sayg\u0131 duyun&#8221; denildi.&nbsp;<\/p>\n\n\n\n<p>&#8220;ANAYASA&#8217;YA VE ULUSLARARASI S\u00d6ZLE\u015eMELERE AYKIRIDIR&#8221;<\/p>\n\n\n\n<p>38 baro taraf\u0131ndan yap\u0131lan ortak yaz\u0131l\u0131 a\u00e7\u0131klamada, &#8220;\u0130stanbul ili Esenyurt il\u00e7esi Belediye Ba\u015fkan\u0131 Prof. Dr. Ahmet \u00d6zer hakk\u0131nda verilen tutuklama karar\u0131 sonras\u0131nda Belediye Kanunu&#8217;nun 47. maddesi uyar\u0131nca, \u0130\u00e7i\u015fleri Bakanl\u0131\u011f\u0131 taraf\u0131ndan g\u00f6revden uzakla\u015ft\u0131r\u0131l\u0131p Belediye Kanunu&#8217;nun 45. ve 46. maddeleri uyar\u0131nca, \u0130stanbul Valili\u011fi taraf\u0131ndan ba\u015fkanl\u0131k g\u00f6revine kayyum atanm\u0131\u015ft\u0131r.<\/p>\n\n\n\n<p>Temsil etti\u011fi makam itibariyle davet \u00fczerine ifade vermeye gidebilece\u011fi m\u00fcmk\u00fcn iken g\u00f6zalt\u0131na al\u0131nmas\u0131, delillerin karart\u0131lmas\u0131 ve ka\u00e7ma \u015f\u00fcphesi bulunmad\u0131\u011f\u0131 halde hakk\u0131nda tutuklama karar\u0131 verilmesi \u00f6l\u00e7\u00fcs\u00fcz koruma tedbirleri olup hukuka ayk\u0131r\u0131d\u0131r. Konuyla ilgili yap\u0131lan soru\u015fturma i\u015flem ve uygulamalar\u0131; Anayasa&#8217;ya ve T\u00fcrkiye&#8217;nin taraf oldu\u011fu uluslararas\u0131 s\u00f6zle\u015fmelere a\u00e7\u0131k\u00e7a ve \u00e7ok y\u00f6nl\u00fc olarak ayk\u0131r\u0131d\u0131r. Arama, g\u00f6zalt\u0131 ve tutuklama i\u015flemleri Anayasan\u0131n 2, 19, 20, 127 ve 138. maddelerini ihlal etmi\u015f bulunmaktad\u0131r&#8221; denildi.&nbsp;<\/p>\n\n\n\n<p>&#8220;KAYYUM \u0130\u015eLEM\u0130NE SON VER\u0130N&#8221;<\/p>\n\n\n\n<p>&#8220;Demokrasinin en \u00f6nemli unsuru olan se\u00e7me hakk\u0131n\u0131n kullan\u0131m\u0131 sonucunda ortaya \u00e7\u0131kan halk iradesine kayyum atanmas\u0131 demokratik de\u011ferler a\u00e7\u0131s\u0131ndan b\u00fcy\u00fck bir ihlali ifade etmektedir&#8221; denilen a\u00e7\u0131klamada \u015fu ifadelere yer verildi: &#8220;Kayyum uygulamas\u0131, demokratik hukuk devleti ilkesi ile yerel demokrasiye a\u00e7\u0131k\u00e7a ayk\u0131r\u0131d\u0131r. Kayyum uygulamas\u0131n\u0131n T\u00fcrkiye demokrasisine verdi\u011fi hasarlar haf\u0131zam\u0131zda yerini korur iken, yeniden bu yola ba\u015fvurulmas\u0131 kabul edilemezdir. Kayyum uygulamas\u0131n\u0131n yasal olu\u015fu: Anayasaya ayk\u0131r\u0131 olu\u015funu, hukuksal ve toplumsal me\u015fruiyetsizli\u011fini ortadan kald\u0131rmamaktad\u0131r.<\/p>\n\n\n\n<p>Biz a\u015fa\u011f\u0131da imzas\u0131 olan barolar; Esenyurt Belediye Ba\u015fkan\u0131 Ahmet \u00d6zer&#8217;e uygulanan tutuklama tedbirinin orant\u0131s\u0131z oldu\u011funu, y\u00fcr\u00fct\u00fclen hukuksal s\u00fcrecin adil yarg\u0131lanma ve lekelenmeme hakk\u0131na riayet edilerek y\u00fcr\u00fct\u00fclmesi gerekti\u011fini belirterek kayyum i\u015flemine son verilmesi \u00e7a\u011fr\u0131s\u0131nda bulunuyoruz.&#8221;&nbsp;<\/p>\n","protected":false},"excerpt":{"rendered":"<p>Esenyurt Belediye Ba\u015fkan\u0131 Ahmet \u00d6zer&#8217;in evinden g\u00f6zalt\u0131na al\u0131narak tutuklanmas\u0131 ve yerine kayyum atanmas\u0131na ili\u015fkin Mersin Barosu ile birlikte 38 baro ortak a\u00e7\u0131klama yay\u0131mlad\u0131. &#8220;Kayyum uygulamas\u0131 demokrasiye ayk\u0131r\u0131d\u0131r&#8221; ba\u015fl\u0131\u011f\u0131yla yap\u0131lan a\u00e7\u0131klamada, &#8220;Halk\u0131n iradesine sayg\u0131 duyun&#8221; denildi.&nbsp; &#8220;ANAYASA&#8217;YA VE ULUSLARARASI S\u00d6ZLE\u015eMELERE AYKIRIDIR&#8221; 38 baro taraf\u0131ndan yap\u0131lan ortak yaz\u0131l\u0131 a\u00e7\u0131klamada, &#8220;\u0130stanbul ili Esenyurt il\u00e7esi Belediye Ba\u015fkan\u0131 Prof. Dr. [&hellip;]<\/p>\n","protected":false},"author":2,"featured_media":36625,"comment_status":"closed","ping_status":"closed","sticky":false,"template":"","format":"standard","meta":{"footnotes":""},"categories":[34,3],"tags":[],"class_list":["post-36624","post","type-post","status-publish","format-standard","has-post-thumbnail","hentry","category-flas-haber","category-manset"],"views":2,"_links":{"self":[{"href":"https:\/\/mersinkadingazetesi.com\/index.php?rest_route=\/wp\/v2\/posts\/36624"}],"collection":[{"href":"https:\/\/mersinkadingazetesi.com\/index.php?rest_route=\/wp\/v2\/posts"}],"about":[{"href":"https:\/\/mersinkadingazetesi.com\/index.php?rest_route=\/wp\/v2\/types\/post"}],"author":[{"embeddable":true,"href":"https:\/\/mersinkadingazetesi.com\/index.php?rest_route=\/wp\/v2\/users\/2"}],"replies":[{"embeddable":true,"href":"https:\/\/mersinkadingazetesi.com\/index.php?rest_route=%2Fwp%2Fv2%2Fcomments&post=36624"}],"version-history":[{"count":1,"href":"https:\/\/mersinkadingazetesi.com\/index.php?rest_route=\/wp\/v2\/posts\/36624\/revisions"}],"predecessor-version":[{"id":36626,"href":"https:\/\/mersinkadingazetesi.com\/index.php?rest_route=\/wp\/v2\/posts\/36624\/revisions\/36626"}],"wp:featuredmedia":[{"embeddable":true,"href":"https:\/\/mersinkadingazetesi.com\/index.php?rest_route=\/wp\/v2\/media\/36625"}],"wp:attachment":[{"href":"https:\/\/mersinkadingazetesi.com\/index.php?rest_route=%2Fwp%2Fv2%2Fmedia&parent=36624"}],"wp:term":[{"taxonomy":"category","embeddable":true,"href":"https:\/\/mersinkadingazetesi.com\/index.php?rest_route=%2Fwp%2Fv2%2Fcategories&post=36624"},{"taxonomy":"post_tag","embeddable":true,"href":"https:\/\/mersinkadingazetesi.com\/index.php?rest_route=%2Fwp%2Fv2%2Ftags&post=36624"}],"curies":[{"name":"wp","href":"https:\/\/api.w.org\/{rel}","templated":true}]}}