{"id":36627,"date":"2024-11-01T13:28:59","date_gmt":"2024-11-01T10:28:59","guid":{"rendered":"https:\/\/mersinkadingazetesi.com\/?p=36627"},"modified":"2024-11-01T13:29:00","modified_gmt":"2024-11-01T10:29:00","slug":"mersin-barosu-atanin-huzurunda","status":"publish","type":"post","link":"https:\/\/mersinkadingazetesi.com\/?p=36627","title":{"rendered":"MERS\u0130N BAROSU ATA&#8217;NIN HUZURUNDA"},"content":{"rendered":"\n<p>Mersin Barosu Ba\u015fkan\u0131 Av. Gazi \u00d6zdemir,&nbsp;2024-2026 d\u00f6nemi Mersin Barosu Ba\u015fkanl\u0131\u011f\u0131 g\u00f6revine yeniden se\u00e7ilmesi nedeniyle, ba\u015fkanl\u0131k divan\u0131, y\u00f6netim kurulu \u00fcyeleri, disiplin ve denetleme kurulu ve T\u00fcrkiye Barolar Birli\u011fi delegeleri ile birlikte An\u0131tkabir&#8217;i ziyaret ederek, Ata&#8217;n\u0131n huzuruna \u00e7\u0131kt\u0131.<\/p>\n\n\n\n<p>B\u00fcy\u00fck \u00d6nder Atat\u00fcrk&#8217;\u00fcn mozolesine \u00e7elenk b\u0131rakan Mersin Barosu y\u00f6netimi, sayg\u0131 duru\u015funda bulunduktan sonra Misak-\u0131 Milli Kulesi&#8217;ne ge\u00e7ti. Duygu ve d\u00fc\u015f\u00fcncelerini kaleme alan Baro Ba\u015fkan\u0131 \u00d6zdemir An\u0131tkabir \u00d6zel Defterine \u015funlar\u0131 yazd\u0131:<\/p>\n\n\n\n<p>&#8220;Cumhuriyetimizin aziz kurucusu,<\/p>\n\n\n\n<p>\u00d6zg\u00fcrl\u00fc\u011f\u00fcm\u00fcz\u00fcn ve ba\u011f\u0131ms\u0131zl\u0131\u011f\u0131m\u0131z\u0131n mimar\u0131,<\/p>\n\n\n\n<p>Gazi Mustafa Kemal ATAT\u00dcRK;<\/p>\n\n\n\n<p>Mersin Barosu Ba\u015fkan\u0131, y\u00f6netim kurulu \u00fcyeleri, TBB delegeleri, disiplin kurulu ve denetleme kurulu \u00fcyeleri olarak, 13.10.2024 tarihinde se\u00e7ilmemiz vesilesiyle manevi huzurunuzda bulunmam\u0131z\u0131n sevin\u00e7 ve gururu i\u00e7indeyiz.<\/p>\n\n\n\n<p>Sizin, &#8220;Muas\u0131r medeniyetler seviyesinin \u00fczerine \u00e7\u0131kma&#8221; hedefiniz, bizim de hedefimizdir.<\/p>\n\n\n\n<p>E\u015fsiz fikir ve m\u00fccadelenizle, T\u00fcrkiye Cumhuriyeti Devleti vatanda\u015flar\u0131na arma\u011fan etti\u011finiz, en b\u00fcy\u00fck eseriniz olan Cumhuriyeti, istiklal ve ba\u011f\u0131ms\u0131zl\u0131\u011f\u0131 ilelebet ya\u015fatmak i\u00e7in Sizin \u0131\u015f\u0131\u011f\u0131n\u0131zda yol alan avukatlar olarak; hukuk, adalet ve \u00f6zg\u00fcrl\u00fck m\u00fccadelesi vermeye devam edece\u011fimize, Cumhuriyetimizin 101. y\u0131l\u0131nda bir kez daha s\u00f6z veriyoruz.<\/p>\n\n\n\n<p>Aziz Atam; Laik hukuk devleti, ba\u011f\u0131ms\u0131z ve tarafs\u0131z yarg\u0131, insan haklar\u0131, kad\u0131n-erkek e\u015fitli\u011fi m\u00fccadelesini s\u00fcrd\u00fcrmek, s\u0131rt\u0131m\u0131zdaki onurlu c\u00fcbbemizin bizlere verdi\u011fi en kutsal vazifedir. Gelece\u011fe hukuk devleti b\u0131rakmak, insanl\u0131\u011f\u0131 adalet ve bar\u0131\u015f i\u00e7inde ya\u015fatmak, biz avukatlar\u0131n onurlu m\u00fccadelesidir.<\/p>\n\n\n\n<p>Bug\u00fcn bizler, Cumhuriyetin fikri h\u00fcr, vicdan\u0131 h\u00fcr, irfan\u0131 h\u00fcr evlatlar\u0131 olarak verdi\u011fimiz t\u00fcm m\u00fccadelelerde Sizden ilham al\u0131yoruz. Yolumuzu ayd\u0131nlatan, ilke ve devrimlerinizdir.<\/p>\n\n\n\n<p>Cumhuriyetimizin 101. y\u0131l\u0131nda Mersin Barosu avukatlar\u0131, y\u00f6netimi ve kurullar\u0131 olarak Sizi bir kez daha sevgi, \u015f\u00fckran ve \u00f6zlemle an\u0131yor, aziz hat\u0131ran\u0131z \u00f6n\u00fcnde sayg\u0131yla e\u011filiyoruz.&#8221;<\/p>\n","protected":false},"excerpt":{"rendered":"<p>Mersin Barosu Ba\u015fkan\u0131 Av. Gazi \u00d6zdemir,&nbsp;2024-2026 d\u00f6nemi Mersin Barosu Ba\u015fkanl\u0131\u011f\u0131 g\u00f6revine yeniden se\u00e7ilmesi nedeniyle, ba\u015fkanl\u0131k divan\u0131, y\u00f6netim kurulu \u00fcyeleri, disiplin ve denetleme kurulu ve T\u00fcrkiye Barolar Birli\u011fi delegeleri ile birlikte An\u0131tkabir&#8217;i ziyaret ederek, Ata&#8217;n\u0131n huzuruna \u00e7\u0131kt\u0131. B\u00fcy\u00fck \u00d6nder Atat\u00fcrk&#8217;\u00fcn mozolesine \u00e7elenk b\u0131rakan Mersin Barosu y\u00f6netimi, sayg\u0131 duru\u015funda bulunduktan sonra Misak-\u0131 Milli Kulesi&#8217;ne ge\u00e7ti. Duygu ve [&hellip;]<\/p>\n","protected":false},"author":2,"featured_media":36628,"comment_status":"closed","ping_status":"closed","sticky":false,"template":"","format":"standard","meta":{"footnotes":""},"categories":[3],"tags":[],"class_list":["post-36627","post","type-post","status-publish","format-standard","has-post-thumbnail","hentry","category-manset"],"views":9,"_links":{"self":[{"href":"https:\/\/mersinkadingazetesi.com\/index.php?rest_route=\/wp\/v2\/posts\/36627"}],"collection":[{"href":"https:\/\/mersinkadingazetesi.com\/index.php?rest_route=\/wp\/v2\/posts"}],"about":[{"href":"https:\/\/mersinkadingazetesi.com\/index.php?rest_route=\/wp\/v2\/types\/post"}],"author":[{"embeddable":true,"href":"https:\/\/mersinkadingazetesi.com\/index.php?rest_route=\/wp\/v2\/users\/2"}],"replies":[{"embeddable":true,"href":"https:\/\/mersinkadingazetesi.com\/index.php?rest_route=%2Fwp%2Fv2%2Fcomments&post=36627"}],"version-history":[{"count":1,"href":"https:\/\/mersinkadingazetesi.com\/index.php?rest_route=\/wp\/v2\/posts\/36627\/revisions"}],"predecessor-version":[{"id":36629,"href":"https:\/\/mersinkadingazetesi.com\/index.php?rest_route=\/wp\/v2\/posts\/36627\/revisions\/36629"}],"wp:featuredmedia":[{"embeddable":true,"href":"https:\/\/mersinkadingazetesi.com\/index.php?rest_route=\/wp\/v2\/media\/36628"}],"wp:attachment":[{"href":"https:\/\/mersinkadingazetesi.com\/index.php?rest_route=%2Fwp%2Fv2%2Fmedia&parent=36627"}],"wp:term":[{"taxonomy":"category","embeddable":true,"href":"https:\/\/mersinkadingazetesi.com\/index.php?rest_route=%2Fwp%2Fv2%2Fcategories&post=36627"},{"taxonomy":"post_tag","embeddable":true,"href":"https:\/\/mersinkadingazetesi.com\/index.php?rest_route=%2Fwp%2Fv2%2Ftags&post=36627"}],"curies":[{"name":"wp","href":"https:\/\/api.w.org\/{rel}","templated":true}]}}