{"id":36630,"date":"2024-11-01T13:30:16","date_gmt":"2024-11-01T10:30:16","guid":{"rendered":"https:\/\/mersinkadingazetesi.com\/?p=36630"},"modified":"2024-11-01T13:30:17","modified_gmt":"2024-11-01T10:30:17","slug":"siyasi-iktidar-teror-sopasini-kullaniyorsa-hukuk-devletinden-bahsedilemez","status":"publish","type":"post","link":"https:\/\/mersinkadingazetesi.com\/?p=36630","title":{"rendered":"&#8220;S\u0130YAS\u0130 \u0130KT\u0130DAR, &#8216;TER\u00d6R SOPASINI&#8217; KULLANIYORSA HUKUK DEVLET\u0130NDEN BAHSED\u0130LEMEZ&#8221;"},"content":{"rendered":"\n<p>Mersin B\u00fcy\u00fck\u015fehir Belediye Ba\u015fkan\u0131 Vahap Se\u00e7er,&nbsp;<strong>&#8216;3. Uluslararas\u0131 Tarsus Festivali&#8217;<\/strong>&nbsp;kapsam\u0131ndaKAFA Radyo&#8217;da yay\u0131nlanan&nbsp;<strong>&#8216;G\u00fc\u00e7l\u00fc Mete \u0130le Kripto Odas\u0131&#8217;<\/strong>&nbsp;program\u0131n\u0131n canl\u0131 yay\u0131n konu\u011fu oldu. Mersin&#8217;in k\u00fclt\u00fcrel yap\u0131s\u0131ndan T\u00fcrkiye g\u00fcndemine kadar konular\u0131n konu\u015fuldu\u011fu canl\u0131 yay\u0131n Tarsus K\u00fclt\u00fcr Park&#8217;ta ger\u00e7ekle\u015ftirildi.<\/p>\n\n\n\n<p>Mersin \u00f6zelinde yapt\u0131\u011f\u0131 a\u00e7\u0131klamalar\u0131n yan\u0131 s\u0131ra T\u00fcrkiye g\u00fcndemiyle ilgili de konulara de\u011finen Ba\u015fkan Se\u00e7er, yarg\u0131 sistemi ve kamu kaynaklar\u0131n\u0131n kullan\u0131m\u0131yla ilgili de ele\u015ftirilerde bulundu.<\/p>\n\n\n\n<p><strong>&#8220;Tarsus dolu dolu 3 g\u00fcn ya\u015fayacak&#8221;<\/strong><\/p>\n\n\n\n<p>Tarsus&#8217;un tarihi ve k\u00fclt\u00fcrel birikimi olan kadim bir kent oldu\u011funu s\u00f6yleyen Se\u00e7er, Tarsus&#8217;un g\u00fczelliklerini ve birikimlerini ortaya \u00e7\u0131karmak i\u00e7in ger\u00e7ekle\u015ftirdikleri 3. Uluslararas\u0131 Tarsus Festivali&#8217;nde kat\u0131l\u0131mc\u0131lar\u0131n birbirinden g\u00fczel etkinliklerle bulu\u015faca\u011f\u0131n\u0131 s\u00f6yledi. Festivalin her y\u0131l daha da g\u00fczelle\u015fti\u011fini belirten Se\u00e7er,<strong>&nbsp;&#8220;Tarihin izinde, efsaneler i\u00e7inde, sokaklar\u0131 tarih kokan Tarsus&#8217;ta dolu dolu 3 g\u00fcn olacak&#8221;<\/strong>&nbsp;dedi. Ak\u015fam saat 17.15&#8217;de ger\u00e7ekle\u015fecek kortej ile festivale muhte\u015fem bir a\u00e7\u0131l\u0131\u015f yapacaklar\u0131n\u0131 s\u00f6yleyen Se\u00e7er, t\u00fcm T\u00fcrkiye&#8217;den yurtta\u015flar\u0131 Tarsus&#8217;a davet etti.<\/p>\n\n\n\n<p><strong>&#8220;T\u00fcrkiye&#8217;nin en b\u00fcy\u00fck sorunlar\u0131ndan bir tanesi kamu kaynaklar\u0131n\u0131n israf edilmesidir&#8221;<\/strong><\/p>\n\n\n\n<p>Yay\u0131nda, \u00fclke g\u00fcndemiyle ilgili de de\u011ferlendirmelerde bulunan Se\u00e7er, T\u00fcrkiye&#8217;nin en b\u00fcy\u00fck sorunlar\u0131ndan bir tanesinin kaynak israf\u0131 oldu\u011funu kaydederek,&nbsp;<strong>&#8220;T\u00fcrkiye&#8217;nin en b\u00fcy\u00fck sorunlar\u0131ndan bir tanesi de kamu kaynaklar\u0131n\u0131n israf edilmesidir. Bilin\u00e7siz yat\u0131r\u0131mlar kenti olumsuz etkiliyor. Bir proje yap\u0131lmadan \u00f6nce toplumsal geri d\u00f6n\u00fc\u015f\u00fc d\u00fc\u015f\u00fcn\u00fclmek zorundad\u0131r&#8221;<\/strong>&nbsp;diye konu\u015ftu. Kamu kaynaklar\u0131n\u0131n vatanda\u015f\u0131n katk\u0131s\u0131yla olu\u015fturuldu\u011funun da alt\u0131n\u0131 \u00e7izen Se\u00e7er, kaynaklarla yap\u0131lan yat\u0131r\u0131mlar\u0131n halk yarar\u0131 d\u00fc\u015f\u00fcn\u00fclerek yap\u0131lmas\u0131 gerekti\u011fini alt\u0131n\u0131 \u00e7izdi.<\/p>\n\n\n\n<p><strong>Se\u00e7er: &#8220;Son 20 y\u0131lda ya\u015fanan olaylar, hepimizin yarg\u0131ya olan bak\u0131\u015f a\u00e7\u0131s\u0131n\u0131 de\u011fi\u015ftirdi&#8221;<\/strong><\/p>\n\n\n\n<p>\u00dclkede \u00f6zellikle son y\u0131llarda ya\u015fanan olaylardan sonra vatanda\u015flar\u0131n hukuk devletine olan inanc\u0131n\u0131n sars\u0131ld\u0131\u011f\u0131n\u0131 ve g\u00fcven problemi ya\u015fad\u0131\u011f\u0131n\u0131 dile getiren Se\u00e7er, parlamenter rejimden Cumhurba\u015fkanl\u0131\u011f\u0131 H\u00fck\u00fcmet Sistemine ge\u00e7i\u015fle birlikte yarg\u0131 sisteminde ya\u015fanan de\u011fi\u015fikliklere dikkat \u00e7ekti. Se\u00e7er,<strong>&nbsp;&#8220;Ben mahkemelerin her verdi\u011fi karar yanl\u0131\u015ft\u0131r demiyorum ama Cumhurba\u015fkanl\u0131\u011f\u0131 h\u00fck\u00fcmet sistemi ile birlikte siyaset her \u015feyin \u00fczerine ge\u00e7ti ve T\u00fcrkiye&#8217;de denge denetimini ortadan kald\u0131rd\u0131. Parlamenter sistem ortadan kalk\u0131nca;&nbsp;<em>&#8216;Tek adam rejimi&#8217;<\/em>&nbsp;ile bir saraydan veya bir ki\u015fi taraf\u0131ndan y\u00f6netilen bir rejim ortaya \u00e7\u0131kt\u0131. Bu rejimde verilen kararlar\u0131n yasalara veya Anayasa uygun olup olmad\u0131\u011f\u0131n\u0131n yarg\u0131 taraf\u0131ndan denetlenmesi gerekiyor. Bu kararlar\u0131 veren Cumhurba\u015fkan\u0131 y\u00fcksek yarg\u0131y\u0131 belirliyor. \u00d6nceden b\u00f6yle de\u011fildi&#8221;&nbsp;<\/strong>ifadelerini kulland\u0131.<\/p>\n\n\n\n<p><strong>&#8220;Kendilerinin de ya\u015fam\u0131\u015fl\u0131klar\u0131 var ama ayn\u0131 olay\u0131 ba\u015fkas\u0131 ya\u015fay\u0131nca muamele farkl\u0131 oluyor&#8221;<\/strong><\/p>\n\n\n\n<p>\u0130stanbul Esenyurt Belediye Ba\u015fkan\u0131 Ahmet \u00d6zer&#8217;in tutuklanmas\u0131yla ilgili konu\u015fan Se\u00e7er,&nbsp;<strong>&#8220;G\u00fcvendi\u011finiz bir yarg\u0131 sistemi yoksa \u00fclkenizde art\u0131k hukuk devleti diyebilece\u011finiz anlay\u0131\u015f ortadan kalkt\u0131\u011f\u0131na inan\u0131yorsan\u0131z, b\u00f6yle bir g\u00fcven bunal\u0131m\u0131 ya\u015f\u0131yorsan\u0131z art\u0131k bu konuda her \u015fey konu\u015fulabilir&#8221;<\/strong>&nbsp;dedi. \u00d6zer&#8217;in g\u00f6zalt\u0131na al\u0131n\u0131\u015f \u015fekline kar\u015f\u0131 \u00e7\u0131kan Se\u00e7er,&nbsp;<strong>&#8220;Se\u00e7imlere giderken su\u00e7 olmayan baz\u0131 eylem ve i\u015flemler bir g\u00fcn su\u00e7 olarak ortaya konuyor. Ard\u0131ndan tutuklama karar\u0131 \u00e7\u0131kar\u0131l\u0131yor. Kayyum atamak neyin nesidir? Meclis herhangi bir nedenden g\u00f6revinden ayr\u0131lan bir belediye ba\u015fkan yerine Meclisten birini se\u00e7er, bu b\u00f6yledir. Say\u0131n Erdo\u011fan&#8217;\u0131n da ba\u015f\u0131na geldi. Kayy\u0131m atanmad\u0131 \u0130stanbul B\u00fcy\u00fck\u015fehir Belediyesi&#8217;ne hatta o d\u00f6nemin Anavatan Partisinin deste\u011fiyle yine Refah Partisi grubundan bir siyaset\u00e7i belediye ba\u015fkan\u0131 oldu. Ya\u015fanm\u0131\u015fl\u0131k var, kendilerinin ya\u015fad\u0131klar\u0131 var ama ayn\u0131 olay\u0131 ya\u015fayan ba\u015fkas\u0131 olunca muamelede farkl\u0131 oluyor&#8221;<\/strong>&nbsp;diye konu\u015ftu.<\/p>\n\n\n\n<p><strong>&#8220;Siyasi iktidar, &#8216;ter\u00f6r sopas\u0131n\u0131&#8217; kullan\u0131yorsa hukuk devletinden bahsedilemez&#8221;<\/strong><\/p>\n\n\n\n<p>Se\u00e7er, konu\u015fmas\u0131n\u0131,&nbsp;<strong>&#8220;Biz ter\u00f6re kar\u015f\u0131y\u0131z. Ama siyasi iktidar varl\u0131\u011f\u0131n\u0131 devam ettirebilmek i\u00e7in kendisine rakip ve engel olarak g\u00f6rd\u00fc\u011f\u00fc siyasi rakiplerine ter\u00f6r sopas\u0131n\u0131 g\u00f6stererek, yarg\u0131y\u0131 ya da devletin kurumlar\u0131n\u0131 bir manivela olarak kullanarak onlar\u0131 derdest etme yoluna gitti\u011fi zaman orada hukuk devletinden bahsedemezsiniz. Ter\u00f6rle m\u00fccadele \u015fartt\u0131r, \u00fclkemizde ter\u00f6r hepimizin reddetti\u011fi bir konudur. Bu ter\u00f6r bitecekse hep beraber bitirelim. Siyaset \u00fcst\u00fc g\u00f6relim ama siyasi iktidar\u0131n da bunu ortaya koyarak baz\u0131 operasyonlar yapmas\u0131na kar\u015f\u0131 da bizden kimse susmam\u0131z\u0131 bekleyemez&#8221;<\/strong>&nbsp;c\u00fcmleleriyle s\u00fcrd\u00fcrd\u00fc.<\/p>\n\n\n\n<p><strong>&#8220;Biz korkmadan ve siyasi ikbal kayg\u0131s\u0131 ya\u015famadan do\u011frular\u0131 s\u00f6ylemeye devam edece\u011fiz&#8221;<\/strong><\/p>\n\n\n\n<p>MHP Genel Ba\u015fkan\u0131 Devlet Bah\u00e7eli&#8217;nin, Abdullah \u00d6calan ile ilgili a\u00e7\u0131klamas\u0131n\u0131n sorulmas\u0131 \u00fczerine de Ba\u015fkan Se\u00e7er,&nbsp;<strong>&#8220;Bu ak\u015fam d\u00fc\u015f\u00fcn\u00fclm\u00fc\u015f, sabah gelmi\u015f parti grup toplant\u0131s\u0131nda s\u00f6ylenmi\u015f bir durum de\u011fil. Acaba Say\u0131n Cumhurba\u015fkan\u0131&#8217;n\u0131n bundan haberi var m\u0131, yok mu tart\u0131\u015fmas\u0131 da oldu. Orada ortaya \u00e7\u0131kt\u0131. Bir senaryo yaz\u0131lm\u0131\u015f, \u015fimdi bu oynan\u0131yor ve uygulamaya konuyor. Esenyurt Belediye Ba\u015fkan\u0131&#8217;na yap\u0131lan operasyonu da bu senaryonun bir par\u00e7as\u0131 olarak d\u00fc\u015f\u00fcn\u00fcyorum. Bu yanl\u0131\u015flara devam edilmemesini diliyorum. Biz korkmadan, \u00fcrkmeden, \u00e7ekinmeden, siyasi bir ikbal korkusu ya\u015famadan do\u011frular\u0131 s\u00f6ylemeye devam edece\u011fiz. Bizim varl\u0131k nedenimiz bu&#8221;<\/strong>&nbsp;diye konu\u015ftu.<\/p>\n","protected":false},"excerpt":{"rendered":"<p>Mersin B\u00fcy\u00fck\u015fehir Belediye Ba\u015fkan\u0131 Vahap Se\u00e7er,&nbsp;&#8216;3. Uluslararas\u0131 Tarsus Festivali&#8217;&nbsp;kapsam\u0131ndaKAFA Radyo&#8217;da yay\u0131nlanan&nbsp;&#8216;G\u00fc\u00e7l\u00fc Mete \u0130le Kripto Odas\u0131&#8217;&nbsp;program\u0131n\u0131n canl\u0131 yay\u0131n konu\u011fu oldu. Mersin&#8217;in k\u00fclt\u00fcrel yap\u0131s\u0131ndan T\u00fcrkiye g\u00fcndemine kadar konular\u0131n konu\u015fuldu\u011fu canl\u0131 yay\u0131n Tarsus K\u00fclt\u00fcr Park&#8217;ta ger\u00e7ekle\u015ftirildi. Mersin \u00f6zelinde yapt\u0131\u011f\u0131 a\u00e7\u0131klamalar\u0131n yan\u0131 s\u0131ra T\u00fcrkiye g\u00fcndemiyle ilgili de konulara de\u011finen Ba\u015fkan Se\u00e7er, yarg\u0131 sistemi ve kamu kaynaklar\u0131n\u0131n kullan\u0131m\u0131yla ilgili de [&hellip;]<\/p>\n","protected":false},"author":2,"featured_media":36631,"comment_status":"closed","ping_status":"closed","sticky":false,"template":"","format":"standard","meta":{"footnotes":""},"categories":[2,3,5,10],"tags":[],"class_list":["post-36630","post","type-post","status-publish","format-standard","has-post-thumbnail","hentry","category-gundem","category-manset","category-mersin","category-spor"],"views":8,"_links":{"self":[{"href":"https:\/\/mersinkadingazetesi.com\/index.php?rest_route=\/wp\/v2\/posts\/36630"}],"collection":[{"href":"https:\/\/mersinkadingazetesi.com\/index.php?rest_route=\/wp\/v2\/posts"}],"about":[{"href":"https:\/\/mersinkadingazetesi.com\/index.php?rest_route=\/wp\/v2\/types\/post"}],"author":[{"embeddable":true,"href":"https:\/\/mersinkadingazetesi.com\/index.php?rest_route=\/wp\/v2\/users\/2"}],"replies":[{"embeddable":true,"href":"https:\/\/mersinkadingazetesi.com\/index.php?rest_route=%2Fwp%2Fv2%2Fcomments&post=36630"}],"version-history":[{"count":1,"href":"https:\/\/mersinkadingazetesi.com\/index.php?rest_route=\/wp\/v2\/posts\/36630\/revisions"}],"predecessor-version":[{"id":36632,"href":"https:\/\/mersinkadingazetesi.com\/index.php?rest_route=\/wp\/v2\/posts\/36630\/revisions\/36632"}],"wp:featuredmedia":[{"embeddable":true,"href":"https:\/\/mersinkadingazetesi.com\/index.php?rest_route=\/wp\/v2\/media\/36631"}],"wp:attachment":[{"href":"https:\/\/mersinkadingazetesi.com\/index.php?rest_route=%2Fwp%2Fv2%2Fmedia&parent=36630"}],"wp:term":[{"taxonomy":"category","embeddable":true,"href":"https:\/\/mersinkadingazetesi.com\/index.php?rest_route=%2Fwp%2Fv2%2Fcategories&post=36630"},{"taxonomy":"post_tag","embeddable":true,"href":"https:\/\/mersinkadingazetesi.com\/index.php?rest_route=%2Fwp%2Fv2%2Ftags&post=36630"}],"curies":[{"name":"wp","href":"https:\/\/api.w.org\/{rel}","templated":true}]}}