{"id":36642,"date":"2024-11-01T17:00:08","date_gmt":"2024-11-01T14:00:08","guid":{"rendered":"https:\/\/mersinkadingazetesi.com\/?p=36642"},"modified":"2024-11-01T17:00:09","modified_gmt":"2024-11-01T14:00:09","slug":"buyuksehirin-3-uluslararasi-tarsus-festivali-rengarenk-basladi","status":"publish","type":"post","link":"https:\/\/mersinkadingazetesi.com\/?p=36642","title":{"rendered":"&#8216;B\u00dcY\u00dcK\u015eEH\u0130R&#8217;\u0130N &#8216;3. ULUSLARARASI TARSUS FEST\u0130VAL\u0130&#8217; RENGARENK BA\u015eLADI&#8217;"},"content":{"rendered":"\n<p>Mersin B\u00fcy\u00fck\u015fehir Belediyesi&#8217;nin bu y\u0131l<em>&nbsp;<strong>&#8216;Tarihin \u0130zinde, Efsaneler \u0130\u00e7inde&#8217;&nbsp;<\/strong><\/em>slogan\u0131yla d\u00fczenledi\u011fi&nbsp;<strong>&#8216;3. Uluslararas\u0131 Tarsus Festivali&#8217;<\/strong>&nbsp;Mersin&#8217;in k\u00fclt\u00fcrel zenginli\u011finin ve enerjisinin yans\u0131d\u0131\u011f\u0131 tarihi Tarsus sokaklar\u0131nda birbirinden renkli etkinliklerle ba\u015flad\u0131. Kentin d\u00f6rt bir yan\u0131n\u0131 saran etkinlikler, her ya\u015ftan vatanda\u015f taraf\u0131ndan yo\u011fun ilgi g\u00f6rd\u00fc. Festivalin birinci g\u00fcn\u00fc; Nihat S\u0131rdar ve G\u00fc\u00e7l\u00fc Mete&#8217;nin Kafa Radyo&#8217;daki canl\u0131 yay\u0131nlar\u0131yla ba\u015flad\u0131. S\u00f6yle\u015filerden at\u00f6lyelere, gastronomi sunumlar\u0131ndan dans g\u00f6sterilerine, konserlerden sergilere kadar birbirinden farkl\u0131 etkinlikler g\u00fcn boyu vatanda\u015flarla bulu\u015ftu.<\/p>\n\n\n\n<p><strong>Tarsus lezzetleri \u015feflerin taba\u011f\u0131nda<\/strong><\/p>\n\n\n\n<p>Festivalin ama\u00e7lar\u0131 aras\u0131nda yer alan y\u00f6resel lezzetlerin de \u00f6n plana \u00e7\u0131kmas\u0131 ve s\u00fcrd\u00fcr\u00fclebilir olmas\u0131 amac\u0131yla St. Paul Meydan\u0131&#8217;nda&nbsp;<strong><em>&#8216;Co\u011frafi \u0130\u015faretli Tarsus \u00dcr\u00fcnleri&#8217;&nbsp;<\/em><\/strong>konu ba\u015fl\u0131\u011f\u0131yla gastronomi sunumu ger\u00e7ekle\u015ftirildi. Tarihi Tarsus Evleri&#8217;nin bulundu\u011fu alanda d\u00fczenlenen program ilgi g\u00f6rd\u00fc. Programda sosyal medyada \u00e7ok\u00e7a takip edilen \u015fefler aras\u0131nda yer alan Ege \u00dczrek ve Do\u011fa Huriye \u00d6zkaya, Tarsus&#8217;un co\u011frafi i\u015faretli \u00fcr\u00fcnleri aras\u0131nda yer alan ku\u015fg\u00f6z\u00fc lahmacun ile karaku\u015f tatl\u0131s\u0131n\u0131 kendi yorumlar\u0131yla pi\u015firdiler. \u015eefler, Tarsus&#8217;a has \u00fcr\u00fcnleri kullanarak da tabaklar\u0131n\u0131 yorumlad\u0131lar.<\/p>\n\n\n\n<p>Mersinden Kad\u0131n Kooperatifi Y\u00f6netim Kurulu Ba\u015fkan\u0131 Meral Se\u00e7er&#8217;in de kat\u0131ld\u0131\u011f\u0131 programda, ge\u00e7ti\u011fimiz g\u00fcnlerde Kooperatifin giri\u015fimi ile co\u011frafi i\u015faret tescili al\u0131nan Mersin Kan Portakal\u0131&#8217;n\u0131n da tan\u0131t\u0131m\u0131 yap\u0131ld\u0131. Mersin Kan Portakal\u0131, \u015feflerin haz\u0131rlad\u0131klar\u0131 leziz tabaklarda da kullan\u0131ld\u0131. K\u0131sa s\u00fcreli\u011fine de olsa \u015feflere yard\u0131mc\u0131 olan Meral Se\u00e7er, Mersinden Kad\u0131n Kooperatifi&#8217;nin yapt\u0131\u011f\u0131 \u00e7al\u0131\u015fmalarla ilgili olarak bilgiler verdi.<\/p>\n\n\n\n<p><strong>\u00dczrek: &#8220;Tarsus&#8217;un havas\u0131, lezzetleri, tarihi \u00e7ok g\u00fczel&#8221;<\/strong><\/p>\n\n\n\n<p>Sosyal medyada yemek i\u00e7erikleri \u00fcreten \u015eef Ege \u00dczrek, ku\u015fg\u00f6z\u00fc lahmacundan esinlenerek onu \u015fef taba\u011f\u0131nda tek bir tabak yeme\u011fi olarak haz\u0131rlad\u0131\u011f\u0131n\u0131 anlatarak<strong>, &#8220;Tek bir ka\u015f\u0131kta b\u00fct\u00fcn Tarsus co\u011frafi i\u015faretli lezzetini tadabilmeyi hayal ettim. Tarsus \u00e7ok g\u00fczel. Herkes inan\u0131lmaz g\u00fcler y\u00fczl\u00fc, yard\u0131mc\u0131 olmaya \u00e7al\u0131\u015f\u0131yorlar. Havas\u0131, lezzetleri, tarihi \u00e7ok g\u00fczel. Tarsus&#8217;la ilgili her \u015fey \u00e7ok g\u00fczel. Bu \u00fc\u00e7 g\u00fcn i\u00e7erisinde gezip m\u00fcmk\u00fcn oldu\u011funca fazla bilgi alaca\u011f\u0131z&#8221;<\/strong>&nbsp;dedi.<\/p>\n\n\n\n<p><strong>\u00d6zkaya: &#8220;\u00c7ok g\u00fczel bir festival&#8221;<\/strong><\/p>\n\n\n\n<p>\u015eef Do\u011fa Huriye \u00d6zkaya, sadece yemek de\u011fil bir\u00e7ok alanda harika bir festival oldu\u011funu ifade ederek,&nbsp;<strong>&#8220;Belediye&#8217;nin harika eforlar\u0131yla \u00e7ok g\u00fczel bir festival \u00e7\u0131km\u0131\u015f. Biz burada olmaktan \u00e7ok mutlu ve gururluyuz&#8221;<\/strong>&nbsp;dedi. \u00d6zkaya, bir b\u00f6lge i\u00e7in co\u011frafi i\u015faretin \u00e7ok \u00f6nemli oldu\u011funu dile getirerek,&nbsp;<strong>&#8220;\u00d6\u011frendik ki birka\u00e7 ay \u00f6nce kan portakal\u0131 da yine Tarsus&#8217;tan co\u011frafi i\u015faret alm\u0131\u015f. Zaten sar\u0131 ulak zeytinimiz, zeytinya\u011f\u0131m\u0131z vard\u0131. Bunlar\u0131 ne kadar daha yenilebilir yemeklere d\u00f6n\u00fc\u015ft\u00fcr\u00fcrsek o kadar mutfa\u011fa girer, o kadar ki\u015fi taraf\u0131ndan duyulur. O y\u00fczden biz de bug\u00fcn onlar\u0131 se\u00e7tik&#8221;&nbsp;<\/strong>diye konu\u015ftu.<\/p>\n\n\n\n<p><strong>Y\u00f6resel lezzetlerin hikayeleri anlat\u0131ld\u0131<\/strong><\/p>\n\n\n\n<p>Esin Erko\u00e7 ve Ay\u015fe Ayd\u0131n da&nbsp;<strong><em>&#8216;Tarsusi Y\u00f6resel Yemek Hikayeleri&#8217;<\/em><\/strong>&nbsp;konu ba\u015fl\u0131\u011f\u0131nda kent gastronomisini anlatt\u0131. Tarsus Hac\u0131hamzal\u0131 k\u00f6y\u00fcnden Ay\u015fe Ayd\u0131n, Y\u00f6r\u00fck k\u00fclt\u00fcr\u00fcn\u00fcn lezzetli yemeklerinden Leppe&#8217;yi kat\u0131l\u0131mc\u0131lar\u0131n \u00f6n\u00fcnde haz\u0131rlad\u0131. Esin Erko\u00e7 ise Leppe&#8217;nin yap\u0131l\u0131\u015f\u0131n\u0131 ve malzemelerini payla\u015ft\u0131. Sunumuna soru-cevap \u015feklinde devam eden Erko\u00e7, izleyicilerle e\u011flenceli bir sunum ger\u00e7ekle\u015ftirdi. Esin Erko\u00e7 ve Ay\u015fe Ayd\u0131n, s\u00f6yle\u015fiyi dikkatle dinleyen izleyicilere Tarsus&#8217;un y\u00f6resel yemek k\u00fclt\u00fcr\u00fcnden olu\u015fan bir se\u00e7ki sundu.<\/p>\n\n\n\n<p><strong>Erko\u00e7: &#8220;Festivallerin b\u00fcy\u00fcyerek devam etmesi laz\u0131m&#8221;<\/strong><\/p>\n\n\n\n<p>Esin Erko\u00e7, Mersin B\u00fcy\u00fck\u015fehir Belediye Ba\u015fkan\u0131 Vahap Se\u00e7er&#8217;e Tarsus&#8217;a g\u00fczel bir festival kazand\u0131rd\u0131\u011f\u0131 i\u00e7in te\u015fekk\u00fcrlerini ileterek,&nbsp;<strong>&nbsp;&#8220;Festivallerin b\u00fcy\u00fcyerek devam etmesi laz\u0131m. Festivallere \u00e7ok emek veriliyor. Tarsuslular\u0131n buna sahip \u00e7\u0131kmas\u0131 laz\u0131m. Umuyorum Tarsuslu da bunu anlayacak, buna sahip \u00e7\u0131kacak. Daha da g\u00fczel olacak&#8221;<\/strong>&nbsp;diye konu\u015ftu.<\/p>\n\n\n\n<p><strong>Ayd\u0131n: &#8220;Festival epey ses getiriyor&#8221;<\/strong><\/p>\n\n\n\n<p>Daha \u00f6nce ayn\u0131 yerde etkinlik yapt\u0131klar\u0131n\u0131n bilgisini payla\u015fan Ay\u015fe Ayd\u0131n ise&nbsp;<strong>&#8220;Mutluyuz. \u00dc\u00e7\u00fcnc\u00fcs\u00fc yap\u0131l\u0131yor. Epey de ses getiriyor. Gelen misafirler \u00e7ok. Duyuyorlar bizi. Sosyal medyadan yay\u0131nl\u0131yoruz. Adana&#8217;dan, Mersin&#8217;den misafirlerim geldi. Pazar g\u00fcn\u00fc \u0130stanbul&#8217;dan gelecekler. \u00c7ok etkili oluyor&#8221;&nbsp;<\/strong>\u015feklinde konu\u015ftu.<\/p>\n\n\n\n<p><strong>Top\u00e7uo\u011flu: &#8220;Daha \u00f6nce bu kadar b\u00fcy\u00fck \u00e7apl\u0131 festival yap\u0131lmam\u0131\u015ft\u0131&#8221;<\/strong><\/p>\n\n\n\n<p>S\u00f6yle\u015fiye kat\u0131lanlardan Murat Top\u00e7uo\u011flu, daha \u00f6nce bu kadar geni\u015f kat\u0131l\u0131ml\u0131 bir festival yap\u0131lmad\u0131\u011f\u0131n\u0131 belirterek,&nbsp;<strong>&#8220;Festival dolu dolu ge\u00e7iyor. Daha \u00f6nceden bu kadar b\u00fcy\u00fck \u00e7apl\u0131 bir festival yap\u0131lmam\u0131\u015ft\u0131. Tarsus zamanla \u00f6nemini kaybeder gibi olmu\u015ftu ama bu festival sayesinde yeniden duyulmaya ba\u015flad\u0131. \u00c7\u00fcnk\u00fc her konuda bir etkinlik var. Bizim i\u00e7in y\u0131l\u0131n bu g\u00fcn\u00fc \u00e7ok heyecanl\u0131, bayram k\u0131vam\u0131nda ge\u00e7en bir g\u00fcn ge\u00e7iriyoruz. Mersin B\u00fcy\u00fck\u015fehir Belediyesi&#8217;ne ve Vahap Se\u00e7er Ba\u015fkan\u0131m&#8217;a \u00e7ok te\u015fekk\u00fcr ediyoruz. Ben 50 ya\u015f\u0131nday\u0131m. Tarsus&#8217;ta, son 3 y\u0131lda g\u00f6rd\u00fc\u011f\u00fcm\u00fcz bu hareketlili\u011fi daha \u00f6nce g\u00f6rmemi\u015ftim. Bu y\u00f6nden \u00e7ok mutluyum&#8221;<\/strong>&nbsp;dedi.<\/p>\n\n\n\n<p><strong>\u00dcnl\u00fc \u00e7izerler de bu festivalde<\/strong><\/p>\n\n\n\n<p>3. Uluslararas\u0131 Tarsus Festivali kapsam\u0131nda Tarsus&#8217;a De\u011fer Katanlar (TADEKA) binas\u0131nda \u00f6\u011frencilere y\u00f6nelik olarak&nbsp;<strong><em>&#8216;\u00c7izgi Roman At\u00f6lyesi&#8217;<\/em><\/strong>&nbsp;d\u00fczenlendi. Karikat\u00fcrist ve \u00c7izer G\u00fcneri \u0130\u00e7o\u011flu&#8217;nun kat\u0131l\u0131m sa\u011flad\u0131\u011f\u0131 programda; \u0130\u00e7o\u011flu \u00e7ocuklara \u00f6nce \u00e7izgi d\u00fcnyas\u0131n\u0131 teorik olarak anlatt\u0131, ard\u0131ndan \u00e7ocuklar\u0131n serbest bir \u015fekilde i\u00e7lerinden geleni \u00e7izmelerini istedi\u011fi bir at\u00f6lye \u00e7al\u0131\u015fmas\u0131 ger\u00e7ekle\u015ftirdi.&nbsp;&nbsp;<\/p>\n\n\n\n<p><strong>\u0130\u00e7o\u011flu:<\/strong>&nbsp;&#8220;<strong>D\u00fcnyaya nas\u0131l bakacaklar\u0131n\u0131, nas\u0131l \u00e7izeceklerini bulmay\u0131 \u00f6\u011frettik&#8221;<\/strong><\/p>\n\n\n\n<p>Karikat\u00fcrist ve \u00c7izer G\u00fcneri \u0130\u00e7o\u011flu, \u00e7ocuklarla at\u00f6lye \u00e7al\u0131\u015fmalar\u0131n\u0131n genelde \u00e7ok e\u011flenceli ge\u00e7ti\u011fini, \u00e7ocuklar\u0131n\u0131n hayal d\u00fcnyas\u0131n\u0131n \u00e7ok geni\u015f oldu\u011funu s\u00f6yleyerek,&nbsp;<strong>&#8220;\u00c7ok iyi bir \u00e7al\u0131\u015fmayd\u0131. Aralar\u0131nda \u00e7ok ba\u015far\u0131l\u0131 \u00e7ocuklar da var, ger\u00e7ekten memnunum. Birilerine \u00e7izgi anlatmak a\u011f\u0131r bir i\u015ftir. \u00d6nce teorik \u015feyler anlatt\u0131k. \u00c7izmekten ziyade nas\u0131l \u00e7izilece\u011fini bulma a\u015famas\u0131ndan sonraki a\u015famad\u0131r \u00e7izmek. D\u00fcnyaya nas\u0131l bakacaklar\u0131n\u0131, nas\u0131l \u00e7izeceklerini bulmay\u0131 \u00f6\u011frettik. Serbest oldu\u011fu i\u00e7in bu \u00e7al\u0131\u015fmalar her zaman e\u011flenceli olur&#8221;&nbsp;<\/strong>dedi. Festivalin kent tan\u0131t\u0131m\u0131 i\u00e7in \u00f6nemli oldu\u011funu belirten \u0130\u00e7o\u011flu, &#8220;<strong>Tarsus nefis bir \u015fehirmi\u015f.<\/strong>&nbsp;<strong>Bu kadar k\u00f6kl\u00fc olabilece\u011fini biliyordum ama g\u00f6r\u00fcnce \u015fa\u015f\u0131rd\u0131m. Festival de olduk\u00e7a geni\u015fmi\u015f&#8221;<\/strong>&nbsp;ifadelerine yer verdi.<\/p>\n\n\n\n<p><strong>\u00d6zs\u00fcsl\u00fc: &#8220;Mersin ve Tarsus&#8217;un tan\u0131t\u0131lmas\u0131 a\u00e7\u0131s\u0131ndan \u00e7ok g\u00fczel oldu&#8221;<\/strong><\/p>\n\n\n\n<p>TADEKA binas\u0131nda \u00e7ocuklara y\u00f6nelik ger\u00e7ekle\u015ftirilen bir di\u011fer at\u00f6lye ise&nbsp;<strong><em>&#8216;Karikat\u00fcr At\u00f6lyesi&#8217;<\/em><\/strong>oldu. At\u00f6lyede \u00e7ocuklarla bir araya gelmekten dolay\u0131 olduk\u00e7a mutlu oldu\u011funu belirten Karikat\u00fcrist \u0130pek \u00d6zs\u00fcsl\u00fc,&nbsp;<strong>&#8220;Sokaklar hep s\u00fcslenmi\u015f. Etkinlikler \u00e7ok g\u00fczel. Mersin ve Tarsus&#8217;un tan\u0131t\u0131lmas\u0131 a\u00e7\u0131s\u0131ndan \u00e7ok g\u00fczel oldu. \u00c7ok k\u00f6kl\u00fc bir k\u00fclt\u00fcr\u00fcm\u00fcz ve harika bir mutfa\u011f\u0131m\u0131z var. Bu etkinliklere bir\u00e7ok insan geliyor ve farkl\u0131 k\u00fclt\u00fcrlerle tan\u0131\u015f\u0131yor. Bence harika bir etkinlik&#8221;<\/strong>&nbsp;ifadelerine yer verdi.<\/p>\n\n\n\n<p><strong>K\u00fcpeli: &#8220;\u0130yi ki bu at\u00f6lyeye gelmi\u015fim, \u00e7ok mutlu oldum<\/strong><\/p>\n\n\n\n<p>\u00c7izgi Roman At\u00f6lyesi&#8217;ne kat\u0131lan \u00f6\u011frencilerden Emine K\u00fcpeli,&nbsp;<strong>&#8220;Karikat\u00fcr at\u00f6lyesine geldim. \u0130lk \u00f6nce \u00e7izimi anlatt\u0131. Sonra resim yapmay\u0131 iyi bilenler at\u00f6lyeye ge\u00e7ti.&nbsp;<em>&#8216;Gizli g\u00fcc\u00fcn\u00fcz art\u0131k ka\u011f\u0131tlar&#8217;<\/em>&nbsp;dedi. Karakalem \u00e7al\u0131\u015fmas\u0131 yapt\u0131m.&nbsp;&nbsp;\u0130yi ki bu at\u00f6lyeye gelmi\u015fim, \u00e7ok mutlu oldum&#8221;<\/strong>&nbsp;dedi. Kaan Ege \u00c7elik ise&nbsp;&nbsp;<strong>&#8220;G\u00fcneri \u0130\u00e7o\u011flu&#8217;yla tan\u0131\u015ft\u0131m. Bize \u00f6nce anlatt\u0131 sonra biz \u00e7izmeye ba\u015flad\u0131k.&nbsp;&nbsp;Benim i\u00e7in faydal\u0131 oldu. Belki \u00e7izer olabilirim&#8221;<\/strong>&nbsp;diye konu\u015ftu.<\/p>\n\n\n\n<p><strong>Y\u00fcnl\u00fc eserler sanat\u00e7\u0131s\u0131 Co\u015fkun, vatanda\u015flarla bulu\u015ftu<\/strong><\/p>\n\n\n\n<p>Y\u00fcnl\u00fc eserler sanat\u00e7\u0131s\u0131 Se\u00e7il Co\u015fkun da Misak-\u0131 Milli Binas\u0131&#8217;nda&nbsp;<strong><em>&#8216;S\u00fcrd\u00fcr\u00fclebilir Y\u00fcnl\u00fc Sanat At\u00f6lyesi&#8217;<\/em><\/strong>ni ger\u00e7ekle\u015ftirdi. Do\u011fal malzemelerle \u00e7evre dostu tasar\u0131mlar olu\u015fturmay\u0131 ama\u00e7layan kat\u0131l\u0131mc\u0131lar i\u00e7in olduk\u00e7a dikkat \u00e7ekici olan at\u00f6lyede, Se\u00e7il Co\u015fkun ke\u00e7e sanat\u0131 \u00fczerine odakland\u0131. Ke\u00e7enin nas\u0131l i\u015flenebilece\u011fini ve bu materyalle hangi t\u00fcr tasar\u0131mlar\u0131n ortaya konabilece\u011fini kat\u0131l\u0131mc\u0131lara g\u00f6steren Co\u015fkun&#8217;la birlikte kat\u0131l\u0131mc\u0131lar; ke\u00e7eden yelek, terlik, \u00e7anta gibi farkl\u0131 tasar\u0131mlar yapmay\u0131 \u00f6\u011frendi. Se\u00e7il Co\u015fkun, festivalle ilgili d\u00fc\u015f\u00fcncelerini belirterek,&nbsp;<strong>&#8220;\u00dcretti\u011fim eserlerin d\u00fcnya \u00e7ap\u0131nda bilinir hale gelmesini, bunun i\u00e7in de \u015fehrimden ba\u015flayarak tan\u0131nmas\u0131n\u0131 istiyorum. \u00dclkemi d\u00fcnya \u00e7ap\u0131nda temsil etmeyi istiyorum. Bunun i\u00e7in \u00e7ok de\u011ferli ve uluslararas\u0131 bir festivaldeyiz. 3.&#8217;s\u00fc d\u00fczenleniyor. Umar\u0131m onlarcas\u0131 d\u00fczenlenir&#8221;&nbsp;<\/strong>dedi.<\/p>\n\n\n\n<p><strong>Her ya\u015ftan felsefe merakl\u0131s\u0131 &#8216;\u0130nsan Felsefesi&#8217; s\u00f6yle\u015fisinde bulu\u015ftu<\/strong><\/p>\n\n\n\n<p>Tarsus&#8217;un ruhunu yans\u0131tan tarihi bir binada her ya\u015ftan ve birbirinden merakl\u0131 insan\u0131n kat\u0131ld\u0131\u011f\u0131&nbsp;<strong><em>&#8216;\u0130nsan Felsefesi&#8217;<\/em><\/strong>&nbsp;s\u00f6yle\u015fisi d\u00fczenlendi. Bo\u011fazi\u00e7i \u00dcniversitesi G\u00f6zl\u00fckule Kaz\u0131 Evi&#8217;nde ger\u00e7ekle\u015fen s\u00f6yle\u015fiye; Mersin \u00dcniversitesi&#8217;nden Prof. Dr. Zehrag\u00fcl A\u015fk\u0131n oturum ba\u015fkanl\u0131\u011f\u0131 yaparken, Maltepe \u00dcniversitesi&#8217;nden Prof. Dr. Bet\u00fcl \u00c7otuks\u00f6ken, \u0130stanbul \u00dcniversitesi&#8217;nden Prof. Dr. Cengiz \u00c7akmak, Hacettepe \u00dcniversitesi&#8217;nden Prof. Dr. Harun Tepe ve Mersin \u00dcniversitesi&#8217;nden Prof. Dr. Cengiz Mesut Tosun ise konu\u015fmac\u0131 olarak kat\u0131ld\u0131. Aristo&#8217;dan Platon&#8217;a kadar bir\u00e7ok filozofun g\u00f6r\u00fc\u015f\u00fcn\u00fcn konu edinildi\u011fi s\u00f6yle\u015fi, felsefe severlerin soru-cevab\u0131 ile sona erdi.<\/p>\n\n\n\n<p><strong>\u00c7otuks\u00f6ken: &#8220;Festivalin devam\u0131n\u0131 diliyorum&#8221;<\/strong><\/p>\n\n\n\n<p>Festival gibi etkinliklerle y\u00f6netimlerin halkla bulu\u015fmas\u0131n\u0131n \u00e7ok \u00f6nemli oldu\u011funa de\u011finen Prof. Dr. Bet\u00fcl \u00c7otuks\u00f6ken,&nbsp;<strong>&#8220;Ba\u015fta B\u00fcy\u00fck\u015fehir Belediye Ba\u015fkan\u0131m\u0131z Vahap Se\u00e7er olmak \u00fczere b\u00fct\u00fcn ekibini kutluyorum ve devam\u0131n\u0131 diliyorum&#8221;<\/strong>&nbsp;dedi. \u0130lginin de \u00e7ok yo\u011fun oldu\u011funu vurgulayan \u00c7otuks\u00f6ken, herkesin \u00e7ok mutlu ayr\u0131ld\u0131\u011f\u0131n\u0131 kaydetti.<\/p>\n\n\n\n<p><strong>\u00c7akmak: &#8220;Bu topraklarda felsefeyi anlatmak benim i\u00e7in b\u00fcy\u00fck mutluluk&#8221;<\/strong><\/p>\n\n\n\n<p>Prof. Dr. Cengiz \u00c7akmak ise&nbsp;<strong>&#8220;Burada konuk olmay\u0131 \u00e7ok \u00f6nemli buldum. \u00c7\u00fcnk\u00fc Tarsus gibi tarihi de\u011feri olan bir yerde konu\u015fmac\u0131 olmak, hele ki felsefenin de bir \u015fekilde ge\u00e7ti\u011fi bu topraklarda felsefeyi anlatmak benim a\u00e7\u0131mdan b\u00fcy\u00fck bir mutluluk oldu. Bu sebeple Mersin B\u00fcy\u00fck\u015fehir Belediyesi&#8217;ne \u00e7ok te\u015fekk\u00fcr ediyorum&#8221;<\/strong>&nbsp;diyerek, Tarsus gibi kadim bir kentte bulunduklar\u0131 i\u00e7in mutlu olduklar\u0131n\u0131 vurgulad\u0131.<\/p>\n\n\n\n<p><strong>Yarenlik Alan\u0131 farkl\u0131 \u00fclkelerin dans gruplar\u0131yla renklendi<\/strong><\/p>\n\n\n\n<p>Yarenlik Alan\u0131 ve K\u00fclt\u00fcr Park&#8217;ta ise etkinlikler g\u00fcn boyu s\u00fcrd\u00fc. Yarenlik Alan\u0131&#8217;nda; Adana B\u00fcy\u00fck\u015fehir Belediyesi Konservatuar\u0131 Halk Danslar\u0131 Toplulu\u011fu, \u0130talya&#8217;dan gelen Balarins Di Buje ekibi, Litvanya&#8217;dan gelen M\u00fczik Dans Grubu, Slovakya&#8217;dan gelen Poleno Dans Grubu ve Bulgaristan&#8217;dan gelen Gaitani Folklor Dans Ekibi rengarenk bir dans g\u00f6sterileri ger\u00e7ekle\u015ftirdi.&nbsp;&nbsp;\u00c7ekya Cumhuriyeti&#8217;nden gelen Sternovjan M\u00fczik Grubu da kat\u0131l\u0131mc\u0131lar i\u00e7in g\u00fczel bir konser verdi.<\/p>\n\n\n\n<p>K\u00fclt\u00fcr Park&#8217;ta kurulan stantlarda da \u00e7ocuklara ve yeti\u015fkinlere y\u00f6nelik farkl\u0131 etkinlikler vard\u0131. Park&#8217;ta 3. Uluslararas\u0131 Tarsus Festivali Sanat \u00c7al\u0131\u015ftay\u0131 ger\u00e7ekle\u015ftirildi. \u00c7al\u0131\u015ftay kapsam\u0131nda resim sergisi de yer ald\u0131. \u00c7ocuk e\u011flence ve oyun at\u00f6lyelerinin yan\u0131 s\u0131ra, ikraml\u0131klar\u0131n oldu\u011fu stantlar da \u00e7ocuklar\u0131n ne\u015fesine ne\u015fe katt\u0131. K\u00fclt\u00fcr ve Sosyal \u0130\u015fler, Kad\u0131n ve Aile, Tar\u0131msal Hizmetler, \u0130tfaiye Dairesi, \u0130klim De\u011fi\u015fikli\u011fi ve S\u0131f\u0131r At\u0131k Dairesi gibi bir\u00e7ok birimin stant a\u00e7t\u0131\u011f\u0131 K\u00fclt\u00fcr Park&#8217;ta k\u00f6pek sahiplendirme alan\u0131 da yer ald\u0131. MESK\u0130&#8217;nin damla maskotunun yer ald\u0131\u011f\u0131 alanda, kat\u0131l\u0131mc\u0131lara su tasarrufu ile ilgili bilgilendirme yap\u0131ld\u0131.<\/p>\n","protected":false},"excerpt":{"rendered":"<p>Mersin B\u00fcy\u00fck\u015fehir Belediyesi&#8217;nin bu y\u0131l&nbsp;&#8216;Tarihin \u0130zinde, Efsaneler \u0130\u00e7inde&#8217;&nbsp;slogan\u0131yla d\u00fczenledi\u011fi&nbsp;&#8216;3. Uluslararas\u0131 Tarsus Festivali&#8217;&nbsp;Mersin&#8217;in k\u00fclt\u00fcrel zenginli\u011finin ve enerjisinin yans\u0131d\u0131\u011f\u0131 tarihi Tarsus sokaklar\u0131nda birbirinden renkli etkinliklerle ba\u015flad\u0131. Kentin d\u00f6rt bir yan\u0131n\u0131 saran etkinlikler, her ya\u015ftan vatanda\u015f taraf\u0131ndan yo\u011fun ilgi g\u00f6rd\u00fc. Festivalin birinci g\u00fcn\u00fc; Nihat S\u0131rdar ve G\u00fc\u00e7l\u00fc Mete&#8217;nin Kafa Radyo&#8217;daki canl\u0131 yay\u0131nlar\u0131yla ba\u015flad\u0131. S\u00f6yle\u015filerden at\u00f6lyelere, gastronomi sunumlar\u0131ndan dans [&hellip;]<\/p>\n","protected":false},"author":2,"featured_media":36643,"comment_status":"closed","ping_status":"closed","sticky":false,"template":"","format":"standard","meta":{"footnotes":""},"categories":[7,34,2,3],"tags":[],"class_list":["post-36642","post","type-post","status-publish","format-standard","has-post-thumbnail","hentry","category-dunya","category-flas-haber","category-gundem","category-manset"],"views":9,"_links":{"self":[{"href":"https:\/\/mersinkadingazetesi.com\/index.php?rest_route=\/wp\/v2\/posts\/36642"}],"collection":[{"href":"https:\/\/mersinkadingazetesi.com\/index.php?rest_route=\/wp\/v2\/posts"}],"about":[{"href":"https:\/\/mersinkadingazetesi.com\/index.php?rest_route=\/wp\/v2\/types\/post"}],"author":[{"embeddable":true,"href":"https:\/\/mersinkadingazetesi.com\/index.php?rest_route=\/wp\/v2\/users\/2"}],"replies":[{"embeddable":true,"href":"https:\/\/mersinkadingazetesi.com\/index.php?rest_route=%2Fwp%2Fv2%2Fcomments&post=36642"}],"version-history":[{"count":1,"href":"https:\/\/mersinkadingazetesi.com\/index.php?rest_route=\/wp\/v2\/posts\/36642\/revisions"}],"predecessor-version":[{"id":36644,"href":"https:\/\/mersinkadingazetesi.com\/index.php?rest_route=\/wp\/v2\/posts\/36642\/revisions\/36644"}],"wp:featuredmedia":[{"embeddable":true,"href":"https:\/\/mersinkadingazetesi.com\/index.php?rest_route=\/wp\/v2\/media\/36643"}],"wp:attachment":[{"href":"https:\/\/mersinkadingazetesi.com\/index.php?rest_route=%2Fwp%2Fv2%2Fmedia&parent=36642"}],"wp:term":[{"taxonomy":"category","embeddable":true,"href":"https:\/\/mersinkadingazetesi.com\/index.php?rest_route=%2Fwp%2Fv2%2Fcategories&post=36642"},{"taxonomy":"post_tag","embeddable":true,"href":"https:\/\/mersinkadingazetesi.com\/index.php?rest_route=%2Fwp%2Fv2%2Ftags&post=36642"}],"curies":[{"name":"wp","href":"https:\/\/api.w.org\/{rel}","templated":true}]}}