{"id":36645,"date":"2024-11-03T09:50:25","date_gmt":"2024-11-03T06:50:25","guid":{"rendered":"https:\/\/mersinkadingazetesi.com\/?p=36645"},"modified":"2024-11-03T09:50:25","modified_gmt":"2024-11-03T06:50:25","slug":"3-uluslararasi-tarsus-festivaline-artik-biliyorum-soylesisi-damga-vurdu","status":"publish","type":"post","link":"https:\/\/mersinkadingazetesi.com\/?p=36645","title":{"rendered":"&#8216;3. ULUSLARARASI TARSUS FEST\u0130VAL\u0130&#8217;NE &#8216;ARTIK B\u0130L\u0130YORUM&#8217; S\u00d6YLE\u015e\u0130S\u0130 DAMGA VURDU"},"content":{"rendered":"\n<p>Mersin B\u00fcy\u00fck\u015fehir Belediyesi&#8217;nin K\u00fclt\u00fcr ve Sosyal \u0130\u015fler Dairesi Ba\u015fkanl\u0131\u011f\u0131 koordinat\u00f6rl\u00fc\u011f\u00fcnde bu y\u0131l 3.&#8217;s\u00fcn\u00fc ger\u00e7ekle\u015ftirdi\u011fi&nbsp;<strong>&#8216;Uluslararas\u0131 Tarsus Festivali&#8217;<\/strong>&nbsp;dopdolu i\u00e7erikleri ile t\u00fcm h\u0131z\u0131yla s\u00fcr\u00fcyor. Workshoplar, at\u00f6lyeler, dans g\u00f6sterileri ve sunumlarla g\u00fcn boyu s\u00fcren festivale, usta gazeteci \u00d6zlem G\u00fcrses&#8217;in moderat\u00f6rl\u00fc\u011f\u00fcn\u00fc yapt\u0131\u011f\u0131&nbsp;<strong><em>&#8216;Art\u0131k Biliyorum&#8217;<\/em><\/strong>&nbsp;s\u00f6yle\u015fisi damga vurdu. Yarenlik Alan\u0131&#8217;nda ger\u00e7ekle\u015ftirilen programda konuk olarak oyuncu ve sunucu Ceyda D\u00fcvenci, \u00fcnl\u00fc moda tasar\u0131mc\u0131s\u0131 Dilek Hanif ile birlikte Mersinden Kad\u0131n Kooperatifi Y\u00f6netim Kurulu Ba\u015fkan\u0131 Meral Se\u00e7er yer ald\u0131. Kendi hayatlar\u0131ndan \u00f6rnekler vererek kad\u0131n\u0131n ge\u00e7mi\u015ften g\u00fcn\u00fcm\u00fcze toplumsal s\u00fcre\u00e7teki yeri ve samimi hayat hikayelerinin payla\u015f\u0131ld\u0131\u011f\u0131 program, Tarsuslulardan b\u00fcy\u00fck be\u011feni toplad\u0131. Olduk\u00e7a keyifli ge\u00e7en ve renkli anlar\u0131n ya\u015fand\u0131\u011f\u0131 etkinli\u011fe Mersin B\u00fcy\u00fck\u015fehir Belediye Ba\u015fkan\u0131 Vahap Se\u00e7er de kat\u0131ld\u0131. Ba\u015fkan Se\u00e7er,&nbsp;&nbsp;program bitiminde konuklara \u00e7i\u00e7ek takdiminde bulundu.<\/p>\n\n\n\n<p>Etkinlikte; \u00fcnl\u00fc moda tasar\u0131mc\u0131s\u0131 Dilek Hanif k\u00fc\u00e7\u00fck bir i\u015fletme ile ba\u015flam\u0131\u015f oldu\u011fu moda ser\u00fcveninin bug\u00fcnlere geli\u015f s\u00fcreci ve kendi ayaklar\u0131 \u00fczerinde durarak ger\u00e7ekle\u015ftirmi\u015f oldu\u011fu kariyer hayat\u0131n\u0131 ele al\u0131rken, sunucu ve oyuncu Ceyda D\u00fcvenci ise hayata ve kad\u0131nlara ilham veren payla\u015f\u0131mlarda bulundu. Meral Se\u00e7er ise Mersinden Kad\u0131n Kooperatifi&#8217;nin kurulma s\u00fcrecinin yan\u0131 s\u0131ra, Mersin B\u00fcy\u00fck\u015fehir Belediyesi ile kooperatif i\u015f birli\u011fi i\u00e7erisinde 13 il\u00e7ede ger\u00e7ekle\u015ftirmi\u015f oldu\u011fu \u00e7al\u0131\u015fmalar ile binlerce kad\u0131n\u0131n hayat\u0131nda yaratm\u0131\u015f olduklar\u0131 pozitif de\u011fi\u015fimlere de\u011findi. S\u00f6yle\u015fide;&nbsp;<strong><em>&#8216;Art\u0131k biliyorum&#8217;<\/em><\/strong>&nbsp;diyerek hayat\u0131n her alan\u0131nda yer alan kad\u0131nlar\u0131n g\u00fcn\u00fcm\u00fczde korkmadan, kendini ifade edebilecek ve g\u00f6r\u00fcn\u00fcr k\u0131labilecek \u00e7ok \u00f6nemli i\u015flere imza att\u0131klar\u0131 vurguland\u0131.<\/p>\n\n\n\n<p><strong>Ba\u015fkan Se\u00e7er: &#8220;T\u00fcm Mersinlilere hizmet ediyoruz ama kalbimiz Tarsus&#8217;ta at\u0131yor&#8221;<\/strong><\/p>\n\n\n\n<p>Program bitiminde \u00e7i\u00e7ek vermek \u00fczere sahneye gelen Ba\u015fkan Se\u00e7er, festivale katk\u0131 sunan konuklara te\u015fekk\u00fcr ederek,&nbsp;<strong>&#8220;Tarsus, d\u00fcnyan\u0131n en bereketli, en kadim kenti. Tarsuslular da bunun de\u011ferini ve \u00f6nemini biliyor. T\u00fcm Mersinlilere hizmet ediyoruz ama kalbimiz Tarsus&#8217;ta at\u0131yor. Bizim d\u00fcnyam\u0131zda hem temsil etti\u011fimiz d\u00fcnya g\u00f6r\u00fc\u015f\u00fc hem b\u00fcy\u00fctt\u00fc\u011f\u00fcm\u00fcz ideoloji ve onun hayata uygulamalar\u0131 kad\u0131na sayg\u0131y\u0131 esas al\u0131yor&#8221;<\/strong>&nbsp;dedi.<\/p>\n\n\n\n<p><strong>Meral Se\u00e7er: &#8220;Sosyal projelerimizle binlerce kad\u0131n\u0131n hayat\u0131na dokunduk&#8221;<\/strong><\/p>\n\n\n\n<p>Mersinden Kad\u0131n Kooperatifi Ba\u015fkan\u0131 Meral Se\u00e7er ise, 2019 y\u0131l\u0131nda kooperatifin kurulma s\u00fcrecinden bahsederek, B\u00fcy\u00fck\u015fehir Belediyesi ortakl\u0131\u011f\u0131nda sosyal hayata kat\u0131l\u0131m\u0131 daha az olan kad\u0131nlar\u0131n i\u015f g\u00fcc\u00fcne kat\u0131lmas\u0131 ve ekonomik \u00f6zg\u00fcrl\u00fc\u011f\u00fcn\u00fc kazanabilmesi i\u00e7in yapm\u0131\u015f olduklar\u0131 \u00e7al\u0131\u015fmalar\u0131 anlatt\u0131. Meral Se\u00e7er,&nbsp;<strong>&#8220;Kad\u0131nlar\u0131n ortak iste\u011fi \u00fcretmek ve sosyalle\u015fmek. Kooperatif ve payda\u015f oldu\u011fumuz projelerle yakla\u015f\u0131k 6 bin kad\u0131nla i\u015f birli\u011fi yapt\u0131k. \u00d6zellikle kooperatifimizde sosyal projelerimiz ile evinden \u00e7\u0131kamayan kad\u0131nlara e\u011fitim verdi\u011fimiz projelerimiz var.&nbsp;<em>&#8216;Evimiz At\u00f6lye&#8217;<\/em>&nbsp;projemiz gibi. Kad\u0131nlar bu projelerle bir araya gelerek aktiviteler yap\u0131yor, e\u011fitimler al\u0131yor ve kazan\u00e7 sa\u011fl\u0131yor. Bu ama\u00e7la ba\u015flayan proje giderek b\u00fcy\u00fcd\u00fc ve bug\u00fcn ba\u015fka boyutlara ula\u015ft\u0131&#8221;<\/strong>&nbsp;ifadelerini kulland\u0131.<\/p>\n\n\n\n<p><strong>G\u00fcrses: &#8220;Umuda, dayan\u0131\u015fmaya, g\u00fc\u00e7 birli\u011fine ihtiyac\u0131m\u0131z var&#8221;<\/strong><\/p>\n\n\n\n<p>S\u00f6yle\u015fide moderat\u00f6rl\u00fck yapan usta gazeteci \u00d6zlem G\u00fcrses, keyifli bir g\u00fcnde e\u011flenceli bir etkinlik oldu\u011funu belirtti. G\u00fcrses,&nbsp;<strong>&#8220;Umuda, dayan\u0131\u015fmaya, g\u00fc\u00e7 birli\u011fine ihtiyac\u0131m\u0131z var. G\u00fczel \u015feylerden s\u00f6z etmeye ihtiyac\u0131m\u0131z var. O y\u00fczden T\u00fcrkiye&#8217;nin \u00e7ok g\u00fc\u00e7l\u00fc, ba\u015farm\u0131\u015f ve kendi hikayeleriyle asl\u0131nda T\u00fcrkiye&#8217;nin ihtiyac\u0131 olan birer rol modele d\u00f6n\u00fc\u015fm\u00fc\u015f, her biri bir\u00e7ok zorlu\u011fu a\u015farak bug\u00fcnlere gelmi\u015fler. Hepsi de \u00e7ok g\u00fczel, harika \u0131\u015f\u0131\u011f\u0131 olan ve \u0131\u015f\u0131\u011f\u0131ndan hi\u00e7 vazge\u00e7meyen kad\u0131nlar&#8221;<\/strong>&nbsp;s\u00f6zleriyle s\u00f6yle\u015fiye renk katt\u0131.<\/p>\n","protected":false},"excerpt":{"rendered":"<p>Mersin B\u00fcy\u00fck\u015fehir Belediyesi&#8217;nin K\u00fclt\u00fcr ve Sosyal \u0130\u015fler Dairesi Ba\u015fkanl\u0131\u011f\u0131 koordinat\u00f6rl\u00fc\u011f\u00fcnde bu y\u0131l 3.&#8217;s\u00fcn\u00fc ger\u00e7ekle\u015ftirdi\u011fi&nbsp;&#8216;Uluslararas\u0131 Tarsus Festivali&#8217;&nbsp;dopdolu i\u00e7erikleri ile t\u00fcm h\u0131z\u0131yla s\u00fcr\u00fcyor. Workshoplar, at\u00f6lyeler, dans g\u00f6sterileri ve sunumlarla g\u00fcn boyu s\u00fcren festivale, usta gazeteci \u00d6zlem G\u00fcrses&#8217;in moderat\u00f6rl\u00fc\u011f\u00fcn\u00fc yapt\u0131\u011f\u0131&nbsp;&#8216;Art\u0131k Biliyorum&#8217;&nbsp;s\u00f6yle\u015fisi damga vurdu. Yarenlik Alan\u0131&#8217;nda ger\u00e7ekle\u015ftirilen programda konuk olarak oyuncu ve sunucu Ceyda D\u00fcvenci, \u00fcnl\u00fc moda tasar\u0131mc\u0131s\u0131 Dilek [&hellip;]<\/p>\n","protected":false},"author":2,"featured_media":36646,"comment_status":"closed","ping_status":"closed","sticky":false,"template":"","format":"standard","meta":{"footnotes":""},"categories":[3],"tags":[],"class_list":["post-36645","post","type-post","status-publish","format-standard","has-post-thumbnail","hentry","category-manset"],"views":6,"_links":{"self":[{"href":"https:\/\/mersinkadingazetesi.com\/index.php?rest_route=\/wp\/v2\/posts\/36645"}],"collection":[{"href":"https:\/\/mersinkadingazetesi.com\/index.php?rest_route=\/wp\/v2\/posts"}],"about":[{"href":"https:\/\/mersinkadingazetesi.com\/index.php?rest_route=\/wp\/v2\/types\/post"}],"author":[{"embeddable":true,"href":"https:\/\/mersinkadingazetesi.com\/index.php?rest_route=\/wp\/v2\/users\/2"}],"replies":[{"embeddable":true,"href":"https:\/\/mersinkadingazetesi.com\/index.php?rest_route=%2Fwp%2Fv2%2Fcomments&post=36645"}],"version-history":[{"count":1,"href":"https:\/\/mersinkadingazetesi.com\/index.php?rest_route=\/wp\/v2\/posts\/36645\/revisions"}],"predecessor-version":[{"id":36647,"href":"https:\/\/mersinkadingazetesi.com\/index.php?rest_route=\/wp\/v2\/posts\/36645\/revisions\/36647"}],"wp:featuredmedia":[{"embeddable":true,"href":"https:\/\/mersinkadingazetesi.com\/index.php?rest_route=\/wp\/v2\/media\/36646"}],"wp:attachment":[{"href":"https:\/\/mersinkadingazetesi.com\/index.php?rest_route=%2Fwp%2Fv2%2Fmedia&parent=36645"}],"wp:term":[{"taxonomy":"category","embeddable":true,"href":"https:\/\/mersinkadingazetesi.com\/index.php?rest_route=%2Fwp%2Fv2%2Fcategories&post=36645"},{"taxonomy":"post_tag","embeddable":true,"href":"https:\/\/mersinkadingazetesi.com\/index.php?rest_route=%2Fwp%2Fv2%2Ftags&post=36645"}],"curies":[{"name":"wp","href":"https:\/\/api.w.org\/{rel}","templated":true}]}}