{"id":36648,"date":"2024-11-03T09:52:21","date_gmt":"2024-11-03T06:52:21","guid":{"rendered":"https:\/\/mersinkadingazetesi.com\/?p=36648"},"modified":"2024-11-03T09:52:30","modified_gmt":"2024-11-03T06:52:30","slug":"baskan-secer-festivalimiz-her-gecen-yil-bir-baska-guzel-oluyor","status":"publish","type":"post","link":"https:\/\/mersinkadingazetesi.com\/?p=36648","title":{"rendered":"BA\u015eKAN SE\u00c7ER: &#8220;FEST\u0130VAL\u0130M\u0130Z, HER GE\u00c7EN YIL B\u0130R BA\u015eKA G\u00dcZEL OLUYOR&#8221;"},"content":{"rendered":"\n<p>Mersin B\u00fcy\u00fck\u015fehir Belediyesi&#8217;nin&nbsp;<strong><em>&#8216;Tarihin \u0130zinde, Efsaneler \u0130\u00e7inde&#8217;<\/em><\/strong>&nbsp;slogan\u0131yla d\u00fczenledi\u011fi ve daha ilk g\u00fcnden rengarenk g\u00f6r\u00fcnt\u00fclere sahne olan&nbsp;<strong><em>&#8216;3. Uluslararas\u0131 Tarsus Festivali<\/em><\/strong><em>&#8216;,<\/em>&nbsp;Mersin B\u00fcy\u00fck\u015fehir Belediye Ba\u015fkan\u0131 Vahap Se\u00e7er&#8217;in \u00f6nc\u00fcl\u00fc\u011f\u00fcndeki kortej y\u00fcr\u00fcy\u00fc\u015f\u00fcyle resmi olarak ba\u015flad\u0131. Binlerce Tarsuslunun kat\u0131ld\u0131\u011f\u0131 kortej y\u00fcr\u00fcy\u00fc\u015f\u00fcnde Ba\u015fkan Se\u00e7er, Aznakay Park\u0131&#8217;ndan Yarenlik Alan\u0131&#8217;na kadar vatanda\u015flar, maskotlar ve Mersin B\u00fcy\u00fck\u015fehir Belediye Bandosu e\u015fli\u011finde y\u00fcr\u00fcd\u00fc. Korteje; Tarsuslular balkonlardan alk\u0131\u015flar ve me\u015falelerle e\u015flik etti.<\/p>\n\n\n\n<p><strong>Ba\u015fkan Se\u00e7er: &#8220;B\u00fct\u00fcn bu etkinlikler Tarsus halk\u0131n\u0131n eseri ve projeksiyonudur&#8221;<\/strong><\/p>\n\n\n\n<p>Opera ve Bale sanat\u00e7\u0131lar\u0131n\u0131n g\u00f6sterisinin ard\u0131ndan Ba\u015fkan Se\u00e7er,&nbsp;<strong>&#8216;3. Uluslararas\u0131 Tarsus Festivali&#8217;<\/strong>nina\u00e7\u0131l\u0131\u015f konu\u015fmas\u0131n\u0131 ger\u00e7ekle\u015ftirdi. Ba\u015fkan Se\u00e7er, festivalle ilgili de\u011ferlendirme yaparak,&nbsp;<strong>&#8220;Festivalimiz, her ge\u00e7en y\u0131l bir ba\u015fka oluyor ve Tarsus&#8217;a daha yak\u0131\u015f\u0131r bir festival havas\u0131na b\u00fcr\u00fcn\u00fcyor&#8221;<\/strong>&nbsp;dedi. Festivalde eme\u011fi ge\u00e7en herkese te\u015fekk\u00fcr eden Se\u00e7er, \u00f6zellikle festival s\u00fcrecinde Tarsus&#8217;a De\u011fer Katanlar Kurulu&#8217;nun (TADEKA) b\u00fcy\u00fck bir katk\u0131 sundu\u011funu belirtti. Merkez i\u00e7in de MEDEKA&#8217;n\u0131n oldu\u011funu ve g\u00fczel i\u015fler yapt\u0131\u011f\u0131n\u0131 s\u00f6yleyen Se\u00e7er,&nbsp;<strong>&#8220;Kat\u0131l\u0131mc\u0131 demokraside, kentliyi kentlilerle birlikte y\u00f6netmek Mersin B\u00fcy\u00fck\u015fehir Belediyesi sayesinde uygulamada da oluyor. MEDEKA, TADEKA, halk\u0131n kat\u0131l\u0131m\u0131 ile oluyor. B\u00fct\u00fcn bu etkinlikler Tarsus halk\u0131n\u0131n eseri ve projeksiyonudur. Bizler sadece belediyeler olarak sizin paran\u0131za arac\u0131l\u0131k edip, bu etkinliklerde kullan\u0131yoruz&#8221;&nbsp;<\/strong>ifadelerini kulland\u0131.<\/p>\n\n\n\n<p><strong>&#8220;Ak\u0131l; h\u0131rs\u0131 ve ihtiras\u0131, kifayetsiz muhterisleri yenecek&#8221;<\/strong><\/p>\n\n\n\n<p>Karde\u015f\u00e7e ve bir arada ya\u015faman\u0131n k\u0131ymetini bildiklerine vurgu yapan Se\u00e7er,&nbsp;<strong>&#8220;Bizleri etnik k\u00f6kenimizden ve mezhebimizden dolay\u0131 b\u00f6lmek, par\u00e7alamak ve \u00f6tekile\u015ftirmek isteyenlere inat burada hepimiz karde\u015f\u00e7e bir arada olaca\u011f\u0131z. Ak\u0131l; h\u0131rs\u0131, ihtiras\u0131 ve kifayetsiz muhterisleri yenecek. \u00c7al\u0131\u015fan kazanacak, do\u011fru direk y\u0131k\u0131lmayacak. \u0130tikat\u0131 olan her insan buna inan\u0131r \u00e7ok eminim. \u00c7ok \u00e7al\u0131\u015f\u0131yoruz&#8221;<\/strong>&nbsp;dedi.<\/p>\n\n\n\n<p>G\u00f6rev s\u00fcresi boyunca \u00e7ok b\u00fcy\u00fck sorumluluklar\u0131 oldu\u011funun fark\u0131nda olduklar\u0131n\u0131n alt\u0131n\u0131 \u00e7izen Se\u00e7er, 5 y\u0131l boyunca bu bilin\u00e7le hareket ettiklerini vurgulad\u0131. Bu s\u00fcre zarf\u0131nda mevcut imkanlar\u0131n en iyi \u015fekilde de\u011ferlendirildi\u011fini ve hi\u00e7bir ayr\u0131m g\u00f6zetilmeksizin yap\u0131ld\u0131\u011f\u0131n\u0131 kaydeden Se\u00e7er<strong>, &#8220;Biz, halk\u0131m\u0131z\u0131 hep sevdik. Bize oy verdi, vermedi, bizden, bizden de\u011fil, bizim mahallemizden veya b\u00f6lgemizden ayr\u0131m\u0131 yapmad\u0131k. Biz Anadolu topraklar\u0131 i\u00e7erisinde Do\u011fudan Bat\u0131ya, Kuzeyden G\u00fcneye, bu topraklar\u0131 seven, bu topraklarda ya\u015fayan, buray\u0131 vatan edinmi\u015f; ilkeleri, prensipleri benimsemi\u015f insanlar\u0131z.&nbsp;&nbsp;Bizim k\u0131rm\u0131z\u0131 \u00e7izgimiz; Mustafa Kemal&#8217;imiz ve T\u00fcrkiye&#8217;miz var. Biz herkesle beraber y\u00fcr\u00fcr\u00fcz. Bu \u00fclke hepimize yeter&#8221;<\/strong>&nbsp;diye konu\u015ftu.<\/p>\n\n\n\n<p><strong>&#8220;Mersin&#8217;e adaletli hizmet etmekten de gurur duyuyorum&#8221;<\/strong><\/p>\n\n\n\n<p>Atalar\u0131n T\u00fcrk, K\u00fcrt, Arap, \u00c7erkez, Bo\u015fnak, Alevi, S\u00fcnni ayr\u0131m\u0131 yapmadan T\u00fcrkiye topraklar\u0131n\u0131 i\u015fgalcilerden temizledi\u011fini vurgulayan Se\u00e7er,&nbsp;<strong>&#8220;<em>&#8216;Biz h\u00fcr do\u011fduk, h\u00fcr ya\u015far\u0131z&#8217;<\/em>&nbsp;dediler, canlar\u0131n\u0131, kanlar\u0131n\u0131 verdiler. Bu topraklar\u0131, kendilerinden sonraki ku\u015faklara&nbsp;<em>&#8216;Al\u0131n, sizlere emanet ediyoruz&#8217;<\/em>&nbsp;dediler&#8221;<\/strong>&nbsp;s\u00f6zlerine yer verdi. Kendisinin Tarsus&#8217;ta do\u011fdu\u011funu ve doydu\u011funu s\u00f6yleyen Se\u00e7er,&nbsp;<strong>&#8220;Tarsus&#8217;umla, topra\u011f\u0131mla \u00f6v\u00fcn\u00e7 duyuyorum ama Anamur&#8217;dan Tarsus&#8217;a kadar t\u00fcm Mersin&#8217;e adaletli hizmet etmekten de gurur duyuyorum. Herkese adaletli hizmet verece\u011fiz, herkes hakk\u0131n\u0131 alacak.&nbsp;<em>&#8216;Bizdensin, bizden de\u011filsin, ben T\u00fcrkiye&#8217;yi senden \u00e7ok seviyorum, sen bu vatani sevmiyorsun&#8217;&nbsp;<\/em>b\u00f6yle bir \u015fey yok.Biz&nbsp;<em>&#8216;Atat\u00fcrk\u00e7\u00fcy\u00fcz, Atat\u00fcrk milliyet\u00e7isiyiz&#8217;<\/em>&nbsp;diyoruz. Biz herkesi kucakl\u0131yoruz, aram\u0131zdaki fark bu&#8221;&nbsp;<\/strong>diye konu\u015ftu.<\/p>\n\n\n\n<p><strong>&#8220;\u0130nsanlar kavga de\u011fil, b\u00f6yle festivalleri istiyor&#8221;<\/strong><\/p>\n\n\n\n<p>Halka hizmet ederken, milli ve dini de\u011ferleri kullanmayacaklar\u0131n\u0131n alt\u0131n\u0131 \u00e7izen Se\u00e7er,&nbsp;<strong>&#8220;T\u00fcrkiye Cumhuriyeti Atat\u00fcrk&#8217;\u00fcn kurdu\u011fu laik, demokratik, sosyal hukuk devletidir ve ilelebet ya\u015fayacakt\u0131r, bu bayrak da inmeyecektir, bu vatan da b\u00f6l\u00fcnmeyecektir. Bunun herkes taraf\u0131ndan b\u00f6yle bilinmesini istiyorum. \u0130nsanlar kavga istemiyor, i\u015fte b\u00f6yle festivalleri istiyor&#8221;<\/strong>&nbsp;ifadelerini kulland\u0131.<\/p>\n\n\n\n<p>3 g\u00fcn boyunca etkinliklerin yan\u0131 s\u0131ra birbirinden e\u011flenceli konserler de olaca\u011f\u0131n\u0131 s\u00f6yleyen Se\u00e7er, vatanda\u015flara bu konserlere kat\u0131lmas\u0131 i\u00e7in \u00e7a\u011fr\u0131 yapt\u0131. Zorlu bir ekonomik s\u00fcre\u00e7ten ge\u00e7ildi\u011fini kaydeden Ba\u015fkan Se\u00e7er, festivallerin bu s\u0131k\u0131nt\u0131lar\u0131n k\u0131sa s\u00fcrede olsa unutulmas\u0131 i\u00e7in bir ara\u00e7 oldu\u011funu ifade ederek,&nbsp;<strong>&#8220;3 g\u00fcn bunlar\u0131 unutun. Bak\u0131n belediyeleriniz, kurumlar\u0131n\u0131z sizlere ne g\u00fczel imkanlar haz\u0131rlam\u0131\u015f. Bir arada dost\u00e7a, karde\u015f\u00e7e keyfinize bak\u0131n, sizler i\u00e7in \u00e7al\u0131\u015fmaya devam edece\u011fiz. Sizin kaynaklar\u0131n\u0131z\u0131 en iyi \u015fekilde kulland\u0131\u011f\u0131m\u0131zdan da l\u00fctfen emin olunuz. 5 y\u0131l elimizden gelen en g\u00fczel hizmetleri yapt\u0131k, gelecek 5 y\u0131l da \u00e7ok daha g\u00fczel hizmetler yapaca\u011f\u0131z&#8221;<\/strong>&nbsp;s\u00f6zleriyle festivale kat\u0131lan herkesi selamlayarak konu\u015fmas\u0131n sonland\u0131rd\u0131.<\/p>\n\n\n\n<p><strong>Karalar: &#8220;Ba\u015fkan Se\u00e7er ilk 5 y\u0131l ba\u015far\u0131l\u0131yd\u0131, \u015fimdi efsane olmaya do\u011fru gidiyor&#8221;<\/strong><\/p>\n\n\n\n<p>Mersin&#8217;in en renkli ve co\u015fkulu festivallerinden birisi olan Uluslararas\u0131 Tarsus Festivali&#8217;ne Adana B\u00fcy\u00fck\u015fehir Belediye Ba\u015fkan\u0131 Zeydan Karalar ve Nuray Karalar da kat\u0131ld\u0131. Karalar, Adana&#8217;n\u0131n Tarsus ile olan yak\u0131nl\u0131\u011f\u0131ndan ve birlikteli\u011finden dolay\u0131 b\u00fcy\u00fck bir mutluluk duyduklar\u0131n\u0131 kaydetti. Ba\u015fkan Se\u00e7er&#8217;i festival i\u00e7in tebrik ederek konu\u015fmas\u0131n\u0131 s\u00fcrd\u00fcren Karalar,&nbsp;<strong>&#8220;B\u00fct\u00fcn kentte y\u00fczde 60 oy almak \u00e7ok b\u00fcy\u00fck i\u015fti ve ger\u00e7ekle\u015ftirdi. Bizim de partimize oy kazand\u0131rd\u0131\u011f\u0131 i\u00e7in ayr\u0131ca te\u015fekk\u00fcr ediyoruz. \u0130lk 5 y\u0131l ba\u015far\u0131l\u0131yd\u0131, \u015fimdi efsane olmaya do\u011fru gidiyor. Ben inan\u0131yorum ki uzun y\u0131llar Vahap Se\u00e7er unutulmayacak&#8221;<\/strong>&nbsp;diyerek, Se\u00e7er&#8217;in halka hak etti\u011fini verdi\u011fini s\u00f6yledi. Festivaller sayesinde Adana&#8217;n\u0131n ve Mersin&#8217;in b\u00f6lge olarak \u00e7ok daha ileriye gidece\u011fini de s\u00f6yleyen Karalar, emek veren herkesi tebrik ederek konu\u015fmas\u0131n\u0131 sonland\u0131rd\u0131.<\/p>\n\n\n\n<p><strong>Bolta\u00e7: &#8220;Uyumla, huzurla, memnuniyetle Tarsus i\u00e7in \u00e7al\u0131\u015fmaya devam edece\u011fiz&#8221;<\/strong><\/p>\n\n\n\n<p>Bu sene B\u00fcy\u00fck\u015fehir&#8217;in 3.&#8217;s\u00fcn\u00fc ger\u00e7ekle\u015ftirdi\u011fi festivale Tarsus Belediyesi olarak destek verdiklerini s\u00f6yleyen Tarsus Belediye Ba\u015fkan\u0131 Ali Bolta\u00e7,&nbsp;<strong>&#8220;Hepinize kentimize sahip \u00e7\u0131kt\u0131\u011f\u0131n\u0131z ve bu kente de\u011fer katt\u0131\u011f\u0131n\u0131z i\u00e7in \u015f\u00fckranlar\u0131m\u0131 sunuyorum. On bin y\u0131ll\u0131k tarihi kentimiz Tarsus, 2019&#8217;da B\u00fcy\u00fck\u015fehir Belediye Ba\u015fkan\u0131m\u0131z Say\u0131n Vahap Se\u00e7er ile ba\u015flay\u0131p, 2024&#8217;te de bizlerin deste\u011fi ile birlikte art\u0131k hak etti\u011fi noktalara geliyor. Uyumla, huzurla, memnuniyetle halk\u0131m\u0131za hizmet i\u00e7in \u00e7al\u0131\u015faca\u011f\u0131z&#8221;<\/strong>&nbsp;ifadelerini kulland\u0131.<\/p>\n","protected":false},"excerpt":{"rendered":"<p>Mersin B\u00fcy\u00fck\u015fehir Belediyesi&#8217;nin&nbsp;&#8216;Tarihin \u0130zinde, Efsaneler \u0130\u00e7inde&#8217;&nbsp;slogan\u0131yla d\u00fczenledi\u011fi ve daha ilk g\u00fcnden rengarenk g\u00f6r\u00fcnt\u00fclere sahne olan&nbsp;&#8216;3. Uluslararas\u0131 Tarsus Festivali&#8216;,&nbsp;Mersin B\u00fcy\u00fck\u015fehir Belediye Ba\u015fkan\u0131 Vahap Se\u00e7er&#8217;in \u00f6nc\u00fcl\u00fc\u011f\u00fcndeki kortej y\u00fcr\u00fcy\u00fc\u015f\u00fcyle resmi olarak ba\u015flad\u0131. Binlerce Tarsuslunun kat\u0131ld\u0131\u011f\u0131 kortej y\u00fcr\u00fcy\u00fc\u015f\u00fcnde Ba\u015fkan Se\u00e7er, Aznakay Park\u0131&#8217;ndan Yarenlik Alan\u0131&#8217;na kadar vatanda\u015flar, maskotlar ve Mersin B\u00fcy\u00fck\u015fehir Belediye Bandosu e\u015fli\u011finde y\u00fcr\u00fcd\u00fc. Korteje; Tarsuslular balkonlardan alk\u0131\u015flar ve [&hellip;]<\/p>\n","protected":false},"author":2,"featured_media":36649,"comment_status":"closed","ping_status":"closed","sticky":false,"template":"","format":"standard","meta":{"footnotes":""},"categories":[1,2,3],"tags":[],"class_list":["post-36648","post","type-post","status-publish","format-standard","has-post-thumbnail","hentry","category-genel","category-gundem","category-manset"],"views":3,"_links":{"self":[{"href":"https:\/\/mersinkadingazetesi.com\/index.php?rest_route=\/wp\/v2\/posts\/36648"}],"collection":[{"href":"https:\/\/mersinkadingazetesi.com\/index.php?rest_route=\/wp\/v2\/posts"}],"about":[{"href":"https:\/\/mersinkadingazetesi.com\/index.php?rest_route=\/wp\/v2\/types\/post"}],"author":[{"embeddable":true,"href":"https:\/\/mersinkadingazetesi.com\/index.php?rest_route=\/wp\/v2\/users\/2"}],"replies":[{"embeddable":true,"href":"https:\/\/mersinkadingazetesi.com\/index.php?rest_route=%2Fwp%2Fv2%2Fcomments&post=36648"}],"version-history":[{"count":1,"href":"https:\/\/mersinkadingazetesi.com\/index.php?rest_route=\/wp\/v2\/posts\/36648\/revisions"}],"predecessor-version":[{"id":36650,"href":"https:\/\/mersinkadingazetesi.com\/index.php?rest_route=\/wp\/v2\/posts\/36648\/revisions\/36650"}],"wp:featuredmedia":[{"embeddable":true,"href":"https:\/\/mersinkadingazetesi.com\/index.php?rest_route=\/wp\/v2\/media\/36649"}],"wp:attachment":[{"href":"https:\/\/mersinkadingazetesi.com\/index.php?rest_route=%2Fwp%2Fv2%2Fmedia&parent=36648"}],"wp:term":[{"taxonomy":"category","embeddable":true,"href":"https:\/\/mersinkadingazetesi.com\/index.php?rest_route=%2Fwp%2Fv2%2Fcategories&post=36648"},{"taxonomy":"post_tag","embeddable":true,"href":"https:\/\/mersinkadingazetesi.com\/index.php?rest_route=%2Fwp%2Fv2%2Ftags&post=36648"}],"curies":[{"name":"wp","href":"https:\/\/api.w.org\/{rel}","templated":true}]}}