{"id":36651,"date":"2024-11-03T09:54:10","date_gmt":"2024-11-03T06:54:10","guid":{"rendered":"https:\/\/mersinkadingazetesi.com\/?p=36651"},"modified":"2024-11-03T09:54:10","modified_gmt":"2024-11-03T06:54:10","slug":"3-uluslararasi-tarsus-festivalinde-madrigal-ruzgari","status":"publish","type":"post","link":"https:\/\/mersinkadingazetesi.com\/?p=36651","title":{"rendered":"3. ULUSLARARASI TARSUS FEST\u0130VAL\u0130&#8217;NDE MADR\u0130GAL R\u00dcZGARI"},"content":{"rendered":"\n<p>Tarsus&#8217;un en sevilen festivalini bu y\u0131l 3. kez yapan Mersin B\u00fcy\u00fck\u015fehir Belediyesi,&nbsp;<strong><em>&#8216;3. Uluslararas\u0131 Tarsus Festivali&#8217;<\/em><\/strong>nin ilk g\u00fcn\u00fcnden festivale kat\u0131lan herkesi hayran b\u0131rakmay\u0131 ba\u015fard\u0131.&nbsp;<strong><em>&#8216;Tarihin \u0130zinde, Efsaneler \u0130\u00e7inde&#8217;<\/em><\/strong>&nbsp;slogan\u0131yla d\u00fcnyan\u0131n en kadim kentlerinden birisi olan ve her yan\u0131ndan tarih f\u0131\u015fk\u0131ran Tarsus&#8217;u adeta karnaval alan\u0131na \u00e7eviren B\u00fcy\u00fck\u015fehir, T\u00fcrkiye&#8217;nin d\u00f6rt bir yan\u0131ndan gelen ki\u015filerin yan\u0131 s\u0131ra d\u00fcnyan\u0131n pek \u00e7ok noktas\u0131ndan gelen konuklara da unutulmaz bir festival ya\u015fatt\u0131.<\/p>\n\n\n\n<p>Her g\u00fcne onlarca etkinlik s\u0131\u011fd\u0131ran ve Tarsus&#8217;un b\u00fct\u00fcn sokaklar\u0131n\u0131 karnavala \u00e7eviren ekipler, T\u00fcrkiye&#8217;nin en sevilen sanat\u00e7\u0131lar\u0131n\u0131 da konuk ederek Tarsuslulara en e\u011flenceli sahneleri sundu. K\u00fclt\u00fcr ve Sosyal \u0130\u015fler Dairesi Ba\u015fkanl\u0131\u011f\u0131 koordinesinde yap\u0131lan festivalin ilk g\u00fcn\u00fcne T\u00fcrkiye&#8217;nin en sevilen m\u00fczik gruplar\u0131ndan birisi olan&nbsp;<strong><em>&#8216;Madrigal&#8217;<\/em><\/strong>&nbsp;damga vurdu. Cumhuriyet Meydan\u0131&#8217;nda hayranlar\u0131yla bulu\u015fan Madrigal ekibinin performans\u0131 \u00f6ncesi Mc Halil Bal ile DJ Emircan Saltaba\u015f da sahne ald\u0131.<\/p>\n\n\n\n<p><strong>\u00d6zd\u00fclger: &#8220;Tarsuslu vatanda\u015flar\u0131m\u0131zla ve Madrigal grubuyla bir arada olmaktan b\u00fcy\u00fck mutluluk duyuyoruz&#8221;<\/strong><\/p>\n\n\n\n<p>Tarsuslular\u0131n ard\u0131 ard\u0131na \u00e7\u0131kan e\u011flenceli sanat\u00e7\u0131larla co\u015fmas\u0131n\u0131n ard\u0131ndan sahneye \u00e7\u0131karak Madrigal grubuna \u00e7i\u00e7ek takdim eden K\u00fclt\u00fcr ve Sosyal \u0130\u015fler Dairesi Ba\u015fkanl\u0131\u011f\u0131 Koordinat\u00f6r\u00fc, Opera Sanat\u00e7\u0131s\u0131 Bengi \u0130spir \u00d6zd\u00fclger, Mersin B\u00fcy\u00fck\u015fehir Belediye Ba\u015fkan\u0131 Vahap Se\u00e7er&#8217;in selam\u0131n\u0131 t\u00fcm Tarsuslulara iletti. \u00d6zd\u00fclger,&nbsp;<strong>&#8220;Tarsuslu vatanda\u015flar\u0131m\u0131zla ve tabii ki sevgili Madrigal grubuyla bu y\u0131l \u00fc\u00e7\u00fcnc\u00fcs\u00fcn\u00fc ger\u00e7ekle\u015ftirdi\u011fimiz Tarsus Festivali&#8217;mizde bir arada olmaktan b\u00fcy\u00fck mutluluk duyuyoruz&#8221;<\/strong>&nbsp;dedi. Etkinliklerle dolu olan keyifli bir g\u00fcn\u00fcn geride kald\u0131\u011f\u0131n\u0131 belirten \u00d6zd\u00fclger,&nbsp;<strong>&#8220;Beraberce daha dolu dolu, nefis bir festival ya\u015fayal\u0131m istiyoruz, \u00e7\u00fcnk\u00fc bu g\u00fczel festivali siz de\u011ferli Tarsuslu vatanda\u015flar\u0131m\u0131z i\u00e7in yap\u0131yoruz. Hepinize \u00e7ok \u00e7ok te\u015fekk\u00fcr ediyorum, gelecek y\u0131l 4. Uluslararas\u0131 Tarsus Festivali&#8217;nde g\u00f6r\u00fc\u015fmek \u00fczere&#8221;<\/strong>&nbsp;s\u00f6zlerine yer verdi.<\/p>\n\n\n\n<p><strong>Tarsuslular festivale ve Madrigal grubuna hayran kald\u0131<\/strong><\/p>\n\n\n\n<p>Tarsus \u00dcniversitesi&#8217;nde Ebelik B\u00f6l\u00fcm\u00fc&#8217;nde okuyan Hilal Sezer,&nbsp;<strong>&#8220;Festival \u00e7ok g\u00fczel ge\u00e7iyor, \u00e7ok e\u011flenceli, \u00e7ok dinamik. Tam olarak \u00f6\u011frencilere ve gen\u00e7lere hitaben yap\u0131lm\u0131\u015f. Biz gen\u00e7ler \u00f6zellikle daha \u00e7ok olmas\u0131n\u0131 isteriz. Cumhuriyetin 101. y\u0131l\u0131 kutlu olsun&#8221;<\/strong>&nbsp;dedi.<\/p>\n\n\n\n<p>Lise \u00f6\u011frencisi olan Hatice Do\u011fanc\u0131l\u0131,&nbsp;<strong>&#8220;Festival e\u011flenceli ge\u00e7iyor. \u00c7ok g\u00fczel, \u00e7ok sevindik ne zamand\u0131r konser olmuyordu. Vahap Se\u00e7er&#8217;e \u00e7ok te\u015fekk\u00fcr ederiz konser i\u00e7in. B\u00f6yle etkinlikleri \u00e7ok seviyorum, daha fazla olursa \u00e7ok sevinirim. \u00c7\u00fcnk\u00fc arkada\u015flar\u0131m\u0131zla geliyoruz ve o kadar e\u011flenceli ge\u00e7iyor ki. Etkinlikler oluyor, onlar da \u00e7ok g\u00fczel, \u00e7ok e\u011flenceli&#8221;<\/strong>&nbsp;\u015feklinde konu\u015ftu.<\/p>\n\n\n\n<p>Tarsus&#8217;ta ya\u015fayan gen\u00e7 Bedirhan Bilici,&nbsp;<strong>&#8220;Festival \u00e7ok iyi ge\u00e7iyor. Etkinlikleri \u00e7ok g\u00fczel buldum. Daha her yeri gezemedim ama gezece\u011fim. Tarsus&#8217;ta \u00e7ok daha fazla etkinlik olmas\u0131n\u0131 isteriz&#8221;&nbsp;<\/strong>diyerek, Ba\u015fkan Se\u00e7er&#8217;e te\u015fekk\u00fcr etti. Ahmet Bul\u015fah ise bir gen\u00e7 olarak bu tarz etkinliklerde \u00e7ok e\u011flendiklerini ve daha s\u0131k olmas\u0131 gerekti\u011fini s\u00f6yledi.<\/p>\n\n\n\n<p>Madrigal hayran\u0131 olan Dilara Ta\u015f,&nbsp;<strong>&#8220;Konser \u00e7ok g\u00fczel ge\u00e7iyor, y\u0131llard\u0131r bu an\u0131 bekliyordum. Tarsus&#8217;ta bu tarz etkinlikler daha fazla olmal\u0131&#8221;<\/strong>&nbsp;dedi. Zeynep Aynac\u0131,&nbsp;<strong>&#8220;Festival harika ge\u00e7iyor, daha fazla olsun. Ge\u00e7en sene de gelmi\u015ftim, bu y\u0131lda geldim. \u00c7ok keyifli&#8221;&nbsp;<\/strong>ifadelerine yer verdi.<\/p>\n\n\n\n<p>Tarsus \u00dcniversitesi&#8217;nde Havac\u0131l\u0131k ve Uzay M\u00fchendisli\u011fi okuyan Fatma Zehra \u0130nci,&nbsp;<strong>&#8220;\u00c7ok g\u00fczel ge\u00e7iyor. T\u00fcm etkinlikler \u00e7ok g\u00fczeldi. \u00d6zellikle konserde bulundu\u011fum i\u00e7in \u00e7ok mutluyum. Biz gen\u00e7ler i\u00e7in \u00f6zellikle Tarsus&#8217;ta bu tarz etkinliklerin olmas\u0131n\u0131 \u00e7ok isteriz. Cumhuriyetimizin y\u0131l d\u00f6n\u00fcm\u00fc kutlu olsun&#8221;<\/strong>&nbsp;\u015feklinde konu\u015ftu.<\/p>\n","protected":false},"excerpt":{"rendered":"<p>Tarsus&#8217;un en sevilen festivalini bu y\u0131l 3. kez yapan Mersin B\u00fcy\u00fck\u015fehir Belediyesi,&nbsp;&#8216;3. Uluslararas\u0131 Tarsus Festivali&#8217;nin ilk g\u00fcn\u00fcnden festivale kat\u0131lan herkesi hayran b\u0131rakmay\u0131 ba\u015fard\u0131.&nbsp;&#8216;Tarihin \u0130zinde, Efsaneler \u0130\u00e7inde&#8217;&nbsp;slogan\u0131yla d\u00fcnyan\u0131n en kadim kentlerinden birisi olan ve her yan\u0131ndan tarih f\u0131\u015fk\u0131ran Tarsus&#8217;u adeta karnaval alan\u0131na \u00e7eviren B\u00fcy\u00fck\u015fehir, T\u00fcrkiye&#8217;nin d\u00f6rt bir yan\u0131ndan gelen ki\u015filerin yan\u0131 s\u0131ra d\u00fcnyan\u0131n pek \u00e7ok noktas\u0131ndan [&hellip;]<\/p>\n","protected":false},"author":2,"featured_media":36652,"comment_status":"closed","ping_status":"closed","sticky":false,"template":"","format":"standard","meta":{"footnotes":""},"categories":[3],"tags":[],"class_list":["post-36651","post","type-post","status-publish","format-standard","has-post-thumbnail","hentry","category-manset"],"views":4,"_links":{"self":[{"href":"https:\/\/mersinkadingazetesi.com\/index.php?rest_route=\/wp\/v2\/posts\/36651"}],"collection":[{"href":"https:\/\/mersinkadingazetesi.com\/index.php?rest_route=\/wp\/v2\/posts"}],"about":[{"href":"https:\/\/mersinkadingazetesi.com\/index.php?rest_route=\/wp\/v2\/types\/post"}],"author":[{"embeddable":true,"href":"https:\/\/mersinkadingazetesi.com\/index.php?rest_route=\/wp\/v2\/users\/2"}],"replies":[{"embeddable":true,"href":"https:\/\/mersinkadingazetesi.com\/index.php?rest_route=%2Fwp%2Fv2%2Fcomments&post=36651"}],"version-history":[{"count":1,"href":"https:\/\/mersinkadingazetesi.com\/index.php?rest_route=\/wp\/v2\/posts\/36651\/revisions"}],"predecessor-version":[{"id":36653,"href":"https:\/\/mersinkadingazetesi.com\/index.php?rest_route=\/wp\/v2\/posts\/36651\/revisions\/36653"}],"wp:featuredmedia":[{"embeddable":true,"href":"https:\/\/mersinkadingazetesi.com\/index.php?rest_route=\/wp\/v2\/media\/36652"}],"wp:attachment":[{"href":"https:\/\/mersinkadingazetesi.com\/index.php?rest_route=%2Fwp%2Fv2%2Fmedia&parent=36651"}],"wp:term":[{"taxonomy":"category","embeddable":true,"href":"https:\/\/mersinkadingazetesi.com\/index.php?rest_route=%2Fwp%2Fv2%2Fcategories&post=36651"},{"taxonomy":"post_tag","embeddable":true,"href":"https:\/\/mersinkadingazetesi.com\/index.php?rest_route=%2Fwp%2Fv2%2Ftags&post=36651"}],"curies":[{"name":"wp","href":"https:\/\/api.w.org\/{rel}","templated":true}]}}