{"id":36657,"date":"2024-11-03T09:59:23","date_gmt":"2024-11-03T06:59:23","guid":{"rendered":"https:\/\/mersinkadingazetesi.com\/?p=36657"},"modified":"2024-11-03T09:59:25","modified_gmt":"2024-11-03T06:59:25","slug":"baskan-secer-tarima-yapilan-destegi-bu-yil-yuzde-80-oraninda-artirdik","status":"publish","type":"post","link":"https:\/\/mersinkadingazetesi.com\/?p=36657","title":{"rendered":"BA\u015eKAN SE\u00c7ER: &#8220;TARIMA YAPILAN DESTE\u011e\u0130 BU YIL Y\u00dcZDE 80 ORANINDA ARTIRDIK&#8221;"},"content":{"rendered":"\n<p>Mersin B\u00fcy\u00fck\u015fehir Belediye Ba\u015fkan\u0131 Vahap Se\u00e7er, 3. Uluslararas\u0131 Tarsus Festivali kapsam\u0131nda Tarsus M\u00fczesi&#8217;nde d\u00fczenlenen<strong><em>&nbsp;&#8216;K\u00fcresel \u0130klim Krizi, Tar\u0131m ve Onar\u0131c\u0131 Tar\u0131ma Ge\u00e7i\u015f&#8217;&nbsp;<\/em><\/strong>konulu s\u00f6yle\u015fiye kat\u0131ld\u0131. Yekta Kopan ve Cem Seymen&#8217;in s\u00f6yle\u015fisinin sonunda s\u00f6z alan Ba\u015fkan Se\u00e7er, Mersin B\u00fcy\u00fck\u015fehir Belediyesi olarak 2019&#8217;dan bu yana tar\u0131ma verdikleri \u00f6nem ve desteklerden bahsetti.<\/p>\n\n\n\n<p>Yekta Kopan&#8217;\u0131n moderat\u00f6rl\u00fc\u011f\u00fcnde ger\u00e7ekle\u015fen&nbsp;<strong><em>&#8216;K\u00fcresel \u0130klim Krizi, Tar\u0131m ve Onar\u0131c\u0131 Tar\u0131ma Ge\u00e7i\u015f&#8217;<\/em><\/strong>&nbsp;s\u00f6yle\u015fisinde organik ve s\u00fcrd\u00fcr\u00fclebilir \u00fcretim, T\u00fcrkiye tar\u0131m\u0131nda \u00fcretim bile\u015fenlerine gidi\u015f yolu, onar\u0131c\u0131 tar\u0131m y\u00f6ntemleri neler olabilir, b\u00fct\u00fcnleyici ve onar\u0131c\u0131 tar\u0131mla do\u011faya zarar vermeden \u00fcretim anlay\u0131\u015f\u0131, karbon ayak izi, sera gaz\u0131 emisyonu gibi konu ba\u015fl\u0131klar\u0131nda \u00f6nemli bilgiler payla\u015f\u0131ld\u0131.<\/p>\n\n\n\n<p><strong>Se\u00e7er: &#8220;Tar\u0131ma yap\u0131lan deste\u011fi bu y\u0131l y\u00fczde 80 oran\u0131nda art\u0131rd\u0131k&#8221;<\/strong><\/p>\n\n\n\n<p>B\u00fcy\u00fck\u015fehir&#8217;in tar\u0131m konusunda 2019 y\u0131l\u0131ndan itibaren b\u00fcy\u00fck destekleri oldu\u011funu ve kendisinin de Ziraat M\u00fchendisi oldu\u011funu kaydeden Ba\u015fkan Se\u00e7er,&nbsp;<strong>&#8220;Benim i\u00e7in tar\u0131m \u00f6nemli. B\u00f6lgem tar\u0131m b\u00f6lgesi ve tar\u0131ma destek yaparken de son derece bonk\u00f6r davran\u0131yorum. T\u00fcrkiye&#8217;de 2025 b\u00fct\u00e7esi haz\u0131rlan\u0131yor. Tar\u0131ma ayr\u0131lan b\u00fct\u00e7e yakla\u015f\u0131k 90 milyardan, 135 milyara \u00e7\u0131kar\u0131ld\u0131. Bizim de direkt deste\u011fimiz ge\u00e7en y\u0131l 119 milyon lirayd\u0131, y\u00fczde 80 art\u0131\u015fla 215 milyon TL&#8217;ye \u00e7\u0131kard\u0131k. Direkt destek bu; fide, fidan, hayvanc\u0131l\u0131k, sulama borusu deste\u011fi&#8221;<\/strong>&nbsp;diye s\u0131ralad\u0131. Bu y\u0131l g\u00fcne\u015f enerji santrali (GES) deste\u011fini de eklediklerini belirten Se\u00e7er, y\u00fczde 50 hibe ile sulama kooperatiflerine destek olduklar\u0131n\u0131 ve sulama i\u00e7in gereken elektri\u011fin yenilenebilir enerji kaynaklar\u0131ndan al\u0131nmas\u0131n\u0131 sa\u011flad\u0131klar\u0131n\u0131 kaydetti.<\/p>\n\n\n\n<p><strong>&#8220;H\u00fck\u00fcmetin a\u00e7\u0131k b\u0131rakt\u0131\u011f\u0131 alanlara belediyeler dokunuyor&#8221;<\/strong><\/p>\n\n\n\n<p>Tar\u0131ma deste\u011fin belediyelerin asli g\u00f6revi olmamas\u0131na ragmen h\u00fck\u00fcmetin bo\u015f b\u0131rakt\u0131\u011f\u0131 yerleri belediyelerin doldurmas\u0131 gerekti\u011fini vurgulayan Se\u00e7er,&nbsp;<strong>&#8220;Benim asli g\u00f6revim de\u011fil diye h\u00fck\u00fcmetin bo\u015f b\u0131rakt\u0131\u011f\u0131 alanlara dokunmayaca\u011f\u0131m diye bir \u015fey yok. \u0130nsanlar evine ekmek g\u00f6t\u00fcremiyor.&nbsp;<em>&#8216;Cumhuriyet Halk Partili Belediyeler bir politika ortaya koyuyor&#8217;<\/em>&nbsp;diyoruz&#8221;<\/strong>&nbsp;diye konu\u015ftu. Belediyelerin siyaset kurumlar\u0131 i\u00e7erisinde halka en yak\u0131n kurumlar oldu\u011funu s\u00f6yleyen Se\u00e7er,&nbsp;<strong>&#8220;Halk\u0131n hassasiyetlerini, ihtiya\u00e7 durumlar\u0131n\u0131 bilen en yak\u0131n kurumlar, belediyelerdir. Do\u011fal olarak da b\u00f6lgesinde tar\u0131msal \u00fcretim kapasitesi olan her belediye ba\u015fkan\u0131 tar\u0131ma destek vermek zorunda. Yoksa \u00fcretim m\u00fcmk\u00fcn de\u011fil&#8221;&nbsp;<\/strong>dedi.<\/p>\n\n\n\n<p>D\u00fcnya piyasas\u0131nda g\u0131da fiyatlar\u0131n\u0131n d\u00fc\u015ft\u00fc\u011f\u00fcn\u00fc ama T\u00fcrkiye&#8217;de git gide artt\u0131\u011f\u0131n\u0131 belirten Se\u00e7er,&nbsp;<strong>&#8220;D\u00fcnyada tar\u0131m\u0131na destek vermeyen \u00fclke yoktur. Onu s\u00fcbvanse eder ve g\u0131day\u0131 rahat ula\u015f\u0131ls\u0131n diye \u00fcretir. Ama T\u00fcrkiye&#8217;de yeterli de\u011fil&#8221;<\/strong>&nbsp;ifadelerine yer verdi. Gayri Safi Yurti\u00e7i Has\u0131la&#8217;da (GSYH) tar\u0131m\u0131n pay\u0131n\u0131n direkt \u00fcreticiye yans\u0131mas\u0131 gerekti\u011fini belirten Se\u00e7er, deste\u011fin yetersizli\u011fine dikkat \u00e7ekerek,&nbsp;<strong>&#8220;Hi\u00e7 de\u011fi\u015fmedi, 22 y\u0131ld\u0131r da ayn\u0131 irade y\u00f6netiyor&#8221;<\/strong>&nbsp;s\u00f6zlerine yer verdi.<\/p>\n\n\n\n<p><strong>&#8220;Verdi\u011fimiz GES destekleri onar\u0131c\u0131 tar\u0131md\u0131r&#8221;<\/strong><\/p>\n\n\n\n<p>Ba\u015fkan Se\u00e7er, Avrupa \u00fclkelerinin tar\u0131m\u0131n k\u0131ymetini \u00e7ok daha iyi bildi\u011fini vurgulad\u0131. Seymen&#8217;in onar\u0131c\u0131 tar\u0131m i\u00e7in neler yap\u0131labilece\u011fi y\u00f6n\u00fcndeki sorusu \u00fczerine Ba\u015fkan Se\u00e7er,&nbsp;<strong>&#8220;Bizim GES&#8217;e verdi\u011fimiz destekler ciddi mali b\u00fct\u00e7eler gerektiriyor. Asl\u0131nda bir onar\u0131c\u0131 tar\u0131md\u0131r. Ben o GES deste\u011fini yapmasam \u00fcretici o g\u00fcne\u015f enerji santralini kurmayacak, elektrik kullanacak. \u00c7o\u011funlukla T\u00fcrkiye&#8217;de elektrik \u00fcretimi termo elektrik santralleridir. Buyurun size sera gaz\u0131 emisyonunda art\u0131\u015fa neden olan bir \u00fcretim \u015fekli. Organik tar\u0131m\u0131 \u00f6nceliyoruz. \u00d6rne\u011fin; Baland\u0131z&#8217;\u0131n sar\u0131 bu\u011fday\u0131, G\u00fclnar&#8217;\u0131n nohutu var, Ata tohumlar\u0131.&nbsp;<em>&#8216;Bunlara y\u00f6nelin, organik tar\u0131m yap\u0131n, kimyasal g\u00fcbre kullanmay\u0131n. Bunlar\u0131n deste\u011fini verelim&#8217;<\/em>&nbsp;diyoruz&#8221;<\/strong>&nbsp;diye konu\u015ftu.<\/p>\n\n\n\n<p><strong>&#8220;Bilin\u00e7li tar\u0131m destekleri yapmaya gayret ediyoruz&#8221;<\/strong><\/p>\n\n\n\n<p><strong>&#8220;Biz B\u00fcy\u00fck\u015fehir Belediyesi olarak kendi \u00f6l\u00e7e\u011fimizde bilin\u00e7li tar\u0131m desteklerini yapmaya gayret ediyoruz&#8221;<\/strong>&nbsp;diyen Ba\u015fkan Se\u00e7er, T\u00fcrkiye tar\u0131m\u0131nda en \u00f6nemli sorunlar\u0131ndan birinin kaynaklar\u0131n son derece bilin\u00e7siz kullan\u0131lmas\u0131 oldu\u011funun alt\u0131n\u0131 \u00e7izdi. Se\u00e7er,&nbsp;<strong>&#8220;Korkun\u00e7 bir kaynak israf\u0131 yap\u0131l\u0131yor. Umar\u0131m iktidara geldi\u011fimiz zaman hangi konumda olursak olal\u0131m Tar\u0131m Bakan\u0131m\u0131za Mersin&#8217;de yapt\u0131\u011f\u0131m\u0131z hayvanc\u0131l\u0131k projesini uygulamas\u0131n\u0131 \u00f6nerece\u011fim&#8221;<\/strong>&nbsp;diye konu\u015ftu ve 2020 y\u0131l\u0131nda ba\u015flad\u0131klar\u0131&nbsp;<strong>&#8216;Hadi Gel K\u00f6y\u00fcm\u00fcze Destek Verelim&#8217;<\/strong>&nbsp;projesinin detaylar\u0131n\u0131 payla\u015ft\u0131. Ba\u015fkan Se\u00e7er,&nbsp;<strong>&#8220;300 yeni \u00e7iftlik kurduk. Bu \u00e7iftli\u011fin y\u00fczde 50&#8217;si kad\u0131n. Bu insanlar\u0131n g\u00fcc\u00fc, bilgi birikimi var; sermayesi yok. Biz \u015fu anda Mersin co\u011frafyas\u0131na 5 y\u0131lda 20-25 bin k\u00fc\u00e7\u00fckba\u015f hayvan kazand\u0131rd\u0131k. Proje b\u00f6yle olur. Proje ve kaynak kullan\u0131m\u0131 bu \u015fekilde olursa T\u00fcrkiye her i\u015fi ba\u015far\u0131r&#8221;<\/strong>&nbsp;dedi.<\/p>\n\n\n\n<p>Seymen, kurulan \u00e7iftliklerin sadece g\u0131da de\u011fil ekolojik bir ya\u015fam bi\u00e7imi de \u00fcretti\u011fini s\u00f6yleyerek Ba\u015fkan Se\u00e7er&#8217;i projelerinden \u00f6t\u00fcr\u00fc tebrik etti.<\/p>\n\n\n\n<p>Ba\u015fkan Se\u00e7er, s\u00f6yle\u015finin ard\u0131ndan Meral Se\u00e7er ile beraber \u00fcretici kad\u0131n stantlar\u0131, Yery\u00fcz\u00fc Pazar\u0131 ve tarihi K\u0131rkka\u015f\u0131k Bedesteni&#8217;ni gezerek vatanda\u015flar ile sohbet etti.<\/p>\n","protected":false},"excerpt":{"rendered":"<p>Mersin B\u00fcy\u00fck\u015fehir Belediye Ba\u015fkan\u0131 Vahap Se\u00e7er, 3. Uluslararas\u0131 Tarsus Festivali kapsam\u0131nda Tarsus M\u00fczesi&#8217;nde d\u00fczenlenen&nbsp;&#8216;K\u00fcresel \u0130klim Krizi, Tar\u0131m ve Onar\u0131c\u0131 Tar\u0131ma Ge\u00e7i\u015f&#8217;&nbsp;konulu s\u00f6yle\u015fiye kat\u0131ld\u0131. Yekta Kopan ve Cem Seymen&#8217;in s\u00f6yle\u015fisinin sonunda s\u00f6z alan Ba\u015fkan Se\u00e7er, Mersin B\u00fcy\u00fck\u015fehir Belediyesi olarak 2019&#8217;dan bu yana tar\u0131ma verdikleri \u00f6nem ve desteklerden bahsetti. Yekta Kopan&#8217;\u0131n moderat\u00f6rl\u00fc\u011f\u00fcnde ger\u00e7ekle\u015fen&nbsp;&#8216;K\u00fcresel \u0130klim Krizi, Tar\u0131m ve [&hellip;]<\/p>\n","protected":false},"author":2,"featured_media":36658,"comment_status":"closed","ping_status":"closed","sticky":false,"template":"","format":"standard","meta":{"footnotes":""},"categories":[34,1,3],"tags":[],"class_list":["post-36657","post","type-post","status-publish","format-standard","has-post-thumbnail","hentry","category-flas-haber","category-genel","category-manset"],"views":5,"_links":{"self":[{"href":"https:\/\/mersinkadingazetesi.com\/index.php?rest_route=\/wp\/v2\/posts\/36657"}],"collection":[{"href":"https:\/\/mersinkadingazetesi.com\/index.php?rest_route=\/wp\/v2\/posts"}],"about":[{"href":"https:\/\/mersinkadingazetesi.com\/index.php?rest_route=\/wp\/v2\/types\/post"}],"author":[{"embeddable":true,"href":"https:\/\/mersinkadingazetesi.com\/index.php?rest_route=\/wp\/v2\/users\/2"}],"replies":[{"embeddable":true,"href":"https:\/\/mersinkadingazetesi.com\/index.php?rest_route=%2Fwp%2Fv2%2Fcomments&post=36657"}],"version-history":[{"count":1,"href":"https:\/\/mersinkadingazetesi.com\/index.php?rest_route=\/wp\/v2\/posts\/36657\/revisions"}],"predecessor-version":[{"id":36659,"href":"https:\/\/mersinkadingazetesi.com\/index.php?rest_route=\/wp\/v2\/posts\/36657\/revisions\/36659"}],"wp:featuredmedia":[{"embeddable":true,"href":"https:\/\/mersinkadingazetesi.com\/index.php?rest_route=\/wp\/v2\/media\/36658"}],"wp:attachment":[{"href":"https:\/\/mersinkadingazetesi.com\/index.php?rest_route=%2Fwp%2Fv2%2Fmedia&parent=36657"}],"wp:term":[{"taxonomy":"category","embeddable":true,"href":"https:\/\/mersinkadingazetesi.com\/index.php?rest_route=%2Fwp%2Fv2%2Fcategories&post=36657"},{"taxonomy":"post_tag","embeddable":true,"href":"https:\/\/mersinkadingazetesi.com\/index.php?rest_route=%2Fwp%2Fv2%2Ftags&post=36657"}],"curies":[{"name":"wp","href":"https:\/\/api.w.org\/{rel}","templated":true}]}}