{"id":36660,"date":"2024-11-03T10:03:23","date_gmt":"2024-11-03T07:03:23","guid":{"rendered":"https:\/\/mersinkadingazetesi.com\/?p=36660"},"modified":"2024-11-03T10:03:25","modified_gmt":"2024-11-03T07:03:25","slug":"bu-festival-tarsusa-cok-yakisiyor","status":"publish","type":"post","link":"https:\/\/mersinkadingazetesi.com\/?p=36660","title":{"rendered":"BU FEST\u0130VAL TARSUS&#8217;A \u00c7OK YAKI\u015eIYOR"},"content":{"rendered":"\n<p>Mersin B\u00fcy\u00fck\u015fehir Belediyesi&#8217;nin K\u00fclt\u00fcr ve Sosyal \u0130\u015fler Dairesi Ba\u015fkanl\u0131\u011f\u0131 b\u00fcnyesinde bu y\u0131l 3.&#8217;s\u00fcn\u00fc organize etti\u011fi&nbsp;<strong>&#8216;Uluslararas\u0131 Tarsus Festivali&#8217;<\/strong>, m\u00fczik ve e\u011flenceyi bir araya getirirken; sanat at\u00f6lyeleri ve s\u00f6yle\u015filer ile de vatanda\u015flar\u0131n yeni bilgi ve deneyimler edinmesine \u00f6nc\u00fcl\u00fck etmeyi s\u00fcrd\u00fcr\u00fcyor. Bu kapsamda Tarsus M\u00fczesi, St. Paul Meydan\u0131, Tarsusa&#8217;a De\u011fer katanlar (TADEKA) Binas\u0131 ve Siptilli \u00c7ar\u015f\u0131s\u0131 gibi kentin tarihi dokular\u0131 aras\u0131nda ger\u00e7ekle\u015ftirilen, \u00fcnl\u00fc \u015feflerin yan\u0131 s\u0131ra alan\u0131nda uzman pek \u00e7ok ismin yer ald\u0131\u011f\u0131 programlar, Tarsuslular taraf\u0131ndan severek geni\u015f bir kat\u0131l\u0131mla ger\u00e7ekle\u015fiyor. Etkinlikler sayesinde sevdi\u011fi ve ilgi duyduklar\u0131 isimleri yak\u0131ndan g\u00f6rme ve merak ettikleri sorular\u0131 sorma imkan\u0131 bulan ziyaret\u00e7iler, festivalin genel atmosferinden son derece memnun kald\u0131klar\u0131n\u0131 ifade ediyor.<\/p>\n\n\n\n<p><strong>Kopan: &#8220;Gelecek ku\u015faklar\u0131n kaynaklar\u0131n\u0131 t\u00fcketiyoruz&#8221;<\/strong><\/p>\n\n\n\n<p>Sabah\u0131n erken saatlerinde \u00e7ocuklara y\u00f6nelik ger\u00e7ekle\u015ftirilen at\u00f6lyelerle ba\u015flayan programlar g\u00fcn i\u00e7inde yeti\u015fkinliklerin kendine bir \u015feyler bulabilece\u011fi etkinliklerle devam etti. Bu kapsamda Tarsus M\u00fczesi&#8217;nde Yekta Kopan&#8217;\u0131n moderat\u00f6rl\u00fc\u011f\u00fcnde ger\u00e7ekle\u015fen&nbsp;<strong>&#8216;K\u00fcresel \u0130klim Krizi, Tar\u0131m ve Onar\u0131c\u0131 Tar\u0131ma Ge\u00e7i\u015f&#8217;<\/strong>&nbsp;s\u00f6yle\u015fisinde organik ve s\u00fcrd\u00fcr\u00fclebilir \u00fcretimin \u00f6nemine dikkat \u00e7ekildi. Kopan, 1970&#8217;li y\u0131llarda ciddi bir \u00fcretim kriziyle kar\u015f\u0131 kar\u015f\u0131ya kal\u0131nd\u0131\u011f\u0131n\u0131 belirtirken; o y\u0131llarda&nbsp;<strong>&#8216;Limit A\u015f\u0131m G\u00fcn\u00fc&#8217;<\/strong>n\u00fcn 29 Aral\u0131k oldu\u011funu vurgulad\u0131. Aradan ge\u00e7en yar\u0131m asr\u0131 a\u015fan s\u00fcrede &#8216;Limit A\u015f\u0131m G\u00fcn\u00fc&#8217;n\u00fcn gerilere \u00e7ekildi\u011fini belirten Kopan, 2023 y\u0131l\u0131n\u0131n 2 A\u011fustos&#8217;unda T\u00fcrkiye&#8217;de b\u00fct\u00fcn y\u0131ll\u0131k t\u00fcketim kaynaklar\u0131n\u0131n t\u00fckendi\u011fini vurgulayarak&nbsp;<strong>&#8220;Gelecek ku\u015faklar\u0131n su, hayvansal g\u0131da ve di\u011fer do\u011fal kaynaklar\u0131n\u0131 t\u00fcketiyoruz&#8221;&nbsp;<\/strong>\u015feklinde konu\u015ftu. Kopan, 2024 y\u0131l\u0131nda Limit A\u015f\u0131m G\u00fcn\u00fc&#8217;n\u00fcn Haziran ay\u0131na kadar geriledi\u011fini kaydetti.<\/p>\n\n\n\n<p><strong>Seymen: &#8220;T\u00fcrkiye&#8217;nin a\u00e7l\u0131ktan k\u0131r\u0131lmas\u0131n\u0131n nedeni \u00fcretimin, k\u00f6ylerin bitirilmesi&#8221;<\/strong><\/p>\n\n\n\n<p>Cem Seymen ise ayn\u0131 s\u00f6yle\u015fide yerinde ve organik \u00fcretimin \u00f6nemine dikkat \u00e7ekti. Seymen, \u00e7ift\u00e7iyi yerinde desteklemenin \u00f6neme de\u011finirken,&nbsp;<strong>&#8220;\u00d6nerdi\u011fim \u015fey; yeni bir ya\u015fam bi\u00e7imi. Yeni bir mantaliteye ihtiya\u00e7 var&#8221;<\/strong>&nbsp;dedi. \u00c7ift\u00e7inin yerinde desteklenmesi meselesi \u00fczerinde duran moderat\u00f6r Yekta Kopan&#8217;\u0131n,&nbsp;<strong><em>&#8216;Yerel \u00fcreticinin sesini duyurmak i\u00e7in yerel y\u00f6neticilerin neler yapmas\u0131 gerekti\u011fini&#8217;&nbsp;<\/em><\/strong>sormas\u0131 \u00fczerine Cem Seymen de&nbsp;<strong>&#8220;K\u0131rsal\u0131 kooperatiflerle birle\u015ftirmek gerekiyor. T\u00fcrkiye&#8217;nin a\u00e7l\u0131ktan k\u0131r\u0131lmas\u0131n\u0131n nedeni \u00fcretimin, k\u00f6ylerin bitirilmesi&#8221;<\/strong>&nbsp;diye konu\u015ftu. Seymen, belediyelerin bu noktada olduk\u00e7a \u00f6nemli oldu\u011funa dikkat \u00e7ekerken, \u00e7ift\u00e7inin desteklenmesi meselesini de bir kurtulu\u015f m\u00fccadelesine d\u00f6n\u00fc\u015ft\u00fcrmesi gerekti\u011fine vurgu yapt\u0131.<\/p>\n\n\n\n<p>Yekta Kopan&#8217;\u0131n Tarsus M\u00fczesi&#8217;nde 400&#8217;den fazla kat\u0131l\u0131mc\u0131n\u0131n zaman ay\u0131rarak kendilerini dinlemeye geldiklerini belirterek&nbsp;<strong><em>&#8216;Demek ki hala umut var&#8217;<\/em><\/strong>&nbsp;dedi\u011fi s\u00f6yle\u015fi; Ba\u015fkan Se\u00e7er&#8217;in Cem Seymen&#8217;e; Ba\u015fkan Bolta\u00e7&#8217;\u0131n ise Yekta Kopan&#8217;a \u00e7i\u00e7ek takdimiyle noktaland\u0131.<\/p>\n\n\n\n<p><strong>St. Paul Meydan\u0131&#8217;n\u0131 lezzet kokular\u0131 sard\u0131<\/strong><\/p>\n\n\n\n<p>St.Paul Meydan\u0131&#8217;nda ger\u00e7ekle\u015fen bir ba\u015fka etkinlikten ise, lezzet kokular\u0131 y\u00fckseldi. \u00dcnl\u00fc \u015fef Ferhat Bora&nbsp;<strong>&#8216;Tatl\u0131 bir tabak Tarsus&#8217;&nbsp;<\/strong>temal\u0131 gastronomi sunumunda Mersin ve Tarsus&#8217;a has; Tarsus \u00e7\u00f6re\u011fi, Tarsus Sar\u0131ulak zeytinya\u011f\u0131 ve narenciye \u00fcr\u00fcnleri birle\u015fiminden Tarsus tatl\u0131s\u0131 yapt\u0131. Bora; etkinlikte Tarsuslulara \u00f6zel kendi deneyimlerinden yola \u00e7\u0131karak, pi\u015firme gerektirmeyen ve evde bulunan malzemelerden herkesin \u00e7ok sevece\u011fi yeni bir tatl\u0131 ortaya \u00e7\u0131kard\u0131. Gastronomi \u00f6\u011frencilerinin de yer ald\u0131\u011f\u0131 etkinlikte, \u015fef Bora tatl\u0131 yap\u0131m\u0131nda dikkat edilmesi gereken teknik bilgiler payla\u015ft\u0131. Etkinlik bitiminde Tarsus tatl\u0131s\u0131 herkese ikram edildi.<\/p>\n\n\n\n<p><strong>Prof. Dr. Uzun, s\u00f6yle\u015fide mutlu ya\u015faman\u0131n s\u0131rlar\u0131n\u0131 ele ald\u0131<\/strong><\/p>\n\n\n\n<p>Bo\u011fazi\u00e7i \u00dcniversitesi G\u00f6zl\u00fckule Kaz\u0131 Evi&#8217;nde Prof. Dr. Bilge Uzun taraf\u0131ndan haz\u0131rlanan&nbsp;<strong>&#8216;Her G\u00fcne G\u00fcne\u015f Do\u011far: Mutlu Ya\u015fam\u0131n S\u0131rr\u0131&#8217;<\/strong>&nbsp;s\u00f6yle\u015fisi ger\u00e7ekle\u015fti. Mutluluk \u00fczerine konu\u015fan ve yurtd\u0131\u015f\u0131ndaki seyahat an\u0131lar\u0131ndan bahseden Uzun, Tarsus&#8217;un k\u00fclt\u00fcrel \u00e7e\u015fitlili\u011fine de\u011findi. Uzun&#8217;un anlat\u0131m\u0131yla g\u00f6zleri kapal\u0131 \u015fekilde nefes egzersizleri yapan kat\u0131l\u0131mc\u0131lar, s\u00f6yle\u015fiye yo\u011fun ilgi g\u00f6sterdi. Prof. Dr. Uzun, s\u00f6yle\u015finin sonunda hayranlar\u0131n\u0131n kitaplar\u0131n\u0131 imzalad\u0131.<\/p>\n\n\n\n<p><strong>Toker ve Polato\u011fullar\u0131 &#8216;Oyunculuk Ser\u00fcvenimiz&#8217; adl\u0131 s\u00f6yle\u015fide bulu\u015ftu<\/strong><\/p>\n\n\n\n<p>Beyazperde ve televizyon dizilerinin sevilen isimleri Olgun Toker ve Diren Polato\u011fullar\u0131 da, festivalde sevenleriyle bulu\u015ftu. Tarsus M\u00fczesinde ger\u00e7ekle\u015ftirilen&nbsp;<strong>&#8216;Oyunculuk Ser\u00fcvenimiz&#8217;<\/strong>&nbsp;konu ba\u015fl\u0131kl\u0131 s\u00f6yle\u015fide vatanda\u015flarla bir araya gelen Olgun Toker ve Diren Polato\u011fullar\u0131, interaktif \u015fekilde ger\u00e7ekle\u015fen programda kat\u0131l\u0131mc\u0131lar\u0131n sorular\u0131n\u0131 da yan\u0131tlad\u0131lar.<\/p>\n\n\n\n<p>M\u00fcjdat Gezen Sanat Merkezi&#8217;nde g\u00f6rd\u00fckleri e\u011fitimle oyunculu\u011fa ba\u015flad\u0131klar\u0131n\u0131 ifade eden Toker ve Polato\u011fullar\u0131; kendi hayat hikayelerinden kesitlerle birlikte, oyunculuk ya\u015famlar\u0131n\u0131n kilometre ta\u015flar\u0131, meslek hayatlar\u0131nda kar\u015f\u0131la\u015ft\u0131klar\u0131 zorluklar ve sanat d\u00fcnyas\u0131n\u0131n g\u00fczelliklerini dile getirdiler. Toker ve Polato\u011fullar\u0131, oyunculuk hayali kuran gen\u00e7lere disiplinli ve inan\u00e7l\u0131 \u00e7al\u0131\u015fman\u0131n \u00f6nemi konusunda yol g\u00f6sterici tavsiyelerde bulundular. Konuklar, s\u00f6yle\u015fi sonunda sevenleriyle hat\u0131ra foto\u011fraf\u0131 da \u00e7ekildiler.<\/p>\n\n\n\n<p><strong>Tarsus&#8217;un pancar\u0131 \u00fcnl\u00fc \u015fefin elinde sanat eserine d\u00f6n\u00fc\u015ft\u00fc<\/strong><\/p>\n\n\n\n<p>Festivalde Tarsus&#8217;un e\u015fsiz lezzetlerinin de sunulmas\u0131yla adeta lezzet \u015fovuna da d\u00f6n\u00fc\u015ft\u00fc. Alan\u0131nda birbirinden ba\u015far\u0131l\u0131 \u015feflerin konuk edildi\u011fi festivalde \u015eef G\u00f6khan \u00c7ilak&nbsp;<strong>&#8216;Tarsus&#8217;un Kay\u0131p Lezzetleri: Yava\u015f G\u0131dan\u0131n \u0130zinde Bir Miras&#8217;&nbsp;<\/strong>isimli gastronomi sunumunu ger\u00e7ekle\u015ftirdi. Tarihi Siptilli \u00c7ar\u015f\u0131s\u0131&#8217;nda Tarsus&#8217;a \u00f6zg\u00fc&nbsp;<strong>&#8216;Tarsus Pancar\u0131&#8217;<\/strong>&nbsp;ile Ek\u015fili Pancar yeme\u011fi yapan \u00c7ilak, solw food ak\u0131m\u0131n\u0131 anlatt\u0131. Yerel malzemelerle s\u00fcrd\u00fcr\u00fclebilirli\u011fi de desteklemek istediklerini kaydeden \u00c7ilak, Tarsus&#8217;un beyaz pancar\u0131 gibi benzersiz bir \u00fcr\u00fcn\u00fc tan\u0131tacaklar\u0131n\u0131 s\u00f6yledi. Yerel tar\u0131m\u0131 koruma misyonu da elde ettiklerini de s\u00f6yleyen \u00c7ilak, e\u015fsiz yemek sunumu ile kat\u0131l\u0131mc\u0131lar\u0131n be\u011fenisini kazand\u0131.&nbsp;<\/p>\n\n\n\n<p><strong>Tarsuslu yazar, etkinlikte felsefe d\u00fcnyas\u0131na dair \u00f6nemli bilgiler payla\u015ft\u0131<\/strong><\/p>\n\n\n\n<p>TADEKA Binas\u0131&#8217;nda ger\u00e7ekle\u015ftirilen etkinliklerden biri de Tarsus do\u011fumlu, gazeteci, yazar ve foto\u011fraf\u00e7\u0131 U\u011fur Pi\u015fmanl\u0131k taraf\u0131ndan ger\u00e7ekle\u015ftirilen Belgesel G\u00f6sterimi oldu. Etkinlikte, Pi\u015fmanl\u0131k senaryosunu kendi yazd\u0131\u011f\u0131&nbsp;<strong>&#8216;Rasyonel Bir Filozof Anaksagoras&#8217;<\/strong>&nbsp;adl\u0131 eserini Tarsuslularla birlikte izledi. Etkinlikte, d\u00fc\u015f\u00fcnce d\u00fcnyas\u0131na ad\u0131n\u0131 yazd\u0131ran ve \u00f6nemli katk\u0131lar sunmu\u015f olan filozof Anaksagoras\u0131&#8217;\u0131n hayat\u0131 ele al\u0131nd\u0131.<\/p>\n\n\n\n<p><strong>Kentin d\u00f6rt bir yan\u0131ndan m\u00fczik sesleri y\u00fckseldi<\/strong><\/p>\n\n\n\n<p>G\u00fcn boyu s\u00fcren etkinliklerde \u0130talya, Bulgaristan, Litvanya, Slovakya, \u00c7ekya Cumhuriyeti gibi farkl\u0131 \u00fclkelerden gelen dans ekiplerinin sahne performanslar\u0131 g\u00f6z doldururken dans ritmine e\u015flik eden vatanda\u015flar e\u011flencenin tad\u0131n\u0131 doyas\u0131ya \u00e7\u0131kard\u0131. 7&#8217;den 70&#8217;e her ya\u015f\u0131n kendine uygun etkinlikleri bulabilece\u011fi festivalde K\u00fclt\u00fcr Park&#8217;ta STAGE \u00c7ocuk Konseri ile yer al\u0131rken, Yarenlik Alan\u0131&#8217;nda Tarsus Folklor Ara\u015ft\u0131rmalar\u0131 Derne\u011fi Korosu&#8217;nun verdi\u011fi konserde Anadolu co\u011frafyas\u0131ndan ve bu y\u00f6reye \u00f6zg\u00fc par\u00e7alar seslendirildi. Birbirinden farkl\u0131 gruplar\u0131n sahne ald\u0131\u011f\u0131 konserler TADEKA Ritim Grubu, Tarsus T\u00fcrk Halk M\u00fczi\u011fi Derne\u011fi Korosu ve Tarsus T\u00fcrk Sanat Musikisi Derne\u011fi konserler ile devam etti. Ak\u015fam saatlerinde ise Tarsus \u0130nleyen Na\u011fmeler Derne\u011fi Korosu&#8217;nun vermi\u015f oldu\u011fu konserde \u00e7al\u0131nan par\u00e7alarla Tarsuslular nostaljik anlar ya\u015fad\u0131.<\/p>\n\n\n\n<p>Etkinliklerin bir di\u011fer adresi ise St. Paul Meydan\u0131 oldu. Burada da yerel grup ve sanat\u00e7\u0131lardan ilk olarak Empoze&amp;Ozi Conrad ard\u0131ndan Tayfa Band ve Orenda Band sahne ald\u0131.<\/p>\n\n\n\n<p><strong>Festivalde, pek \u00e7ok patili dostumuz yeni ve s\u0131cak yuvalar\u0131na kavu\u015ftu<\/strong><\/p>\n\n\n\n<p>Festivalde ger\u00e7ekle\u015fen g\u00fczelliklerden bir tanesi de B\u00fcy\u00fck\u015fehir Belediyesi&#8217;nin pek \u00e7ok patili dostun kendine yeni bir s\u0131cak yuva bulmas\u0131na destek olmas\u0131 oldu. Festivalde, Ka\u015fl\u0131 Ge\u00e7ici Hayvan Bak\u0131mevi&#8217;nde kalan sokak canlar\u0131n\u0131n sahiplenilmesi i\u00e7in B\u00fcy\u00fck\u015fehir&#8217;in olu\u015fturmu\u015f oldu\u011fu alanda pek \u00e7ok sahipsiz dost, yeni ailelerine kavu\u015ftu.<\/p>\n","protected":false},"excerpt":{"rendered":"<p>Mersin B\u00fcy\u00fck\u015fehir Belediyesi&#8217;nin K\u00fclt\u00fcr ve Sosyal \u0130\u015fler Dairesi Ba\u015fkanl\u0131\u011f\u0131 b\u00fcnyesinde bu y\u0131l 3.&#8217;s\u00fcn\u00fc organize etti\u011fi&nbsp;&#8216;Uluslararas\u0131 Tarsus Festivali&#8217;, m\u00fczik ve e\u011flenceyi bir araya getirirken; sanat at\u00f6lyeleri ve s\u00f6yle\u015filer ile de vatanda\u015flar\u0131n yeni bilgi ve deneyimler edinmesine \u00f6nc\u00fcl\u00fck etmeyi s\u00fcrd\u00fcr\u00fcyor. Bu kapsamda Tarsus M\u00fczesi, St. Paul Meydan\u0131, Tarsusa&#8217;a De\u011fer katanlar (TADEKA) Binas\u0131 ve Siptilli \u00c7ar\u015f\u0131s\u0131 gibi kentin [&hellip;]<\/p>\n","protected":false},"author":2,"featured_media":36661,"comment_status":"closed","ping_status":"closed","sticky":false,"template":"","format":"standard","meta":{"footnotes":""},"categories":[1,2,3],"tags":[],"class_list":["post-36660","post","type-post","status-publish","format-standard","has-post-thumbnail","hentry","category-genel","category-gundem","category-manset"],"views":3,"_links":{"self":[{"href":"https:\/\/mersinkadingazetesi.com\/index.php?rest_route=\/wp\/v2\/posts\/36660"}],"collection":[{"href":"https:\/\/mersinkadingazetesi.com\/index.php?rest_route=\/wp\/v2\/posts"}],"about":[{"href":"https:\/\/mersinkadingazetesi.com\/index.php?rest_route=\/wp\/v2\/types\/post"}],"author":[{"embeddable":true,"href":"https:\/\/mersinkadingazetesi.com\/index.php?rest_route=\/wp\/v2\/users\/2"}],"replies":[{"embeddable":true,"href":"https:\/\/mersinkadingazetesi.com\/index.php?rest_route=%2Fwp%2Fv2%2Fcomments&post=36660"}],"version-history":[{"count":1,"href":"https:\/\/mersinkadingazetesi.com\/index.php?rest_route=\/wp\/v2\/posts\/36660\/revisions"}],"predecessor-version":[{"id":36662,"href":"https:\/\/mersinkadingazetesi.com\/index.php?rest_route=\/wp\/v2\/posts\/36660\/revisions\/36662"}],"wp:featuredmedia":[{"embeddable":true,"href":"https:\/\/mersinkadingazetesi.com\/index.php?rest_route=\/wp\/v2\/media\/36661"}],"wp:attachment":[{"href":"https:\/\/mersinkadingazetesi.com\/index.php?rest_route=%2Fwp%2Fv2%2Fmedia&parent=36660"}],"wp:term":[{"taxonomy":"category","embeddable":true,"href":"https:\/\/mersinkadingazetesi.com\/index.php?rest_route=%2Fwp%2Fv2%2Fcategories&post=36660"},{"taxonomy":"post_tag","embeddable":true,"href":"https:\/\/mersinkadingazetesi.com\/index.php?rest_route=%2Fwp%2Fv2%2Ftags&post=36660"}],"curies":[{"name":"wp","href":"https:\/\/api.w.org\/{rel}","templated":true}]}}