{"id":36663,"date":"2024-11-03T10:10:11","date_gmt":"2024-11-03T07:10:11","guid":{"rendered":"https:\/\/mersinkadingazetesi.com\/?p=36663"},"modified":"2024-11-03T10:10:12","modified_gmt":"2024-11-03T07:10:12","slug":"secer-birbirimizi-otekilestirerek-bu-ulkeye-hicbir-katki-yapamayiz","status":"publish","type":"post","link":"https:\/\/mersinkadingazetesi.com\/?p=36663","title":{"rendered":"SE\u00c7ER: &#8220;B\u0130RB\u0130R\u0130M\u0130Z\u0130 \u00d6TEK\u0130LE\u015eT\u0130REREK BU \u00dcLKEYE H\u0130\u00c7B\u0130R KATKI YAPAMAYIZ&#8221;"},"content":{"rendered":"\n<p>Mersin B\u00fcy\u00fck\u015fehir Belediyesi taraf\u0131ndan bu y\u0131l 3.&#8217;s\u00fc ger\u00e7ekle\u015ftirilen&nbsp;<strong>&#8216;Uluslararas\u0131 Tarsus Festivali<\/strong>&#8216;nin 2.g\u00fcn\u00fc Candan Er\u00e7etin&#8217;in muhte\u015fem konseri ile son buldu. Yapt\u0131\u011f\u0131 hit \u015fark\u0131lar ile 90&#8217;lardan g\u00fcn\u00fcm\u00fcze kadar en sevilen sanat\u00e7\u0131lar aras\u0131nda yer alan ve \u015fark\u0131lar\u0131 her ya\u015ftan insan taraf\u0131ndan dinlenen Er\u00e7etin, Tarsuslular\u0131n yo\u011fun ilgisiyle kar\u015f\u0131la\u015ft\u0131.&nbsp;Cumhuriyet Meydan\u0131&#8217;nda ger\u00e7ekle\u015ftirilen konsere Ba\u015fkan Vahap Se\u00e7er ile birlikte Tarsus Belediye Ba\u015fkan\u0131 Ali Bolta\u00e7 da kat\u0131ld\u0131. Tarsuslular\u0131n b\u00fct\u00fcn ak\u015fam keyifle m\u00fczik ziyafeti ya\u015fad\u0131\u011f\u0131 konserde Ba\u015fkan Vahap Se\u00e7er sevilen sanat\u00e7\u0131ya \u00e7i\u00e7ek takdiminde bulundu.<\/p>\n\n\n\n<p>Konserde en sevilen par\u00e7alar\u0131n\u0131 Tarsuslularla hep bir a\u011f\u0131zdan s\u00f6yleyen sanat\u00e7\u0131, Anadolu t\u00fcrk\u00fcleri ile birlikte Balkan t\u00fcrk\u00fcleri de seslendirdi. Zaman zaman duygu dolu anlara da sahne olan konserde, alan\u0131 dolduran binlerce ki\u015fi hareketli par\u00e7alara da s\u0131k s\u0131k alk\u0131\u015flarla e\u015flik etti. Konserde Er\u00e7etin, elinde T\u00fcrk bayra\u011f\u0131 e\u015fli\u011finde co\u015fkulu kalabal\u0131kla birlikte \u0130zmir ve Gen\u00e7lik Mar\u015f\u0131&#8217;n\u0131 s\u00f6yledi. Sevilen sanat\u00e7\u0131n\u0131n haf\u0131zalara kaz\u0131nacak muhte\u015fem sahne performans\u0131, Tarsuslulara bir kez daha festival co\u015fkusunu ya\u015fatt\u0131.<\/p>\n\n\n\n<p><strong>Ba\u015fkan Se\u00e7er: &#8220;Mustafa Kemal&#8217;in izinden ayr\u0131lmay\u0131n&#8221;<\/strong><\/p>\n\n\n\n<p>Cumhuriyet Meydan\u0131&#8217;n\u0131 dolduran binlerce Tarsusluya hitaben yapt\u0131\u011f\u0131 konu\u015fmas\u0131na&nbsp;<strong>&#8220;Tarsus&#8217;umun g\u00fczel insanlar\u0131 ho\u015f geldiniz, \u015feref verdiniz. Sizleri seviyoruz&#8221;<\/strong>&nbsp;diyerek ba\u015flayan Ba\u015fkan Se\u00e7er, Tarsuslu olman\u0131n bir ayr\u0131cal\u0131k oldu\u011funu s\u00f6yledi. Tarsus&#8217;un \u00e7ok kadim bir kent oldu\u011funu belirten Se\u00e7er,&nbsp;<strong>&#8220;Biz sizi birli\u011fe, beraberli\u011fe, karde\u015fli\u011fe, dostlu\u011fa bir arada olmaya davet ediyoruz. Birbirimizi \u00f6tekile\u015ftirerek, siyasi, b\u00f6lgesel ve ya\u015fam bi\u00e7imi olarak ayr\u0131m yaparak \u00fclkemize bir katk\u0131 sunamay\u0131z. Siz, sizi di\u011ferlerinden ay\u0131ran ve \u00f6tekile\u015ftiren siyasilere kulak asmay\u0131n. Mustafa Kemal&#8217;in izinden ayr\u0131lmay\u0131n. Sizleri seviyoruz. Sizleri sevgiyle kucakl\u0131yoruz&#8221;&nbsp;<\/strong>diye konu\u015ftu.<\/p>\n\n\n\n<p><strong>Bolta\u00e7: &#8220;Uyumlu, huzurla ve memnuniyetle Tarsus&#8217;u hak etti\u011fi noktaya getirece\u011fiz&#8221;<\/strong><\/p>\n\n\n\n<p>Ba\u015fkan Se\u00e7er&#8217;le birlikte konsere kat\u0131lan Tarsus Belediye Ba\u015fkan\u0131 Ali Bolta\u00e7 ise Mersin B\u00fcy\u00fck\u015fehir Belediyesi ile uyum i\u00e7erisinde \u00e7al\u0131\u015fmaya devam edeceklerini vurgulayarak, Tarsus&#8217;u hak etti\u011fi noktalara ta\u015f\u0131yacaklar\u0131n\u0131 s\u00f6yledi.<\/p>\n\n\n\n<p><strong>Tarsuslular, konserle unutulmaz bir ak\u015fam ge\u00e7irdi<\/strong><\/p>\n\n\n\n<p>Vatanda\u015flardan Sibel Y\u00fcksel, konserin olduk\u00e7a g\u00fczel oldu\u011funu s\u00f6yleyerek,&nbsp;<strong>&#8220;Candan Er\u00e7etin&#8217;in Tarsus&#8217;a gelmesi bizler i\u00e7in harika oldu. Severek dinledik. Festival dolu dolu ge\u00e7iyor. Her \u015fey harika&#8221;<\/strong>&nbsp;derken bir ba\u015fka vatanda\u015f Serpil \u00d6zyi\u011fit ise,&nbsp;<strong>&#8220;Bu g\u00fczellikleri bizlere ya\u015fatt\u0131klar\u0131 i\u00e7in her iki Ba\u015fkan\u0131m\u0131za da te\u015fekk\u00fcr ediyoruz. \u00c7ok g\u00fczel oldu. Tarsus&#8217;un her noktas\u0131 ayr\u0131 bir g\u00fczellikle doldu. Bundan daha g\u00fczel bir \u015fey olamaz&#8221;&nbsp;<\/strong>dedi.<\/p>\n\n\n\n<p>Konsere kat\u0131lan Dilek Al\u0131c\u0131 da<strong>&nbsp;&#8220;Ger\u00e7ekten kentimize bahar geldi. Festival her sene daha bir g\u00fczel oluyor. Tarsus canland\u0131. \u00c7ok mutluyuz. Candan Er\u00e7etin de \u00e7ok asil ve bir numara. Ba\u015fkanlar\u0131m\u0131z bizi hi\u00e7 yaln\u0131z b\u0131rakm\u0131yorlar. \u0130yi ki varlar&#8221;&nbsp;<\/strong>diye konu\u015ftu.<\/p>\n\n\n\n<p>Konserde \u00e7ok e\u011flendi\u011fini s\u00f6yleyen Nursen \u00d6z\u00e7elikkan,&nbsp;<strong>&#8220;Her y\u0131l bu festival bir \u00f6nceki y\u0131ldan daha g\u00fczel ve co\u015fkulu bir \u015fekilde ge\u00e7iyor&#8221;&nbsp;<\/strong>derken arkada\u015flar\u0131yla konsere kat\u0131lan gen\u00e7lerden Hatice Do\u011fanc\u0131l\u0131,&nbsp;<strong>&#8220;\u00c7ok mutlu oldum. Festivalde her \u015feyi d\u00fc\u015f\u00fcnm\u00fc\u015fler. Arkada\u015flar\u0131m\u0131zla t\u00fcm etkinliklere kat\u0131l\u0131yoruz ve o kadar muhte\u015fem ge\u00e7iyor ki&#8230; Ba\u015fkan\u0131m\u0131z Vahap Se\u00e7er biz gen\u00e7leri hep d\u00fc\u015f\u00fcn\u00fcyor ve gen\u00e7leri \u00e7ok seviyor. Biz de O&#8217;nu \u00e7ok seviyoruz&#8221;<\/strong>&nbsp;ifadelerini kulland\u0131.<\/p>\n","protected":false},"excerpt":{"rendered":"<p>Mersin B\u00fcy\u00fck\u015fehir Belediyesi taraf\u0131ndan bu y\u0131l 3.&#8217;s\u00fc ger\u00e7ekle\u015ftirilen&nbsp;&#8216;Uluslararas\u0131 Tarsus Festivali&#8216;nin 2.g\u00fcn\u00fc Candan Er\u00e7etin&#8217;in muhte\u015fem konseri ile son buldu. Yapt\u0131\u011f\u0131 hit \u015fark\u0131lar ile 90&#8217;lardan g\u00fcn\u00fcm\u00fcze kadar en sevilen sanat\u00e7\u0131lar aras\u0131nda yer alan ve \u015fark\u0131lar\u0131 her ya\u015ftan insan taraf\u0131ndan dinlenen Er\u00e7etin, Tarsuslular\u0131n yo\u011fun ilgisiyle kar\u015f\u0131la\u015ft\u0131.&nbsp;Cumhuriyet Meydan\u0131&#8217;nda ger\u00e7ekle\u015ftirilen konsere Ba\u015fkan Vahap Se\u00e7er ile birlikte Tarsus Belediye Ba\u015fkan\u0131 Ali [&hellip;]<\/p>\n","protected":false},"author":2,"featured_media":36664,"comment_status":"closed","ping_status":"closed","sticky":false,"template":"","format":"standard","meta":{"footnotes":""},"categories":[1],"tags":[],"class_list":["post-36663","post","type-post","status-publish","format-standard","has-post-thumbnail","hentry","category-genel"],"views":10,"_links":{"self":[{"href":"https:\/\/mersinkadingazetesi.com\/index.php?rest_route=\/wp\/v2\/posts\/36663"}],"collection":[{"href":"https:\/\/mersinkadingazetesi.com\/index.php?rest_route=\/wp\/v2\/posts"}],"about":[{"href":"https:\/\/mersinkadingazetesi.com\/index.php?rest_route=\/wp\/v2\/types\/post"}],"author":[{"embeddable":true,"href":"https:\/\/mersinkadingazetesi.com\/index.php?rest_route=\/wp\/v2\/users\/2"}],"replies":[{"embeddable":true,"href":"https:\/\/mersinkadingazetesi.com\/index.php?rest_route=%2Fwp%2Fv2%2Fcomments&post=36663"}],"version-history":[{"count":1,"href":"https:\/\/mersinkadingazetesi.com\/index.php?rest_route=\/wp\/v2\/posts\/36663\/revisions"}],"predecessor-version":[{"id":36665,"href":"https:\/\/mersinkadingazetesi.com\/index.php?rest_route=\/wp\/v2\/posts\/36663\/revisions\/36665"}],"wp:featuredmedia":[{"embeddable":true,"href":"https:\/\/mersinkadingazetesi.com\/index.php?rest_route=\/wp\/v2\/media\/36664"}],"wp:attachment":[{"href":"https:\/\/mersinkadingazetesi.com\/index.php?rest_route=%2Fwp%2Fv2%2Fmedia&parent=36663"}],"wp:term":[{"taxonomy":"category","embeddable":true,"href":"https:\/\/mersinkadingazetesi.com\/index.php?rest_route=%2Fwp%2Fv2%2Fcategories&post=36663"},{"taxonomy":"post_tag","embeddable":true,"href":"https:\/\/mersinkadingazetesi.com\/index.php?rest_route=%2Fwp%2Fv2%2Ftags&post=36663"}],"curies":[{"name":"wp","href":"https:\/\/api.w.org\/{rel}","templated":true}]}}