{"id":36667,"date":"2024-11-04T12:36:36","date_gmt":"2024-11-04T09:36:36","guid":{"rendered":"https:\/\/mersinkadingazetesi.com\/?p=36667"},"modified":"2024-11-04T12:36:38","modified_gmt":"2024-11-04T09:36:38","slug":"10-numara-ogrenci-kenti-mersinde-ogrenciler-icin-kent-tanitim-turu-yapiliyor","status":"publish","type":"post","link":"https:\/\/mersinkadingazetesi.com\/?p=36667","title":{"rendered":"&#8217;10 NUMARA \u00d6\u011eRENC\u0130 KENT\u0130 MERS\u0130N&#8217;DE \u00d6\u011eRENC\u0130LER \u0130\u00c7\u0130N KENT TANITIM TURU YAPILIYOR"},"content":{"rendered":"\n<p>Mersin B\u00fcy\u00fck\u015fehir Belediyesi, \u00fcniversiteyi yeni kazanm\u0131\u015f \u00f6\u011frenciler i\u00e7in kent tan\u0131t\u0131m turlar\u0131 d\u00fczenliyor. Mersin Kent Konseyi koordinesinde d\u00fczenlenen tan\u0131t\u0131m turlar\u0131nda \u00f6\u011frenciler \u00fcst\u00fc a\u00e7\u0131k otob\u00fcs ile \u015fehir turu at\u0131yor.&nbsp;<strong>&#8217;10 numara \u00f6\u011frenci kenti Mersin&#8217;<\/strong>de okumak i\u00e7in gelen gen\u00e7 \u00fcniversiteliler k\u0131sa s\u00fcre \u00f6nce kente yerle\u015fti. Okul d\u00f6nemine ba\u015flayan ve Mersin&#8217;i yava\u015f yava\u015f tan\u0131maya \u00e7al\u0131\u015fan \u00f6\u011frenciler, hocalar\u0131 e\u015fli\u011finde tan\u0131t\u0131m turuna kat\u0131ld\u0131.<\/p>\n\n\n\n<p>Mersin \u00dcniversitesi S\u0131n\u0131f \u00d6\u011fretmenli\u011fi ve \u00d6zel E\u011fitim \u00d6\u011fretmenli\u011fi B\u00f6l\u00fcm\u00fc \u00f6\u011frencileri ile \u00f6\u011fretmenleri \u00fcniversiteden hareket eden otob\u00fcse binerek tura ba\u015flad\u0131. Soli Sahili ile ba\u015flayan kent turunda rota Viran\u015fehir Sahili ile devam etti. \u00d6\u011frenciler Down Kafe&#8217;yi g\u00f6rerek mola verdi. B\u00fcy\u00fck\u015fehir&#8217;in kente kazand\u0131rd\u0131\u011f\u0131 kafelerden Trib\u00fcn Kafe&#8217;nin \u00f6n\u00fcnden ge\u00e7en grup, Adnan Menderes Bulvar\u0131&#8217;ndan devam ederek Adres Okuma Salonu&#8217;na vard\u0131. \u00d6\u011frenciler Adres Okuma Salonu&#8217;nu gezerek kay\u0131t yapt\u0131rd\u0131. Kongre ve Sergi Saray\u0131&#8217;n\u0131 ve oradaki k\u00fct\u00fcphaneyi de gezen \u00f6\u011frenciler, Mersin Liman\u0131&#8217;n\u0131, restorasyon s\u00fcrecinde olan Ta\u015f Bina&#8217;y\u0131 ve Mersin \u00c7ar\u015f\u0131s\u0131&#8217;n\u0131 da g\u00f6rme f\u0131rsat\u0131 buldu. Survivor Cafe&#8217;de ikram edilen yemek molas\u0131n\u0131n ard\u0131ndan Mercan 100. Y\u0131l \u0130klim ve \u00c7evre Bilim Merkezi&#8217;ni de gezen \u00f6\u011frenciler planlanan ve tamamlanan kent turundan sonra yurtlar\u0131na b\u0131rak\u0131ld\u0131.<\/p>\n\n\n\n<p><strong>Girge\u00e7: &#8220;Kent tan\u0131t\u0131m turuna devam edece\u011fiz&#8221;<\/strong><\/p>\n\n\n\n<p>Mersin Kent Konseyi Ba\u015fkan\u0131 Alper Girge\u00e7, kent tan\u0131t\u0131m turunun Mersin&#8217;de \u00fcniversiteye yeni ba\u015flayan \u00f6\u011frencilerin kenti tan\u0131mas\u0131 i\u00e7in \u00e7ok g\u00fczel bir \u00e7al\u0131\u015fma oldu\u011funu ifade ederek,&nbsp;<strong>&#8220;Mersin&#8217;deki \u00fcniversiteleri yeni kazanan \u00f6\u011frencilerin Mersin&#8217;e daha iyi, h\u0131zl\u0131 ve do\u011fru bir \u015fekilde adapte olabilmeleri i\u00e7in Mersin&#8217;deki \u00f6nemli baz\u0131 noktalar\u0131 \u00fcst\u00fc a\u00e7\u0131k otob\u00fcs\u00fcm\u00fczle gezdiriyoruz ve onlara mekanlar\u0131 tan\u0131t\u0131yoruz. \u00d6zellikle belediyemizin onlara y\u00f6nelik hizmet sundu\u011fu mekanlar\u0131m\u0131z\u0131 gezdiriyoruz. Onlar hakk\u0131nda bilgi verdiriyoruz. Adres Okuma Salonu&#8217;nda kay\u0131tlar\u0131n\u0131 ald\u0131k. Bug\u00fcn E\u011fitim Fak\u00fcltesi ile gezi yapt\u0131k, bitirdik. Kent tan\u0131t\u0131m turuna de\u011fi\u015fik fak\u00fcltelerle de devam edece\u011fiz&#8221;<\/strong>&nbsp;dedi.<\/p>\n\n\n\n<p><strong>Ta\u015fkaya: &#8220;\u00d6\u011frencilerimiz Mersin&#8217;i tan\u0131m\u0131\u015f oldular&#8221;<\/strong><\/p>\n\n\n\n<p>Mersin \u00dcniversitesi E\u011fitim Fak\u00fcltesi Temel E\u011fitim B\u00f6l\u00fcm\u00fc&#8217;nde Prof. Dr. Serdarhan Musa Ta\u015fkaya, Mersin Kent Konseyi E\u011fitim Komisyonu&#8217;nda g\u00f6revli oldu\u011funu, Mersin&#8217;e yeni gelen \u00f6\u011frencilere Mersin&#8217;i tan\u0131tmak i\u00e7in bir talepte bulunduklar\u0131n\u0131 ve B\u00fcy\u00fck\u015fehir Belediyesi&#8217;nden hemen olumlu d\u00f6n\u00fc\u015f ald\u0131klar\u0131n\u0131 belirtti. Ta\u015fkaya, gezi hakk\u0131nda bilgi vererek,&nbsp;<strong>&#8220;\u00d6zellikle \u00f6\u011frencilerimizin \u00e7ok fazla u\u011framad\u0131\u011f\u0131 Mezitli taraf\u0131ndan ba\u015flad\u0131k. \u00c7\u00fcnk\u00fc bazen d\u00f6rt y\u0131l boyunca hi\u00e7 oraya u\u011framadan mezun olan \u00f6\u011frencilerimizle kar\u015f\u0131la\u015f\u0131yorduk. Soli Center civar\u0131ndan ba\u015flad\u0131k gezimize. Oradan Viran\u015fehir sahillerinden Adres Okuma Salonu&#8217;na gittik. Oradan Limana ge\u00e7tik, \u00c7ar\u015f\u0131 gezisinin ard\u0131ndan Mercan&#8217;a u\u011fray\u0131p gezimizi tamamlad\u0131k. B\u00f6ylelikle \u00f6\u011frencilerimiz hem Mersin&#8217;i tan\u0131m\u0131\u015f oldular hem de bizimle beraber g\u00fczel bir gezi oldu. Onlar i\u00e7in de iyi bir hat\u0131ra oldu. Bu konuda da \u00e7ok olumlu d\u00f6n\u00fc\u015fler ald\u0131k&#8221;<\/strong>&nbsp;diye konu\u015ftu.<\/p>\n\n\n\n<p><strong>Macar: &#8220;Bizim a\u00e7\u0131m\u0131zdan \u00e7ok iyi bir sosyal etkinlik oldu&#8221;<\/strong><\/p>\n\n\n\n<p>Mersin \u00dcniversitesi S\u0131n\u0131f \u00d6\u011fretmenli\u011fi 1. S\u0131n\u0131f \u00d6\u011frencisi Baran Macar, geziden \u00e7ok memnun kald\u0131klar\u0131n\u0131 dile getirerek,&nbsp;<strong>&#8220;\u00dcst\u00fc a\u00e7\u0131k otob\u00fcs\u00fcm\u00fczle \u00fcniversitenin oradan yola \u00e7\u0131kt\u0131k. \u00dcniversite okuyup da gelip gezip g\u00f6remeyece\u011fimiz yerleri bu \u015fekilde g\u00f6r\u00fcp tan\u0131m\u0131\u015f olduk. Mesela bizim 4. s\u0131n\u0131fta okuyan arkada\u015flar\u0131m\u0131z da var. Onlar\u0131n \u015fu anda gezip g\u00f6rmedi\u011fi yerler var. Biz bu sayede \u015fehrin \u00f6b\u00fcr taraf\u0131nda Mezitli Soli taraf\u0131n\u0131 da gezip g\u00f6rm\u00fc\u015f olduk. Viran\u015fehir sahilini g\u00f6rm\u00fc\u015f olduk. Ayn\u0131 zamanda Adresi Okuma Salonu&#8217;na gittik, kart \u00e7\u0131kard\u0131k. Bizim a\u00e7\u0131m\u0131zdan \u00e7ok iyi bir sosyal etkinlik oldu&#8221;<\/strong>&nbsp;dedi.&nbsp;&nbsp;<\/p>\n\n\n\n<p><strong>\u00c7akmaz, &#8220;\u00c7o\u011fu yeri bilmiyorduk, bizim i\u00e7in \u00e7ok faydal\u0131 oldu&#8221;<\/strong><\/p>\n\n\n\n<p>Mersin \u00dcniversitesi \u00d6zel E\u011fitim \u00d6\u011fretmenli\u011fi B\u00f6l\u00fcm\u00fc 1. S\u0131n\u0131f \u00d6\u011frencisi \u015eeyma \u00c7akmaz ise&nbsp;<strong>&#8220;Ger\u00e7ekten \u00e7ok g\u00fczeldi. Hepimiz birinci s\u0131n\u0131f \u00f6\u011frencisi oldu\u011funuz i\u00e7in yeni geldik ve \u00e7o\u011fu yeri bilmiyorduk, bizim i\u00e7in \u00e7ok faydal\u0131 oldu. Serdarhan hocam\u0131z\u0131n dan\u0131\u015fmanl\u0131\u011f\u0131nda belediyenin tahsis etti\u011fi \u00fcst\u00fc a\u00e7\u0131k otob\u00fcsle birlikte gezdik. \u00c7o\u011fu d\u00f6rd\u00fcnc\u00fc s\u0131n\u0131f \u00f6\u011frencisinin bile gitmedi\u011fi yerlere gittik. Onun d\u0131\u015f\u0131nda \u00f6zel bireylerin \u00e7al\u0131\u015ft\u0131\u011f\u0131 Down Kafe&#8217;ye gittik. \u00c7ok g\u00fczeldi. Okuma Salonu&#8217;na geldik. Belediyenin imkanlar\u0131ndan yararland\u0131k, kart\u0131m\u0131z\u0131 \u00e7\u0131kard\u0131k. Gayet g\u00fczel bir deneyimdi&#8221;<\/strong>&nbsp;diye konu\u015ftu.<\/p>\n","protected":false},"excerpt":{"rendered":"<p>Mersin B\u00fcy\u00fck\u015fehir Belediyesi, \u00fcniversiteyi yeni kazanm\u0131\u015f \u00f6\u011frenciler i\u00e7in kent tan\u0131t\u0131m turlar\u0131 d\u00fczenliyor. Mersin Kent Konseyi koordinesinde d\u00fczenlenen tan\u0131t\u0131m turlar\u0131nda \u00f6\u011frenciler \u00fcst\u00fc a\u00e7\u0131k otob\u00fcs ile \u015fehir turu at\u0131yor.&nbsp;&#8217;10 numara \u00f6\u011frenci kenti Mersin&#8217;de okumak i\u00e7in gelen gen\u00e7 \u00fcniversiteliler k\u0131sa s\u00fcre \u00f6nce kente yerle\u015fti. Okul d\u00f6nemine ba\u015flayan ve Mersin&#8217;i yava\u015f yava\u015f tan\u0131maya \u00e7al\u0131\u015fan \u00f6\u011frenciler, hocalar\u0131 e\u015fli\u011finde tan\u0131t\u0131m turuna [&hellip;]<\/p>\n","protected":false},"author":2,"featured_media":36668,"comment_status":"closed","ping_status":"closed","sticky":false,"template":"","format":"standard","meta":{"footnotes":""},"categories":[1,2,3],"tags":[],"class_list":["post-36667","post","type-post","status-publish","format-standard","has-post-thumbnail","hentry","category-genel","category-gundem","category-manset"],"views":7,"_links":{"self":[{"href":"https:\/\/mersinkadingazetesi.com\/index.php?rest_route=\/wp\/v2\/posts\/36667"}],"collection":[{"href":"https:\/\/mersinkadingazetesi.com\/index.php?rest_route=\/wp\/v2\/posts"}],"about":[{"href":"https:\/\/mersinkadingazetesi.com\/index.php?rest_route=\/wp\/v2\/types\/post"}],"author":[{"embeddable":true,"href":"https:\/\/mersinkadingazetesi.com\/index.php?rest_route=\/wp\/v2\/users\/2"}],"replies":[{"embeddable":true,"href":"https:\/\/mersinkadingazetesi.com\/index.php?rest_route=%2Fwp%2Fv2%2Fcomments&post=36667"}],"version-history":[{"count":1,"href":"https:\/\/mersinkadingazetesi.com\/index.php?rest_route=\/wp\/v2\/posts\/36667\/revisions"}],"predecessor-version":[{"id":36669,"href":"https:\/\/mersinkadingazetesi.com\/index.php?rest_route=\/wp\/v2\/posts\/36667\/revisions\/36669"}],"wp:featuredmedia":[{"embeddable":true,"href":"https:\/\/mersinkadingazetesi.com\/index.php?rest_route=\/wp\/v2\/media\/36668"}],"wp:attachment":[{"href":"https:\/\/mersinkadingazetesi.com\/index.php?rest_route=%2Fwp%2Fv2%2Fmedia&parent=36667"}],"wp:term":[{"taxonomy":"category","embeddable":true,"href":"https:\/\/mersinkadingazetesi.com\/index.php?rest_route=%2Fwp%2Fv2%2Fcategories&post=36667"},{"taxonomy":"post_tag","embeddable":true,"href":"https:\/\/mersinkadingazetesi.com\/index.php?rest_route=%2Fwp%2Fv2%2Ftags&post=36667"}],"curies":[{"name":"wp","href":"https:\/\/api.w.org\/{rel}","templated":true}]}}