{"id":36670,"date":"2024-11-04T12:37:52","date_gmt":"2024-11-04T09:37:52","guid":{"rendered":"https:\/\/mersinkadingazetesi.com\/?p=36670"},"modified":"2024-11-04T12:37:53","modified_gmt":"2024-11-04T09:37:53","slug":"mersinde-gelecegin-ressamlari-bulustu","status":"publish","type":"post","link":"https:\/\/mersinkadingazetesi.com\/?p=36670","title":{"rendered":"Mersin&#8217;de gelece\u011fin ressamlar\u0131 bulu\u015ftu"},"content":{"rendered":"\n<p><strong>Mersin<\/strong>&#8216;in merkez il\u00e7e Yeni\u015fehir Belediyesi taraf\u0131ndan d\u00fczenlenen 22. Geleneksel Ahmet Ye\u015fil \u00c7ocuk Resim Yar\u0131\u015fmas\u0131 sona erdi. Yeteneklerini sergileyen gelece\u011fin ressamlar\u0131 d\u00fcnyaca \u00fcnl\u00fc&nbsp;<strong>Mersin<\/strong>li ressam Ahmet Ye\u015fil ile tan\u0131\u015fma f\u0131rsat\u0131 yakalad\u0131.<br>Sadece&nbsp;<strong>Mersin<\/strong>\u2019in de\u011fil T\u00fcrkiye\u2019nin de en se\u00e7kin ve prestijli \u00e7ocuk resim yar\u0131\u015fmalar\u0131ndan biri olarak g\u00f6sterilen Yeni\u015fehir Belediyesi Ahmet Ye\u015fil \u00c7ocuk Resim Yar\u0131\u015fmas\u0131n\u0131n 22.\u2019si yap\u0131ld\u0131.&nbsp;<strong>Mersin<\/strong>li ressam Ahmet Ye\u015fil\u2019in ad\u0131n\u0131 ta\u015f\u0131yan ve Ye\u015fil\u2019in de j\u00fcri \u00fcyesi olarak yer ald\u0131\u011f\u0131 yar\u0131\u015fma, bu y\u0131l da minik ressamlar\u0131 bulu\u015fturdu. 6-8, 9-11 ve 12-15 ya\u015f kategorilerinde Yeni\u015fehir Belediyesi Atat\u00fcrk K\u00fclt\u00fcr Merkezinde d\u00fczenlenen resim yar\u0131\u015fmas\u0131nda Ahmet Ye\u015fil, Veli Mert, Aynur Saku\u00e7o\u011flu, \u0130brahim Tokaslan ve Taner Tunga j\u00fcri \u00fcyeli\u011fi yapt\u0131.<\/p>\n\n\n\n<p>\u201c\u00c7ocuklar\u0131m\u0131z sanatla b\u00fcy\u00fcs\u00fcn istiyoruz\u201d<br>Yeni\u015fehir Belediyesi 22. Geleneksel Ahmet Ye\u015fil \u00c7ocuk Resim Yar\u0131\u015fmas\u0131n\u0131n \u00f6d\u00fcl t\u00f6reninde konu\u015fan Yeni\u015fehir Belediye Ba\u015fkan\u0131 Abdullah \u00d6zyi\u011fit, \u00e7ocuklar\u0131n sanata olan ilgilerinin \u00f6nemine dikkat \u00e7ekti. \u00d6zyi\u011fit, \u201c\u00c7ocuklar\u0131m\u0131z yar\u0131\u015fmad\u0131, g\u00fczel bir etkinli\u011fe kat\u0131ld\u0131lar. Hep birlikte renkli bir g\u00fcn ya\u015fad\u0131k. \u0130nan\u0131yorum ki buradan nice Ahmet Ye\u015fil\u2019ler \u00e7\u0131kacak ve biz de onlar\u0131n eserlerini galerilerimizde sergilemekten gurur duyaca\u011f\u0131z. \u00c7ocuklar\u0131m\u0131z\u0131n burada olmas\u0131, onlar\u0131n sanata olan ilgisini g\u00f6steriyor. Yeni\u015fehir\u2019de, kentimizde bir sanat galerimiz yoktu; bu eksikli\u011fi gidermek i\u00e7in Ahmet Ye\u015fil\u2019in de ad\u0131n\u0131 ya\u015fatt\u0131\u011f\u0131m\u0131z iki galeri kurduk ve bug\u00fcne dek 25 sergi a\u00e7t\u0131k. \u00c7ocuklar\u0131m\u0131z da bu galerileri gezerek sanatla bulu\u015fuyor. Sanat\u0131n onlar\u0131n d\u00fcnyas\u0131nda farkl\u0131 bak\u0131\u015f a\u00e7\u0131lar\u0131 olu\u015fturmas\u0131n\u0131 umuyoruz. \u00c7ocuklar\u0131m\u0131z\u0131n sanata olan ilgilerini art\u0131rmak, gelecekte onlar\u0131n ya\u015fam\u0131nda fark olu\u015fturacakt\u0131r\u201d dedi.<br>\u00d6zyi\u011fit, sanat\u0131 ve sporu kapsayan &#8216;hareket&#8217; ilkesine de\u011finerek, belediyenin sanata verdi\u011fi \u00f6nemin alt\u0131n\u0131 \u00e7izdi. Ba\u015fkan \u00d6zyi\u011fit, \u201cYeni\u015fehir\u2019de yola \u00e7\u0131karken 6 temel ilke belirledik. Bunlardan ilki, sanat ve sporu i\u00e7eren \u2018hareket\u2019 ilkesiydi. Bu kapsamda ger\u00e7ekle\u015ftirdi\u011fimiz sanat etkinlikleri olduk\u00e7a ilgiyle takip ediliyor. Ekim ay\u0131nda Uluslararas\u0131 Yeni\u015fehir K\u00fclt\u00fcr Festivalimizi d\u00fczenledik. \u00d6zdemir \u0130nce gibi de\u011ferli \u015fairler ve yazarlar\u0131 vatanda\u015flar\u0131m\u0131zla bulu\u015fturduk. Ard\u0131ndan Uluslararas\u0131&nbsp;<strong>Mersin<\/strong>&nbsp;Kushimoto Sokak Sanat\u00e7\u0131lar\u0131 Festivalimizi ger\u00e7ekle\u015ftirdik&#8221; diye konu\u015ftu.<\/p>\n","protected":false},"excerpt":{"rendered":"<p>Mersin&#8216;in merkez il\u00e7e Yeni\u015fehir Belediyesi taraf\u0131ndan d\u00fczenlenen 22. Geleneksel Ahmet Ye\u015fil \u00c7ocuk Resim Yar\u0131\u015fmas\u0131 sona erdi. Yeteneklerini sergileyen gelece\u011fin ressamlar\u0131 d\u00fcnyaca \u00fcnl\u00fc&nbsp;Mersinli ressam Ahmet Ye\u015fil ile tan\u0131\u015fma f\u0131rsat\u0131 yakalad\u0131.Sadece&nbsp;Mersin\u2019in de\u011fil T\u00fcrkiye\u2019nin de en se\u00e7kin ve prestijli \u00e7ocuk resim yar\u0131\u015fmalar\u0131ndan biri olarak g\u00f6sterilen Yeni\u015fehir Belediyesi Ahmet Ye\u015fil \u00c7ocuk Resim Yar\u0131\u015fmas\u0131n\u0131n 22.\u2019si yap\u0131ld\u0131.&nbsp;Mersinli ressam Ahmet Ye\u015fil\u2019in ad\u0131n\u0131 [&hellip;]<\/p>\n","protected":false},"author":2,"featured_media":36671,"comment_status":"closed","ping_status":"closed","sticky":false,"template":"","format":"standard","meta":{"footnotes":""},"categories":[3],"tags":[],"class_list":["post-36670","post","type-post","status-publish","format-standard","has-post-thumbnail","hentry","category-manset"],"views":6,"_links":{"self":[{"href":"https:\/\/mersinkadingazetesi.com\/index.php?rest_route=\/wp\/v2\/posts\/36670"}],"collection":[{"href":"https:\/\/mersinkadingazetesi.com\/index.php?rest_route=\/wp\/v2\/posts"}],"about":[{"href":"https:\/\/mersinkadingazetesi.com\/index.php?rest_route=\/wp\/v2\/types\/post"}],"author":[{"embeddable":true,"href":"https:\/\/mersinkadingazetesi.com\/index.php?rest_route=\/wp\/v2\/users\/2"}],"replies":[{"embeddable":true,"href":"https:\/\/mersinkadingazetesi.com\/index.php?rest_route=%2Fwp%2Fv2%2Fcomments&post=36670"}],"version-history":[{"count":1,"href":"https:\/\/mersinkadingazetesi.com\/index.php?rest_route=\/wp\/v2\/posts\/36670\/revisions"}],"predecessor-version":[{"id":36672,"href":"https:\/\/mersinkadingazetesi.com\/index.php?rest_route=\/wp\/v2\/posts\/36670\/revisions\/36672"}],"wp:featuredmedia":[{"embeddable":true,"href":"https:\/\/mersinkadingazetesi.com\/index.php?rest_route=\/wp\/v2\/media\/36671"}],"wp:attachment":[{"href":"https:\/\/mersinkadingazetesi.com\/index.php?rest_route=%2Fwp%2Fv2%2Fmedia&parent=36670"}],"wp:term":[{"taxonomy":"category","embeddable":true,"href":"https:\/\/mersinkadingazetesi.com\/index.php?rest_route=%2Fwp%2Fv2%2Fcategories&post=36670"},{"taxonomy":"post_tag","embeddable":true,"href":"https:\/\/mersinkadingazetesi.com\/index.php?rest_route=%2Fwp%2Fv2%2Ftags&post=36670"}],"curies":[{"name":"wp","href":"https:\/\/api.w.org\/{rel}","templated":true}]}}