{"id":36673,"date":"2024-11-04T12:39:51","date_gmt":"2024-11-04T09:39:51","guid":{"rendered":"https:\/\/mersinkadingazetesi.com\/?p=36673"},"modified":"2024-11-04T12:39:52","modified_gmt":"2024-11-04T09:39:52","slug":"3-uluslararasi-tarsus-festivali-ile-tarsus-bolgede-marka-haline-geldi","status":"publish","type":"post","link":"https:\/\/mersinkadingazetesi.com\/?p=36673","title":{"rendered":"&#8216;3. ULUSLARARASI TARSUS FEST\u0130VAL\u0130&#8217; \u0130LE TARSUS B\u00d6LGEDE MARKA HAL\u0130NE GELD\u0130"},"content":{"rendered":"\n<p>Binlerce y\u0131ld\u0131r bir\u00e7ok medeniyete ev sahipli\u011fi yapan Tarsus&#8217;un e\u015fsiz tarihi, dokusu, sanat\u0131, k\u00fclt\u00fcr\u00fc ve birbirinden lezzetli yemeklerini t\u00fcm d\u00fcnyaya tan\u0131tan Mersin B\u00fcy\u00fck\u015fehir Belediyesi, K\u00fclt\u00fcr ve Sosyal \u0130\u015fler Dairesi Ba\u015fkanl\u0131\u011f\u0131 koordinesinde bu y\u0131l 3.&#8217;s\u00fcn\u00fc organize etti\u011fi festival ile Tarsus&#8217;u b\u00f6lgede bir marka haline getirdi.&nbsp;<strong><em>&#8216;3. Uluslararas\u0131 Tarsus Festivali&#8217;<\/em><\/strong>, m\u00fczik ve e\u011flenceyi bir araya getirirken; sanat at\u00f6lyeleri ve s\u00f6yle\u015filer ile de vatanda\u015flar\u0131n yeni bilgi ve deneyimler edinmesine \u00f6nc\u00fcl\u00fck etti.<\/p>\n\n\n\n<p>Ba\u015flad\u0131\u011f\u0131 g\u00fcnden itibaren d\u00fcnyan\u0131n pek \u00e7ok yerinden konuklar\u0131n a\u011f\u0131rland\u0131\u011f\u0131 ve yak\u0131n \u015fehirlerden insan ak\u0131n\u0131na u\u011frayan Tarsus, 3 g\u00fcnd\u00fcr dolu dolu ge\u00e7en festival ile T\u00fcrkiye&#8217;de alan\u0131nda uzman isimlerle \u00fcnl\u00fcler ge\u00e7idine de d\u00f6n\u00fc\u015ft\u00fc. Her ya\u015ftan insan\u0131n da doyas\u0131ya e\u011flendi\u011fi etkinliklerle kentin b\u00fct\u00fcn sokaklar\u0131 karnaval alan\u0131na d\u00f6nd\u00fc.<\/p>\n\n\n\n<p><strong>\u00dcnl\u00fc \u015eef Arda T\u00fcrkmen yemek severlerle bir araya geldi<\/strong><\/p>\n\n\n\n<p>3. Uluslararas\u0131 Tarsus Festivali son g\u00fcn\u00fcnde de s\u00f6yle\u015filer, dans g\u00f6sterileri, sergiler ve sokak etkinlikleri dolu dolu devam etti. Tarsus M\u00fczesi&#8217;nde ger\u00e7ekle\u015fen s\u00f6yle\u015fide \u00fcnl\u00fc \u015fef Arda T\u00fcrkmen, vatanda\u015flarla bir araya geldi. T\u00fcrkmen, Mersin B\u00fcy\u00fck\u015fehir Belediyesi&#8217;ne te\u015fekk\u00fcr ederek festivalin sa\u011flad\u0131\u011f\u0131 katk\u0131lardan duydu\u011fu memnuniyeti dile getirdi.<\/p>\n\n\n\n<p><strong>T\u00fcrkmen: &#8220;Tarsus Mutfa\u011f\u0131n\u0131 \u00c7ok Seviyorum&#8221;<\/strong><\/p>\n\n\n\n<p>Tarsus mutfa\u011f\u0131na duydu\u011fu sevgiyi belirteren T\u00fcrkmen,&nbsp;<strong>&#8220;Tarsus mutfa\u011f\u0131n\u0131 \u00e7ok seviyorum ve \u00e7ok lezzetli buluyorum. Bug\u00fcne kadar Ku\u015fg\u00f6z\u00fc lahmacun, k\u00fcnefe ve pek \u00e7ok tarifini program\u0131mda aktard\u0131m &#8220;<\/strong>&nbsp;dedi. Festivalin b\u00f6lge tan\u0131t\u0131m\u0131na olan katk\u0131s\u0131n\u0131 vurgulayan T\u00fcrkmen, festivali ola\u011fan\u00fcst\u00fc ba\u015far\u0131l\u0131 buldu\u011funu belirterek, &#8220;<strong>Bu festivalin tahmin edece\u011finizden fazla katk\u0131s\u0131 var. Bunu ilerleyen d\u00f6nemlerde Tarsuslular olarak daha \u00e7ok g\u00f6receksiniz. Her festival, bu b\u00f6lgeyi daha iyi anlatmak i\u00e7in \u00f6zel ve \u00f6nemli bir ara\u00e7. Bu festival geli\u015ftik\u00e7e, bu b\u00f6lge de geli\u015fecek ve buradaki yemeklere olan sayg\u0131 daha da artacak&#8221;<\/strong>&nbsp;\u015feklinde belirtti. T\u00fcrkmen, yemek k\u00fclt\u00fcr\u00fcn\u00fcn toplumlar \u00fczerindeki birle\u015ftirici etkisinden bahsederek gastronomi festivallerinin \u015fehirler ve b\u00f6lgeler i\u00e7in kendini ifade etmenin en g\u00fczel yollar\u0131ndan biri oldu\u011funu s\u00f6yledi.<\/p>\n\n\n\n<p><strong>\u00dcnl\u00fc \u015eef Sinem \u00c7apraz Tarsus lezzetini yeniden yorumlad\u0131<\/strong><\/p>\n\n\n\n<p>Geleneksel lezzetleri yeni teknik ve sunumlarla harmanlayan \u015eef Sinem \u00c7apraz;&nbsp;<strong>&#8216;Keyifli bir Yery\u00fcz\u00fc Pazar\u0131 Gezisinde Al\u0131nan \u00dcr\u00fcnler ile Yemek At\u00f6lyesi&#8217;<\/strong>nde Tarsuslularla bir araya geldi. Gastronomi sunumundan \u00f6nce yerel \u00fcreticilerin desteklendi\u011fi Yery\u00fcz\u00fc Pazar\u0131&#8217;n\u0131 gezerek Tarsus&#8217;a \u00f6zg\u00fc \u00fcr\u00fcnleri inceleyen \u00c7apraz, burada hem y\u00f6resel lezzetlerin tatlar\u0131na bakt\u0131 hem de sunumda kullanaca\u011f\u0131 \u00fcr\u00fcnlerle ilgili al\u0131\u015fveri\u015f yapt\u0131. Farkl\u0131 lezzetleri tek bir tabakta bir araya getirmekten ho\u015fland\u0131\u011f\u0131n\u0131 ifade eden \u00c7apraz, etkinlikte Tarsus&#8217;un en sevilen lezzetlerinden biri olan Humusu, balkaba\u011f\u0131 ve \u0131spanak kullanarak farkl\u0131 bir tarifle yeniden yorumlad\u0131.<\/p>\n\n\n\n<p>Mersinlilerin olduk\u00e7a bereketli topraklar \u00fczerinde ya\u015fad\u0131\u011f\u0131n\u0131 ve b\u00f6lgede mevsimine uygun meyve sebzelerin bol oldu\u011funa dikkat \u00e7eken \u00c7apraz, Tarsus&#8217;ta olmaktan dolay\u0131 olduk\u00e7a mutlu oldu\u011funu dile getirdi. Tarsuslular\u0131n b\u00fcy\u00fck bir ilgi ile kat\u0131ld\u0131\u011f\u0131 etkinlikte Mersinden Kad\u0131n Kooperatifi Ba\u015fkan\u0131 Meral Se\u00e7er&#8217;de yer ald\u0131.<\/p>\n\n\n\n<p>Yemek k\u00fclt\u00fcr\u00fcnde s\u00fcrd\u00fcr\u00fclebilirli\u011fin \u00f6nemine dikkat \u00e7ekildi\u011fi etkinlikte Meral Se\u00e7er, Mersinden Kad\u0131n Kooperatifi ve B\u00fcy\u00fck\u015fehir Belediyesi i\u015f birli\u011finde bu topraklarda unutulmaya y\u00fcz tutmu\u015f ata tohumlar\u0131na sahip \u00e7\u0131kt\u0131klar\u0131 \u00e7al\u0131\u015fmalar\u0131 kat\u0131l\u0131mc\u0131larla payla\u015ft\u0131. Meral Se\u00e7er;&nbsp;<strong>&#8220;B\u00f6yle festivaller, k\u00fclt\u00fcr\u00fcm\u00fcz\u00fcn tan\u0131t\u0131lmas\u0131 ve yeni nesillere aktar\u0131lmas\u0131 a\u00e7\u0131s\u0131ndan \u00e7ok \u00f6nemli&#8221;&nbsp;<\/strong>s\u00f6zlerine yer verdi.<\/p>\n\n\n\n<p><strong>\u00c7apraz: &#8220;B\u00f6ylesine kadim ve bereketli topraklarda olmak beni \u00e7ok duyguland\u0131rd\u0131&#8221;<\/strong><\/p>\n\n\n\n<p>\u00dcnl\u00fc \u015eef Sinem \u00c7apraz, 3. Uluslararas\u0131 Tarsus Festivali&#8217;nin kat\u0131ld\u0131\u011f\u0131 en g\u00fczel festivallerden biri oldu\u011funu kaydederek,&nbsp;<strong>&#8220;Benim i\u00e7in \u00e7ok g\u00fczel bir deneyim oldu. Gastronomik anlamda da \u00e7ok g\u00fczel bir yemek yapt\u0131k. Tarsus&#8217;ta ger\u00e7ekten bir\u00e7ok medeniyete ev sahipli\u011fi yapm\u0131\u015f bu kentin ne kadar kadim oldu\u011funu hissedebildim. Kadim bilgileri de g\u00f6rmeye ba\u015flamak beni \u00e7ok mutlu etti. Slow food&#8217;a da sayg\u0131 duyulmas\u0131 ve \u00f6nemsenmesi \u00e7ok \u00e7ok \u00f6nemliydi. Yery\u00fcz\u00fc Pazar\u0131&#8217;nda tahin, lavanta, bal kaba\u011f\u0131 gibi bir \u00e7ok \u00fcr\u00fcn g\u00f6rd\u00fcm ve tezgahlar \u00e7ok g\u00fczel haz\u0131rlanm\u0131\u015ft\u0131. Bu bereketli topraklarda olmak beni ayr\u0131ca duyguland\u0131rd\u0131&#8221;<\/strong>&nbsp;dedi.<\/p>\n\n\n\n<p><strong>Usta Ressamlarla Sanat Dolu Bir S\u00f6yle\u015fi<\/strong><\/p>\n\n\n\n<p>Ressamlar Bedri Baykam, Ekrem Kahraman ve Serdar Samanc\u0131o\u011flu&#8217;nun Bo\u011fazi\u00e7i \u00dcniversitesi G\u00f6zl\u00fckule Kaz\u0131 Evi&#8217;nde konu\u015fmac\u0131 olarak kat\u0131ld\u0131\u011f\u0131<strong>&#8216;\u00c7ukurova \u00c7a\u011fda\u015f: \u00c7a\u011fda\u015f Sanat\/Bienaller Merkezden Anadolu&#8217;ya&#8230;&#8217;<\/strong>&nbsp;s\u00f6yle\u015fisi sanatseverler taraf\u0131ndan yo\u011fun ilgi g\u00f6rd\u00fc. S\u00f6yle\u015fide T\u00fcrkiye&#8217;deki ve d\u00fcnyadaki bienallerden \u00f6rnekler sunulurken, \u00c7ukurova \u00c7a\u011fda\u015f Sanat K\u00fclt\u00fcr ve E\u011fitim Vakf\u0131&#8217;n\u0131n hayata ge\u00e7irdi\u011fi \u00e7al\u0131\u015fmalar da aktar\u0131ld\u0131. Merkezden \u00e7evreye yay\u0131lan bienallerin kentler aras\u0131nda ili\u015fkiler sa\u011flad\u0131\u011f\u0131na dikkat \u00e7ekilirken, \u00f6te yandan yak\u0131n zamanda Akdeniz Binenali&#8217;nin hayata ge\u00e7irilece\u011finin m\u00fcjdesi verildi. \u00c7a\u011fda\u015f sanat\u0131n T\u00fcrkiye&#8217;deki tarihsel s\u00fcrecinin de konu\u015fuldu\u011fu s\u00f6yle\u015fide, T\u00fcrkiye&#8217;nin bir k\u00fclt\u00fcr devrimi \u00fczerine kuruldu\u011fu vurguland\u0131.<\/p>\n\n\n\n<p><strong>Baykam: &#8220;Buraya ekilen her tohum, taze ve yarat\u0131c\u0131 beyinler yaratacakt\u0131r&#8221;<\/strong><\/p>\n\n\n\n<p>Tarsus&#8217;ta k\u00fclt\u00fcr ve sanat\u0131 da i\u00e7erisinde bar\u0131nd\u0131ran&nbsp;&nbsp;bir festivalin organize edilmesinin kendisini olduk\u00e7a mutlu etti\u011fini belirten Ressam Bedri Baykam,&nbsp;<strong>&#8220;Kapsaml\u0131 bir festival. Sanat var, dans var, gazeteci dostlar\u0131m\u0131z var, tarih var. Dolay\u0131s\u0131yla y\u00f6re halk\u0131n\u0131n ciddi anlamda beslenmesini sa\u011flayacak. Gen\u00e7lere yeni yollar g\u00f6sterecek, yeni d\u00fc\u015f\u00fcnce sistemleri g\u00f6sterecek \u00e7ok g\u00fczel bir giri\u015fim&#8221;<\/strong>&nbsp;diye konu\u015ftu. Festivalin yo\u011fun ilgi g\u00f6rd\u00fc\u011f\u00fcn\u00fc s\u00f6zlerine ekleyen Baykam,&nbsp;<strong>&#8220;Ben de bir G\u00fcneyliyim. Buraya ekilen her tohum, f\u0131\u015fk\u0131rmaya haz\u0131r taze ve yarat\u0131c\u0131 beyinler yaratacakt\u0131r&#8221;<\/strong>&nbsp;dedi.<\/p>\n\n\n\n<p><strong>Kahraman: &#8220;Bu heyecan ve kapsay\u0131c\u0131l\u0131k g\u00fczel&#8221;<\/strong><\/p>\n\n\n\n<p>Tarsus do\u011fumlu Ressam Ekrem Kahraman ise Mersin&#8217;de ge\u00e7mi\u015f y\u0131llarda Akdeniz Festivali&#8217;nin d\u00fczenlendi\u011fini hat\u0131rlatarak;&nbsp;<strong>&#8220;Ben sanat\u00e7\u0131 olarak \u00f6d\u00fcl alm\u0131\u015ft\u0131m. \u015eimdi bak\u0131yorum aradan 41 y\u0131l ge\u00e7mi\u015f. Bu kadar y\u0131l ge\u00e7tikten sonra bu heyecan ve kapsay\u0131c\u0131l\u0131k g\u00fczel. Ortado\u011fu&#8217;da sava\u015flar\u0131n bu kadar h\u0131z kazand\u0131\u011f\u0131 bir d\u00f6nemde; bu festival insanl\u0131\u011f\u0131n y\u00fcz\u00fcn\u00fc g\u00fcld\u00fcrecek \u00f6nemli bir \u00e7aba, \u00f6nemli bir program olarak g\u00f6r\u00fcn\u00fcyor&#8221;<\/strong>&nbsp;\u015feklinde konu\u015ftu.<\/p>\n\n\n\n<p><strong>Samanc\u0131o\u011flu: &#8220;Bu festival gelece\u011fe umutla bakmam\u0131z\u0131n sembol\u00fc olsun&#8221;<\/strong><\/p>\n\n\n\n<p>Tarsus do\u011fumlu Ressam Serdar Samanc\u0131o\u011flu da Tarsus&#8217;un kadim bir \u015fehir oldu\u011funa dikkat \u00e7ekerek;&nbsp;<strong>&#8220;Bu kentin \u00e7ok derin bir ge\u00e7mi\u015fi var. Bu festivallerin yap\u0131lm\u0131\u015f olmas\u0131 onur verici, do\u011fru ve g\u00fczel bir hamle. Felsefi, tarihi, k\u00fclt\u00fcrel, sosyal ve toplumsal anlamda \u00e7ok b\u00fcy\u00fck merhaleler ge\u00e7irmi\u015f ve bug\u00fcnlere gelmi\u015f bir kent. Bu festivalleri tertipleyenlere sayg\u0131, sevgi ve \u015f\u00fckranlar\u0131m\u0131 sunuyorum. M\u00fcthi\u015f bir kalabal\u0131k, m\u00fcthi\u015f bir bilgi. Bu \u00e7ok olumlu. Gelece\u011fe umutla bakmam\u0131z\u0131n sembol\u00fc olsun&#8221;<\/strong>&nbsp;ifadelerine yer verdi.<\/p>\n\n\n\n<p>Yarenlik Alan\u0131&#8217;nda g\u00fcn boyu s\u00fcren etkinlikler kapsam\u0131nda yurtta\u015flar e\u011flenceden e\u011flenceye ko\u015farken, \u00c7ekya Cumhuriyeti&#8217;nden gelen &#8216;<strong><em>Sternovjan M\u00fczik Grubu&#8217;<\/em><\/strong>&nbsp;dinletisi, alan\u0131 dolduran yurtta\u015flar\u0131 adeta mest etti.<\/p>\n\n\n\n<p><strong>Tarsuslu Sanat\u00e7\u0131 \u00d6z, Tarsus&#8217;un tarihine k\u0131sa bir yolculuk yapt\u0131<\/strong><\/p>\n\n\n\n<p>TADEKA Binas\u0131&#8217;nda ger\u00e7ekle\u015ftirilen etkinliklerden biri de TADEKA Plastik Sanatlar Kurulu \u00fcyesi Tarsuslu Ressam Hikmet \u00d6z&#8217;\u00fcn &#8216;<strong>Tarsus&#8217;un Uygarl\u0131k Perisi Regma&#8217;<\/strong>&nbsp;adl\u0131 s\u00f6yle\u015fi oldu. Tarsuslu sanat\u00e7\u0131; antik \u00e7a\u011fdan g\u00fcn\u00fcm\u00fcze Tarsus&#8217;un geli\u015fimi ile birlikte Tarsus&#8217;un \u00f6nemli de\u011ferlerinden olan k\u00fclliyeleri, \u00e7e\u015fmeleri ve eski yap\u0131lar\u0131n\u0131 foto\u011fraflar \u00fczerinden anlatarak kat\u0131l\u0131mc\u0131lar\u0131 tarihsel ve nostaljik bir yolculu\u011fa \u00e7\u0131kard\u0131.<\/p>\n\n\n\n<p>Ressam \u00d6z, festivalin Tarsuslular i\u00e7in olduk\u00e7a yararl\u0131 bir \u015fekilde ge\u00e7ti\u011fini s\u00f6yleyerek,&nbsp;<strong>&#8220;Tarsuslular, festivalde \u00e7ok de\u011fi\u015fik ve farkl\u0131 \u015feyler izliyorlar. Ben&#8217;de Tarsus&#8217;un bilinmeyen y\u00f6nlerini ele ald\u0131m. Sunumda g\u00f6sterdi\u011fim yap\u0131lar\u0131n hepsini \u00fcz\u00fclerek anlatt\u0131m. \u00c7\u00fcnk\u00fc bu yap\u0131lar\u0131n \u00e7o\u011fu bug\u00fcn bilinmeyen; y\u0131k\u0131lan veya yok olan yap\u0131lar oldu. Bunlara sahip \u00e7\u0131k\u0131p, Tarsus ya\u015fam k\u00fclt\u00fcr\u00fcne katmam\u0131z gerekiyor&#8221;<\/strong>&nbsp;ifadelerini kulland\u0131<\/p>\n\n\n\n<p><strong>Yazar Dilek Cesur, aile ve \u00e7ocuk geli\u015fiminin \u00f6nemini yurtta\u015flara anlatt\u0131<\/strong><\/p>\n\n\n\n<p>Festivalin 3. g\u00fcn\u00fcnde Tarsus M\u00fczesi&#8217;nde \u00fcnl\u00fc psikolog, aile dan\u0131\u015fman\u0131, e\u011fitimci ve yazar Dilek Cesur&#8217;un ger\u00e7ekle\u015ftirdi\u011fi s\u00f6yle\u015fi, vatanda\u015flar\u0131n yo\u011fun ilgisini \u00e7ekti. Cesur, Mersin ve Tarsus halk\u0131n\u0131n enerjisinden etkilenerek organizasyondan duydu\u011fu memnuniyeti dile getirdi. Cesur&#8217;un duygu dolu konu\u015fmas\u0131, kat\u0131l\u0131mc\u0131lara, \u00e7ocuk geli\u015fimine ve toplumun g\u00fcc\u00fcne dair ilham verdi.<\/p>\n\n\n\n<p><strong>Cesur: &#8220;Mersin ve Tarsus insan\u0131n\u0131n enerjisi ayr\u0131 bir y\u00fcksek&#8221;<\/strong><\/p>\n\n\n\n<p>S\u00f6yle\u015fiye \u00e7ok g\u00fczel bir kat\u0131l\u0131m oldu\u011funu ve insanlar\u0131n enerjisine hayran kald\u0131\u011f\u0131n\u0131 kaydeden Dilek Cesur,&nbsp;<strong>&#8220;Mersin ve Tarsus insan\u0131n\u0131n enerjisi ayr\u0131 bir y\u00fcksek. \u00c7ok keyifli bir ortamd\u0131, ben \u00e7ok keyif ald\u0131m. Organizasyon da \u00e7ok g\u00fczeldi. Biz b\u00f6yle g\u00fczel bir organizasyonda bulu\u015fturduklar\u0131 i\u00e7in Mersin B\u00fcy\u00fck\u015fehir Belediyesi&#8217;ne \u00e7ok te\u015fekk\u00fcr ederiz&#8221;<\/strong>&nbsp;dedi. Festivallerin insanlar\u0131 bir araya getirdi\u011fini vurgulayan Cesur,&nbsp;<strong>&#8220;Oradaki k\u00fclt\u00fcr\u00fc tan\u0131ma, birlik, beraberlik gibi duygular\u0131 besledi\u011fini d\u00fc\u015f\u00fcn\u00fcyorum. \u0130nsanlar\u0131n kendi yeteneklerini ispatlad\u0131klar\u0131 bir yer. O y\u00fczden toplum ad\u0131na nerede yap\u0131l\u0131rsa yap\u0131ls\u0131n \u00e7ok k\u0131ymetli etkinlikler&#8221;&nbsp;<\/strong>s\u00f6zlerine yer verdi.<\/p>\n\n\n\n<p><strong>&#8216;Patates&#8217;, Echo Grup konserine damga vurdu!<\/strong><\/p>\n\n\n\n<p>Festivalde St. Paul Meydan\u0131 da e\u011flenceli konserlere ev sahipli\u011fi yapt\u0131. Sevilen pop ve rock \u015fark\u0131lar\u0131 seslendiren Echo Grup&#8217;un konseri, dinleyicilere \u00e7ok \u00f6zel anlar ya\u015fatt\u0131. Bir sokak k\u00f6pe\u011fi, sahneye \u00e7\u0131karak konser boyu gruba e\u015flik etti. Grubun solistlerinden Nil Defne Eren, k\u00f6pe\u011fe&nbsp;<strong><em>&#8216;Patates&#8217;<\/em><\/strong>&nbsp;ismini koyarken, o anlar\u0131 ise \u015fu \u015fekilde anlatt\u0131;&nbsp;<strong>&#8220;Daha \u00f6nce tan\u0131\u015fm\u0131yoruz. Bir anda geldi. M\u00fczi\u011fe de \u00e7ok ilgili oldu\u011funu d\u00fc\u015f\u00fcn\u00fcyorum. Buralarda bizi dinliyordu. Sahneye gelmesi de \u00e7ok g\u00fczel. Benim i\u00e7in \u00e7ok iyi bir deneyimdi, destek\u00e7im oldu. Heyecan\u0131m\u0131 atmama yard\u0131mc\u0131 oldu. Ortam da \u00e7ok g\u00fczel. A\u015f\u0131r\u0131 be\u011fendim ve \u00e7ok e\u011flendim. \u0130nsanlar\u0131 e\u011flendiren bir festival ve burada bulunmaktan \u00e7ok mutluyum.&#8221;<\/strong><\/p>\n\n\n\n<p><strong>&#8220;B\u00fcy\u00fck\u015fehirlerde g\u00f6rmeye al\u0131\u015f\u0131k oldu\u011fumuz her \u015fey \u015fu an Tarsus&#8217;ta var&#8221;<\/strong><\/p>\n\n\n\n<p>Echo Grup&#8217;un ard\u0131ndan sahne alan Refresh Band de festivalin son saatlerinde en sevilen rock \u015fark\u0131lar\u0131 dinleyiciler i\u00e7in seslendirdi. Refresh Band Solisti Ak\u0131n Hafta,<strong>&nbsp;&#8220;Burada bulunmak heyecan verici. 15 y\u0131ld\u0131r bu grup var. Daha \u00f6nce b\u00f6yle festivallerin olmamas\u0131 bizi \u00e7ok geride b\u0131rak\u0131yordu. M\u00fczi\u011fe olan heyecan\u0131m\u0131z\u0131 azalt\u0131yordu. Ama \u015fimdi biliyoruz ki b\u00f6yle festivaller var. B\u00fcy\u00fck\u015fehirlerde g\u00f6rmeye al\u0131\u015f\u0131k oldu\u011fumuz her \u015fey \u015fu an Tarsus&#8217;ta var. \u0130\u015fim gere\u011fi \u00e7ok fazla \u015fehir d\u0131\u015f\u0131 ve yurtd\u0131\u015f\u0131na \u00e7\u0131k\u0131yorum. Oradan bile bilen insanlar var. Bu Tarsus i\u00e7in \u00e7ok heyecan verici. Burada mutlu olmak i\u00e7in her \u015feyi bulabiliyorsunuz&#8221;<\/strong>&nbsp;diye konu\u015ftu.<\/p>\n\n\n\n<p><strong>&#8220;Filozof Epiktetos&#8217;un ya\u015fam\u0131 ve \u00f6\u011fretileri yans\u0131t\u0131ld\u0131&#8221;<\/strong><\/p>\n\n\n\n<p><strong>&#8216;3. Uluslararas\u0131 Tarsus Festivali&#8217;&nbsp;<\/strong>Anadolu&#8217;nun binlerce y\u0131ll\u0131k k\u00fclt\u00fcrel miras\u0131n\u0131n ve felsefe \u00f6\u011fretilerinin&nbsp;&nbsp;yans\u0131t\u0131ld\u0131\u011f\u0131 etkinliklere de ev sahipli\u011fi yapt\u0131.<\/p>\n\n\n\n<p>Yap\u0131mc\u0131 ve y\u00f6netmenli\u011fini Umut Hac\u0131fevzio\u011flu&#8217;nun, senaryo ve yard\u0131mc\u0131 y\u00f6netmenli\u011fini U\u011fur Pi\u015fmanl\u0131k&#8217;\u0131n yapt\u0131\u011f\u0131&nbsp;<strong>&#8216;K\u00f6lelikten Filozoflu\u011fa Epiktetos&#8217;&nbsp;<\/strong>isimli belgesel film g\u00f6sterimi TADEKA binas\u0131nda ger\u00e7ekle\u015ftirildi. Anadolu&#8217;da ya\u015fam\u0131\u015f filozoflar\u0131n belgesel ya\u015fam anlat\u0131mlar\u0131 \u00e7ekimlerinden bir tanesi olan&nbsp;<strong>&#8216;K\u00f6lelikten Filozoflu\u011fa Epiktetos&#8217;<\/strong>&nbsp;belgesel g\u00f6sterimi sanatseverlerce ilgi ile izlendi.<\/p>\n\n\n\n<p>Kendisinin de bizzat oynad\u0131\u011f\u0131 belgesel film g\u00f6sterimi sonras\u0131 U\u011fur Pi\u015fmanl\u0131k, kat\u0131l\u0131mc\u0131lar\u0131n sorular\u0131n\u0131 yan\u0131tlad\u0131.<\/p>\n","protected":false},"excerpt":{"rendered":"<p>Binlerce y\u0131ld\u0131r bir\u00e7ok medeniyete ev sahipli\u011fi yapan Tarsus&#8217;un e\u015fsiz tarihi, dokusu, sanat\u0131, k\u00fclt\u00fcr\u00fc ve birbirinden lezzetli yemeklerini t\u00fcm d\u00fcnyaya tan\u0131tan Mersin B\u00fcy\u00fck\u015fehir Belediyesi, K\u00fclt\u00fcr ve Sosyal \u0130\u015fler Dairesi Ba\u015fkanl\u0131\u011f\u0131 koordinesinde bu y\u0131l 3.&#8217;s\u00fcn\u00fc organize etti\u011fi festival ile Tarsus&#8217;u b\u00f6lgede bir marka haline getirdi.&nbsp;&#8216;3. Uluslararas\u0131 Tarsus Festivali&#8217;, m\u00fczik ve e\u011flenceyi bir araya getirirken; sanat at\u00f6lyeleri ve [&hellip;]<\/p>\n","protected":false},"author":2,"featured_media":36674,"comment_status":"closed","ping_status":"closed","sticky":false,"template":"","format":"standard","meta":{"footnotes":""},"categories":[2,3],"tags":[],"class_list":["post-36673","post","type-post","status-publish","format-standard","has-post-thumbnail","hentry","category-gundem","category-manset"],"views":2,"_links":{"self":[{"href":"https:\/\/mersinkadingazetesi.com\/index.php?rest_route=\/wp\/v2\/posts\/36673"}],"collection":[{"href":"https:\/\/mersinkadingazetesi.com\/index.php?rest_route=\/wp\/v2\/posts"}],"about":[{"href":"https:\/\/mersinkadingazetesi.com\/index.php?rest_route=\/wp\/v2\/types\/post"}],"author":[{"embeddable":true,"href":"https:\/\/mersinkadingazetesi.com\/index.php?rest_route=\/wp\/v2\/users\/2"}],"replies":[{"embeddable":true,"href":"https:\/\/mersinkadingazetesi.com\/index.php?rest_route=%2Fwp%2Fv2%2Fcomments&post=36673"}],"version-history":[{"count":1,"href":"https:\/\/mersinkadingazetesi.com\/index.php?rest_route=\/wp\/v2\/posts\/36673\/revisions"}],"predecessor-version":[{"id":36675,"href":"https:\/\/mersinkadingazetesi.com\/index.php?rest_route=\/wp\/v2\/posts\/36673\/revisions\/36675"}],"wp:featuredmedia":[{"embeddable":true,"href":"https:\/\/mersinkadingazetesi.com\/index.php?rest_route=\/wp\/v2\/media\/36674"}],"wp:attachment":[{"href":"https:\/\/mersinkadingazetesi.com\/index.php?rest_route=%2Fwp%2Fv2%2Fmedia&parent=36673"}],"wp:term":[{"taxonomy":"category","embeddable":true,"href":"https:\/\/mersinkadingazetesi.com\/index.php?rest_route=%2Fwp%2Fv2%2Fcategories&post=36673"},{"taxonomy":"post_tag","embeddable":true,"href":"https:\/\/mersinkadingazetesi.com\/index.php?rest_route=%2Fwp%2Fv2%2Ftags&post=36673"}],"curies":[{"name":"wp","href":"https:\/\/api.w.org\/{rel}","templated":true}]}}