{"id":36676,"date":"2024-11-04T12:41:59","date_gmt":"2024-11-04T09:41:59","guid":{"rendered":"https:\/\/mersinkadingazetesi.com\/?p=36676"},"modified":"2024-11-04T12:41:59","modified_gmt":"2024-11-04T09:41:59","slug":"eglenceli-baslayan-festivale-eglenceli-kapanis","status":"publish","type":"post","link":"https:\/\/mersinkadingazetesi.com\/?p=36676","title":{"rendered":"E\u011eLENCEL\u0130 BA\u015eLAYAN FEST\u0130VALE, E\u011eLENCEL\u0130 KAPANI\u015e"},"content":{"rendered":"\n<p>Tarsus&#8217;u e\u011flencenin, sanat\u0131n, k\u00fclt\u00fcr\u00fcn ve lezzetin adresi haline getiren Mersin B\u00fcy\u00fck\u015fehir Belediyesi,&nbsp;<strong><em>&#8216;3. Uluslararas\u0131 Tarsus Festivali&#8217;<\/em><\/strong>ni e\u011flenceli bir konserle kapatt\u0131. Kent Orkestras\u0131&#8217;n\u0131n&nbsp;<strong><em>&#8216;Senfonik 90&#8217;lar T\u00fcrk\u00e7e Pop&#8217;<\/em><\/strong>&nbsp;konseriyle 90&#8217;lar\u0131n en sevilen par\u00e7alar\u0131n\u0131 Tarsuslularla hep bir a\u011f\u0131zdan s\u00f6yleyen sanat\u00e7\u0131lar, festivale e\u011flenceyle son noktay\u0131 koydu.<\/p>\n\n\n\n<p>Ba\u015flang\u0131c\u0131ndan itibaren, yazdan kalma havan\u0131n da etkisiyle insanlar\u0131n i\u00e7ini \u0131s\u0131tan 3. Uluslararas\u0131 Tarsus Festivali, hem renklili\u011fi hem de atmosferi ile kat\u0131l\u0131mc\u0131lar\u0131n g\u00f6nl\u00fcn\u00fc fethetti. 3 g\u00fcn boyu s\u00fcren etkinlikler ak\u015famlar\u0131 ger\u00e7ekle\u015fen konserlerle Tarsuslulara m\u00fczik ziyafeti ya\u015fatt\u0131. \u0130lk g\u00fcn gen\u00e7lerin sevgilisi Madrigal&#8217;in sahne almas\u0131yla ba\u015flayan konser co\u015fkusu ikinci g\u00fcn Candan Er\u00e7etin konseri ile doruklara \u00e7\u0131kt\u0131. Son g\u00fcn ise Mersin B\u00fcy\u00fck\u015fehir Belediyesi Kent Orkestras\u0131&#8217;n\u0131n&nbsp;<strong><em>&#8216;Senfonik 90&#8217;lar T\u00fcrk\u00e7e Pop&#8217;<\/em><\/strong>&nbsp;konserinde nostalji r\u00fczgar\u0131 esti. 3 g\u00fcn boyunca e\u011flencenin tad\u0131n\u0131 doyas\u0131ya \u00e7\u0131karan vatanda\u015flar, festival sayesinde kentin canland\u0131\u011f\u0131n\u0131 ve etkinliklerle birlikte kendilerinin de moral buldu\u011funu s\u00f6yledi.<\/p>\n\n\n\n<p><strong>\u00d6zd\u00fclger: &#8220;4. Uluslararas\u0131 Tarsus Festivali&#8217;nde g\u00f6r\u00fc\u015fmek \u00fczere&#8221;<\/strong><\/p>\n\n\n\n<p>Harika ge\u00e7en bir festivalin son konserinde Yarenlik Alan\u0131&#8217;n\u0131 dolduran Tarsuslulara hitaben bir konu\u015fma yapan K\u00fclt\u00fcr ve Sosyal \u0130\u015fler Dairesi Ba\u015fkanl\u0131\u011f\u0131 Koordinat\u00f6r\u00fc, Opera Sanat\u00e7\u0131s\u0131 Bengi \u0130spir \u00d6zd\u00fclger,&nbsp;<strong>&#8220;Her zaman sanata, sanat\u00e7\u0131ya, birlik ve beraberli\u011fe, huzur i\u00e7inde ya\u015famaya \u00f6nem veren, bizi destekleyen, her \u015fekilde bize y\u00f6n veren Ba\u015fkan\u0131m\u0131z Say\u0131n Vahap Se\u00e7er&#8217;in de bu vesileyle selamlar\u0131n\u0131 iletmi\u015f olay\u0131m. Kendisine de biz sanat\u00e7\u0131lar ad\u0131na te\u015fekk\u00fcrlerimi iletiyorum&#8221;<\/strong>&nbsp;dedi. \u00d6zd\u00fclger,&nbsp;<strong>&#8220;Dolu dolu muhte\u015fem bir 3 g\u00fcn ya\u015fad\u0131k sizlerin sayesinde. Harika bir festival, harika bir etkinlikti, her an\u0131m\u0131zda yer ald\u0131\u011f\u0131n\u0131z i\u00e7in siz de\u011ferli Tarsuslulara te\u015fekk\u00fcr ediyorum. Seneye 4.&#8217;s\u00fcn\u00fc daha da g\u00fczel yapaca\u011f\u0131m\u0131za inand\u0131\u011f\u0131m\u0131z ve bildi\u011fimiz 4. Uluslararas\u0131 Tarsus Festivali&#8217;nde g\u00f6r\u00fc\u015fmek \u00fczere&#8221;<\/strong>&nbsp;ifadelerine yer verdi. \u00d6zd\u00fclger konu\u015fmas\u0131n\u0131 ard\u0131ndan t\u00fcm orkestra ad\u0131na Orkestra \u015eefi Duygu Deniz Demirel&#8217;e \u00e7i\u00e7ek takdim etti.<\/p>\n\n\n\n<p>Kent Orkestras\u0131 Solistlerinden Tu\u011f\u00e7e Berdilek,&nbsp;<strong>&#8220;B\u00f6yle bir festivalin d\u00fczenlenmesi ve 3. y\u0131la gelmesi \u00e7ok g\u00fczel. Demek ki herkesin yo\u011fun ilgisini g\u00f6r\u00fcyor ve keyifli ge\u00e7iyor. Bu seneki festival de \u00e7ok keyifliydi. Yine festival kapsam\u0131nda konserlerimiz oldu. \u0130nsanlar\u0131n bir araya gelip kayna\u015fmas\u0131na da sebep oluyor. Orkestra ad\u0131na \u00e7ok mutluyum&#8221;<\/strong>&nbsp;s\u00f6zlerine yer verdi.<\/p>\n\n\n\n<p><strong>Vatanda\u015flar festivalin her an\u0131ndan keyif ald\u0131<\/strong><\/p>\n\n\n\n<p>Yarenlik Alan\u0131&#8217;nda esnafl\u0131k yapan Diyar G\u00fcven Alt\u0131n,&nbsp;<strong>&#8220;\u00c7ok g\u00fczel bir \u015fekilde belediyemiz festivalini ger\u00e7ekle\u015ftirdi. Hem esnafa hem de halk\u0131m\u0131za g\u00fczel bir hizmet oldu, gayet e\u011flendik. Esnaflara da yarar\u0131 oldu ve Tarsus epey bir canland\u0131&#8221;&nbsp;<\/strong>diyerek, emek veren B\u00fcy\u00fck\u015fehir ekiplerine te\u015fekk\u00fcr etti. Konserde e\u011flenen I\u015f\u0131k Naneli ise,&nbsp;<strong>&#8220;\u00c7ok g\u00fczel, e\u011flenceli bir festival oldu. Ge\u00e7en y\u0131llara g\u00f6re bu y\u0131l daha fazla insan vard\u0131. Gayet g\u00fczel bir festival oldu&#8221;<\/strong>&nbsp;diye konu\u015ftu.<\/p>\n\n\n\n<p>Festivalin her an\u0131nda e\u011flendi\u011fini s\u00f6yleyen G\u00f6n\u00fcl C\u00f6mert,&nbsp;<strong>&#8220;\u00c7ok be\u011fendik festivali, umar\u0131m her sene olur. Y\u00fcz boyatmadan konserlere kadar her \u015feye kat\u0131ld\u0131k. Olduk\u00e7a verim ald\u0131k. Kafam\u0131z da\u011f\u0131ld\u0131, stresimizi att\u0131k&#8221;&nbsp;<\/strong>dedi. M\u00fczeyyen \u00d6cek isimli yurtta\u015f ise&nbsp;<strong>&#8220;\u00c7ok e\u011flenceli ve g\u00fczel ge\u00e7ti. Umar\u0131m tekrar\u0131 olur&#8221;&nbsp;<\/strong>\u015feklinde konu\u015ftu.<\/p>\n","protected":false},"excerpt":{"rendered":"<p>Tarsus&#8217;u e\u011flencenin, sanat\u0131n, k\u00fclt\u00fcr\u00fcn ve lezzetin adresi haline getiren Mersin B\u00fcy\u00fck\u015fehir Belediyesi,&nbsp;&#8216;3. Uluslararas\u0131 Tarsus Festivali&#8217;ni e\u011flenceli bir konserle kapatt\u0131. Kent Orkestras\u0131&#8217;n\u0131n&nbsp;&#8216;Senfonik 90&#8217;lar T\u00fcrk\u00e7e Pop&#8217;&nbsp;konseriyle 90&#8217;lar\u0131n en sevilen par\u00e7alar\u0131n\u0131 Tarsuslularla hep bir a\u011f\u0131zdan s\u00f6yleyen sanat\u00e7\u0131lar, festivale e\u011flenceyle son noktay\u0131 koydu. Ba\u015flang\u0131c\u0131ndan itibaren, yazdan kalma havan\u0131n da etkisiyle insanlar\u0131n i\u00e7ini \u0131s\u0131tan 3. Uluslararas\u0131 Tarsus Festivali, hem renklili\u011fi [&hellip;]<\/p>\n","protected":false},"author":2,"featured_media":36677,"comment_status":"closed","ping_status":"closed","sticky":false,"template":"","format":"standard","meta":{"footnotes":""},"categories":[34,3],"tags":[],"class_list":["post-36676","post","type-post","status-publish","format-standard","has-post-thumbnail","hentry","category-flas-haber","category-manset"],"views":1,"_links":{"self":[{"href":"https:\/\/mersinkadingazetesi.com\/index.php?rest_route=\/wp\/v2\/posts\/36676"}],"collection":[{"href":"https:\/\/mersinkadingazetesi.com\/index.php?rest_route=\/wp\/v2\/posts"}],"about":[{"href":"https:\/\/mersinkadingazetesi.com\/index.php?rest_route=\/wp\/v2\/types\/post"}],"author":[{"embeddable":true,"href":"https:\/\/mersinkadingazetesi.com\/index.php?rest_route=\/wp\/v2\/users\/2"}],"replies":[{"embeddable":true,"href":"https:\/\/mersinkadingazetesi.com\/index.php?rest_route=%2Fwp%2Fv2%2Fcomments&post=36676"}],"version-history":[{"count":1,"href":"https:\/\/mersinkadingazetesi.com\/index.php?rest_route=\/wp\/v2\/posts\/36676\/revisions"}],"predecessor-version":[{"id":36678,"href":"https:\/\/mersinkadingazetesi.com\/index.php?rest_route=\/wp\/v2\/posts\/36676\/revisions\/36678"}],"wp:featuredmedia":[{"embeddable":true,"href":"https:\/\/mersinkadingazetesi.com\/index.php?rest_route=\/wp\/v2\/media\/36677"}],"wp:attachment":[{"href":"https:\/\/mersinkadingazetesi.com\/index.php?rest_route=%2Fwp%2Fv2%2Fmedia&parent=36676"}],"wp:term":[{"taxonomy":"category","embeddable":true,"href":"https:\/\/mersinkadingazetesi.com\/index.php?rest_route=%2Fwp%2Fv2%2Fcategories&post=36676"},{"taxonomy":"post_tag","embeddable":true,"href":"https:\/\/mersinkadingazetesi.com\/index.php?rest_route=%2Fwp%2Fv2%2Ftags&post=36676"}],"curies":[{"name":"wp","href":"https:\/\/api.w.org\/{rel}","templated":true}]}}