{"id":36679,"date":"2024-11-05T11:43:04","date_gmt":"2024-11-05T08:43:04","guid":{"rendered":"https:\/\/mersinkadingazetesi.com\/?p=36679"},"modified":"2024-11-05T11:43:07","modified_gmt":"2024-11-05T08:43:07","slug":"buyuksehir-yas-almis-yurttaslari-akilci-ilac-kullanimi-hakkinda-bilgilendirdi","status":"publish","type":"post","link":"https:\/\/mersinkadingazetesi.com\/?p=36679","title":{"rendered":"B\u00dcY\u00dcK\u015eEH\u0130R, YA\u015e ALMI\u015e YURTTA\u015eLARI, &#8216;AKILCI \u0130LA\u00c7 KULLANIMI&#8217; HAKKINDA B\u0130LG\u0130LEND\u0130RD\u0130"},"content":{"rendered":"\n<p>Ya\u015f alm\u0131\u015f yurtta\u015flar\u0131n sosyal hayat\u0131n i\u00e7erisinde daha fazla yer almalar\u0131 ve daha kaliteli bir emeklilik s\u00fcreci ge\u00e7irmeleri amac\u0131yla Mersin B\u00fcy\u00fck\u015fehir Belediyesi, fark\u0131ndal\u0131k etkinlikleri ile ya\u015f alm\u0131\u015f yurtta\u015flar\u0131 bilin\u00e7lendirmeye devam ediyor.&nbsp;&nbsp;Bu kapsamda Sosyal Hizmetler Dairesi Ba\u015fkanl\u0131\u011f\u0131 b\u00fcnyesinde faaliyet g\u00f6steren Halkkent, Yeni\u015fehir, Mezitli ve Tarsus Emekli Evi&#8217;nde ya\u015f alm\u0131\u015f yurtta\u015flara &#8216;<strong>Ak\u0131lc\u0131 \u0130la\u00e7 Kullan\u0131m\u0131&#8217;&nbsp;<\/strong>e\u011fitimi verildi.<\/p>\n\n\n\n<p>\u00c7ok ila\u00e7 de\u011fil do\u011fru ve bilin\u00e7li ila\u00e7 kullan\u0131m\u0131n anlat\u0131ld\u0131\u011f\u0131 etkinlikte ya\u015f alm\u0131\u015f yurtta\u015flar, doktorlar\u0131n uygun g\u00f6rd\u00fc\u011f\u00fc tedavi bi\u00e7imi ve y\u00f6ntemine uygun olarak ila\u00e7 kullan\u0131m\u0131, hastal\u0131k belirtilerinin ki\u015fiye \u00f6zel oldu\u011fu ve dozunda ila\u00e7 kullan\u0131m\u0131 hakk\u0131nda bilgilendirildiler. Ya\u015f alm\u0131\u015flar daha \u00f6nce bu konuda ya\u015fad\u0131klar\u0131 deneyimleri payla\u015farak, merak ettikleri sorulara yan\u0131t buldular. Etkinlik, ya\u015f alm\u0131\u015f yurtta\u015flardan olduk\u00e7a faydal\u0131 olmas\u0131 bak\u0131m\u0131ndan tam not ald\u0131.<\/p>\n\n\n\n<p><strong>Yeter: &#8220;Ya\u015f alm\u0131\u015flar\u0131n sosyalle\u015fmesi i\u00e7in e\u011fitimden k\u00fclt\u00fcr sanata yo\u011fun bir program olu\u015fturduk&#8221;<\/strong><\/p>\n\n\n\n<p>Mersin B\u00fcy\u00fck\u015fehir Belediyesi olarak ya\u015f alm\u0131\u015f yurtta\u015flar\u0131n sosyalle\u015fmesi ve keyifli vakit ge\u00e7irmesi i\u00e7in e\u011fitim, sa\u011fl\u0131k, sanat ve k\u00fclt\u00fcr alanlar\u0131nda yo\u011fun bir etkinlik program\u0131 olu\u015fturduklar\u0131n\u0131 s\u00f6yleyen Halkkent Emekli Evi Sorumlusu \u00c7a\u011fda\u015f Yeter,&nbsp;<strong>&#8220;Uzman\u0131m\u0131z taraf\u0131ndan ya\u015f alm\u0131\u015f yurtta\u015flar\u0131m\u0131za ak\u0131lc\u0131 ila\u00e7 kullan\u0131m\u0131 konusunda bilgilendirme yap\u0131ld\u0131. Bu e\u011fitimin amac\u0131 yanl\u0131\u015f ve do\u011fru olmayan ila\u00e7 kullan\u0131m\u0131n\u0131 engellemek. Emekli Evlerimiz ile sa\u011fl\u0131kl\u0131 bir neslin olu\u015fmas\u0131na katk\u0131 sunmaya devam edece\u011fiz&#8221;<\/strong>&nbsp;ifadelerine yer verdi.<\/p>\n\n\n\n<p><strong>Y\u00fcce: &#8220;Kat\u0131l\u0131m\u0131n y\u00fcksek oldu\u011fu verimli bir etkinlikti&#8221;<\/strong><\/p>\n\n\n\n<p>Toros \u00dcniversitesi&#8217;nde Hem\u015fire Yusuf Y\u00fcce, ya\u015f alm\u0131\u015f yurtta\u015flarda ak\u0131lc\u0131 ila\u00e7 kullan\u0131m\u0131na dair verimli bir etkinlik ger\u00e7ekle\u015ftirdiklerini s\u00f6yleyerek,&nbsp;<strong>&#8220;Ger\u00e7ekten kat\u0131l\u0131m olduk\u00e7a iyiydi. Hemen hemen her saatte alt\u0131n\u0131 \u00e7izdi\u011fimiz tek bir konu var; tedavi ki\u015fiye \u00f6zeldir. Doktorlar ki\u015fiye uygun tedavi y\u00f6ntemini ve ilac\u0131 belirler. Doktor belirledikten sonra hi\u00e7 kimse&nbsp;<em>&#8216;Bana iyi geldi&#8217;<\/em>&nbsp;\u00f6nerisiyle ila\u00e7 kullanmamal\u0131. E\u011fitimimizde yola \u00e7\u0131kt\u0131\u011f\u0131m\u0131z fas\u0131l buydu. Ak\u0131lc\u0131 ila\u00e7 kullan\u0131m\u0131; uygun tedavinin doktor taraf\u0131ndan belirlenmesi, ilac\u0131n eczac\u0131 taraf\u0131ndan kar\u015f\u0131lanmas\u0131, hasta ve hasta yak\u0131n\u0131na d\u00fc\u015fen sorumlulukla ilgili bir s\u00fcre\u00e7tir&#8221;<\/strong>&nbsp;diye konu\u015ftu.<\/p>\n\n\n\n<p><strong>Ya\u015f alm\u0131\u015flar, program\u0131 olduk\u00e7a kapsay\u0131c\u0131 ve faydal\u0131 buldu<\/strong><\/p>\n\n\n\n<p>Halkkent Emekli Evi&#8217;nden faydalanan Peruze Berki,&nbsp;<strong>&#8220;\u00c7ok g\u00fczel bir bilgilendirme yapt\u0131 hocam\u0131z. Ger\u00e7ekten insanlar\u0131m\u0131z baz\u0131 konularda bilgisizce ila\u00e7 kullanabiliyor. Gelen uzman da bunlar hakk\u0131nda \u00e7ok detayl\u0131 bir a\u00e7\u0131klama yapt\u0131&#8221;<\/strong>&nbsp;dedi.<\/p>\n\n\n\n<p>Emekli \u00f6\u011fretmen \u00d6kke\u015f Yetim ise, etkinlik hakk\u0131nda;&nbsp;<strong>&#8220;\u00c7ok e\u011fitici bir program oldu. \u00c7ok da faydaland\u0131k. Bilerek ya da bilmeyerek yapt\u0131\u011f\u0131m\u0131z hatalar\u0131n neler oldu\u011funu \u00f6\u011frendik. Olduk\u00e7a da memnun olduk&#8221;<\/strong>&nbsp;ifadelerine yer verdi.<\/p>\n","protected":false},"excerpt":{"rendered":"<p>Ya\u015f alm\u0131\u015f yurtta\u015flar\u0131n sosyal hayat\u0131n i\u00e7erisinde daha fazla yer almalar\u0131 ve daha kaliteli bir emeklilik s\u00fcreci ge\u00e7irmeleri amac\u0131yla Mersin B\u00fcy\u00fck\u015fehir Belediyesi, fark\u0131ndal\u0131k etkinlikleri ile ya\u015f alm\u0131\u015f yurtta\u015flar\u0131 bilin\u00e7lendirmeye devam ediyor.&nbsp;&nbsp;Bu kapsamda Sosyal Hizmetler Dairesi Ba\u015fkanl\u0131\u011f\u0131 b\u00fcnyesinde faaliyet g\u00f6steren Halkkent, Yeni\u015fehir, Mezitli ve Tarsus Emekli Evi&#8217;nde ya\u015f alm\u0131\u015f yurtta\u015flara &#8216;Ak\u0131lc\u0131 \u0130la\u00e7 Kullan\u0131m\u0131&#8217;&nbsp;e\u011fitimi verildi. \u00c7ok ila\u00e7 de\u011fil [&hellip;]<\/p>\n","protected":false},"author":2,"featured_media":36680,"comment_status":"closed","ping_status":"closed","sticky":false,"template":"","format":"standard","meta":{"footnotes":""},"categories":[3,9],"tags":[],"class_list":["post-36679","post","type-post","status-publish","format-standard","has-post-thumbnail","hentry","category-manset","category-saglik"],"views":4,"_links":{"self":[{"href":"https:\/\/mersinkadingazetesi.com\/index.php?rest_route=\/wp\/v2\/posts\/36679"}],"collection":[{"href":"https:\/\/mersinkadingazetesi.com\/index.php?rest_route=\/wp\/v2\/posts"}],"about":[{"href":"https:\/\/mersinkadingazetesi.com\/index.php?rest_route=\/wp\/v2\/types\/post"}],"author":[{"embeddable":true,"href":"https:\/\/mersinkadingazetesi.com\/index.php?rest_route=\/wp\/v2\/users\/2"}],"replies":[{"embeddable":true,"href":"https:\/\/mersinkadingazetesi.com\/index.php?rest_route=%2Fwp%2Fv2%2Fcomments&post=36679"}],"version-history":[{"count":1,"href":"https:\/\/mersinkadingazetesi.com\/index.php?rest_route=\/wp\/v2\/posts\/36679\/revisions"}],"predecessor-version":[{"id":36681,"href":"https:\/\/mersinkadingazetesi.com\/index.php?rest_route=\/wp\/v2\/posts\/36679\/revisions\/36681"}],"wp:featuredmedia":[{"embeddable":true,"href":"https:\/\/mersinkadingazetesi.com\/index.php?rest_route=\/wp\/v2\/media\/36680"}],"wp:attachment":[{"href":"https:\/\/mersinkadingazetesi.com\/index.php?rest_route=%2Fwp%2Fv2%2Fmedia&parent=36679"}],"wp:term":[{"taxonomy":"category","embeddable":true,"href":"https:\/\/mersinkadingazetesi.com\/index.php?rest_route=%2Fwp%2Fv2%2Fcategories&post=36679"},{"taxonomy":"post_tag","embeddable":true,"href":"https:\/\/mersinkadingazetesi.com\/index.php?rest_route=%2Fwp%2Fv2%2Ftags&post=36679"}],"curies":[{"name":"wp","href":"https:\/\/api.w.org\/{rel}","templated":true}]}}