{"id":36682,"date":"2024-11-05T11:44:33","date_gmt":"2024-11-05T08:44:33","guid":{"rendered":"https:\/\/mersinkadingazetesi.com\/?p=36682"},"modified":"2024-11-05T11:44:35","modified_gmt":"2024-11-05T08:44:35","slug":"akdeniz-ve-yenisehirdeki-muhtarlar-afet-farkindalik-egitiminde-bir-araya-geldi","status":"publish","type":"post","link":"https:\/\/mersinkadingazetesi.com\/?p=36682","title":{"rendered":"AKDEN\u0130Z VE YEN\u0130\u015eEH\u0130R&#8217;DEK\u0130 MUHTARLAR AFET FARKINDALIK E\u011e\u0130T\u0130M\u0130NDE B\u0130R ARAYA GELD\u0130"},"content":{"rendered":"\n<p>Mersin B\u00fcy\u00fck\u015fehir Belediyesi Afet \u0130\u015fleri Dairesi Ba\u015fkanl\u0131\u011f\u0131 koordinesinde&nbsp;<strong>&#8216;Muhtarlara Y\u00f6nelik Afet Fark\u0131ndal\u0131k E\u011fitimi&#8217;<\/strong>&nbsp;d\u00fczenlendi. \u0130l genelindeki t\u00fcm mahalle muhtarlar\u0131na y\u00f6nelik olarak ger\u00e7ekle\u015ftirilen e\u011fitimde, AFAD ve AKUT ekipleri de yer ald\u0131. Fark\u0131ndal\u0131k e\u011fitiminde muhtarlar\u0131n afet alan\u0131ndaki rol\u00fc, g\u00fcvenli toplanma alanlar\u0131, tahliye planlar\u0131, afet bilinci ve temel ilk yard\u0131m konular\u0131nda bilgiler aktar\u0131ld\u0131.<\/p>\n\n\n\n<p>Mercan 100. Y\u0131l \u0130klim ve \u00c7evre Bilim Merkezi&#8217;nde d\u00fczenlenen e\u011fitim program\u0131nda; B\u00fcy\u00fck\u015fehir Belediyesi Afet \u0130\u015fleri Dairesi Ba\u015fkan\u0131 Dr. Kemal Zorlu, Afet E\u011fitmeni Aziz Do\u011fan ve B\u00fcy\u00fck\u015fehir Belediyesi Sa\u011fl\u0131k \u0130\u015fleri Dairesi&#8217;nde g\u00f6rev yapan Dr. Serhat Kandemir sunum yapt\u0131.<\/p>\n\n\n\n<p><strong>Dr. Zorlu: &#8220;Afetler konusunda bilincin art\u0131r\u0131lmas\u0131 ve gerekli \u00f6nlemlerin al\u0131nmas\u0131 \u00e7ok \u00f6nemli&#8221;<\/strong><\/p>\n\n\n\n<p>Yapt\u0131\u011f\u0131 sunumda; afete d\u00f6n\u00fc\u015fen olaylar\u0131n y\u00f6netilmesi ve sonucunda olu\u015fan maddi manevi zararlar\u0131n azalt\u0131lmas\u0131 noktas\u0131nda yap\u0131lmas\u0131 gerekenlerin bilinmesi gerekti\u011fini ifade eden Afet \u0130\u015fleri Dairesi Ba\u015fkan\u0131 Dr. Kemal Zorlu,&nbsp;<strong>&#8220;Afetler konusunda bilincin art\u0131r\u0131lmas\u0131 ve afet \u00f6ncesinde gerekli \u00f6nlemlerin al\u0131nmas\u0131 \u00e7ok \u00f6nemli. Bu konu sadece bir kurumun, organizasyonun ya da vatanda\u015flar\u0131n tek ba\u015f\u0131na yapabilece\u011fi bir \u015fey de\u011fil. Bu konu merkezi h\u00fck\u00fcmetiyle, b\u00fcy\u00fck\u015fehir ve il\u00e7e belediyeleriyle, STK&#8217;larla, \u00f6zel sekt\u00f6r\u00fcyle, vatanda\u015f\u0131yla ve en nihayetiyle muhtarlarla birlikte herkesin ucundan tutarak, afete d\u00f6n\u00fc\u015fecek olaylar\u0131n zararlar\u0131n\u0131 azaltaca\u011f\u0131 ya da afet an\u0131ndaki zararlar\u0131n minimuma indirilece\u011fi \u00e7al\u0131\u015fmalar\u0131n yap\u0131laca\u011f\u0131 bir i\u015f. Bu noktada muhtarlar\u0131m\u0131za da ciddi g\u00f6revler d\u00fc\u015f\u00fcyor&#8221;&nbsp;<\/strong>dedi.<\/p>\n\n\n\n<p><strong>&#8220;Afetler kar\u015f\u0131s\u0131nda kurumsal i\u015f birlikleri b\u00fcy\u00fck \u00f6nem ta\u015f\u0131maktad\u0131r&#8221;<\/strong><\/p>\n\n\n\n<p>E\u011fitim \u00e7al\u0131\u015fmalar\u0131n\u0131n ilkini muhtarlardan ba\u015flatt\u0131klar\u0131n\u0131 ifade eden Dr. Zorlu,&nbsp;<strong>&#8220;Kentimizdeki muhtarlar\u0131n hepsine ula\u015fmak istiyoruz.<\/strong>&nbsp;<strong>Muhtarlar hem yerel y\u00f6netimler, hem de merkezi idare ile vatanda\u015flar aras\u0131nda k\u00f6pr\u00fc g\u00f6revi g\u00f6r\u00fcyor. \u00d6zellikle afet durumlar\u0131nda onlar\u0131n yapaca\u011f\u0131 \u00f6nderlik, olu\u015fabilecek zararlar\u0131 en aza indirme noktas\u0131nda \u00e7ok \u00f6nemli. Teknik konularla ilgili \u00e7al\u0131\u015fmalar\u0131 biz zaten AFAD \u0130l M\u00fcd\u00fcrl\u00fc\u011f\u00fc ve AKUT&#8217;la yap\u0131yoruz. Afetler konusunda b\u00f6yle kurumsal i\u015f birlikleri olmazsa, tek ba\u015f\u0131na yap\u0131lacak bir i\u015f de\u011fil&#8221;&nbsp;<\/strong>diye konu\u015ftu.<\/p>\n\n\n\n<p><strong>Dr. Kandemir: &#8220;Afet olaylar\u0131 i\u00e7in temel ilkyard\u0131m \u00e7ok \u00f6nemli&#8221;<\/strong><\/p>\n\n\n\n<p>B\u00fcy\u00fck\u015fehir Belediyesi Sa\u011fl\u0131k \u0130\u015fleri Dairesi&#8217;nde g\u00f6rev yapan Dr. Serhat Kandemir; acil her durumda oldu\u011fu gibi, afet olaylar\u0131nda da temel ilkyard\u0131m\u0131n \u00e7ok \u00f6nemli oldu\u011funu belirterek, bu konuda asgari 10-12 saatlik bir e\u011fitimin \u015fart oldu\u011funu kaydetti ve kat\u0131l\u0131mc\u0131lara temel ilkyard\u0131m\u0131n neler oldu\u011funu ana hatlar\u0131yla anlatt\u0131.<\/p>\n\n\n\n<p><strong>Do\u011fan: &#8220;Afet \u00f6ncesi haz\u0131rl\u0131k ve afet an\u0131nda muhtarlar\u0131m\u0131za ciddi g\u00f6revler d\u00fc\u015f\u00fcyor&#8221;<\/strong><\/p>\n\n\n\n<p>Afet E\u011fitmeni Aziz Do\u011fan ise; afete d\u00f6n\u00fck olaylar hakk\u0131nda bilgi vererek, Mersin&#8217;in afetselli\u011finin \u00f6zellikle sel ve toprak kaymas\u0131 oldu\u011funu belirtti. Deprem oldu\u011funda muhtarlar\u0131n kime, nerede ve ne \u015fekilde destek olacaklar\u0131n\u0131n \u00e7ok \u00f6nemli oldu\u011funu anlatan Do\u011fan, afet \u00f6ncesi yap\u0131lmas\u0131 gereken aile plan\u0131n\u0131n \u00f6nemine de vurgu yapt\u0131.&nbsp;<strong><em>&#8216;\u00c7\u00f6k-kapan-tutun&#8217;&nbsp;<\/em><\/strong>hareketini uygulamal\u0131 olarak g\u00f6steren Do\u011fan,&nbsp;<strong>&#8220;Depremde, toplanma ve bar\u0131nma alanlar\u0131 b\u00fcy\u00fck \u00f6nem ta\u015f\u0131maktad\u0131r. Bu i\u015f ve i\u015flemlerin, e\u011fitimlerimizin en temelinde de muhtarlar\u0131m\u0131z var&#8221;&nbsp;<\/strong>dedi.<\/p>\n\n\n\n<p><strong>Muhtar Dindar: &#8220;Bu konudaki \u00e7al\u0131\u015fmalar\u0131m\u0131zda B\u00fcy\u00fck\u015fehir&#8217;i rol model al\u0131yoruz&#8221;<\/strong><\/p>\n\n\n\n<p>Akdeniz il\u00e7esine ba\u011fl\u0131 Nusratiye Mahallesi Muhtar\u0131 Mehmet Dindar, muhtarlar\u0131n 6 \u015eubat depreminde \u00f6nemli rol ald\u0131\u011f\u0131n\u0131 ve me\u015fakkatli i\u015flere imza att\u0131klar\u0131n\u0131 s\u00f6yleyerek,&nbsp;<strong>&#8220;Muhtarlar bu konuda kilit rol oynuyorlar. 2017 y\u0131l\u0131nda bizim kendi muhtarl\u0131k b\u00fcnyemizde g\u00f6n\u00fcll\u00fclerle kurmu\u015f oldu\u011fumuz bir arama kurtarma ekibimiz var. Mersin Arama Kurtarma ad\u0131n\u0131 alan ekibimiz, STK haline geldi. Eski yap\u0131da olan bir muhtarl\u0131k binam\u0131z\u0131 da, \u015fu an bir istasyon haline getirdik. Burada, elzem olan t\u00fcm malzemeleri bulunduruyoruz. \u00c7\u00fcnk\u00fc 6 \u015eubat&#8217;ta ya\u015fad\u0131\u011f\u0131m\u0131z sorunlar\u0131, ayn\u0131 \u015fekilde ya\u015famak istemiyoruz. Mersin B\u00fcy\u00fck\u015fehir Belediyemizi rol model alan muhtarl\u0131\u011f\u0131m\u0131zda da bunu yapmaya \u00e7al\u0131\u015f\u0131yoruz&#8221;&nbsp;<\/strong>dedi.<\/p>\n\n\n\n<p><strong>Muhtar A\u00e7ar: &#8220;Mersin hem sele, hem de depreme meyilli bir \u015fehir&#8221;<\/strong><\/p>\n\n\n\n<p>Akdeniz il\u00e7esine ba\u011fl\u0131 M\u00fcfide \u0130lhan Mahallesi Muhtar\u0131 H\u00fclya A\u00e7ar, e\u011fitimi \u00e7ok faydal\u0131 buldu\u011funu belirterek,&nbsp;<strong>&#8220;Afetler konusunda herkesin bilin\u00e7lenmesi laz\u0131m. \u00c7\u00fcnk\u00fc deprem b\u00f6lgesindeyiz. Bulundu\u011fumuz \u015fehir hem sele, hem de depreme meyilli. \u00d6zellikle benim mahallemdeki 4-5 sokak, dere yata\u011f\u0131na \u00e7ok yak\u0131n. Verilen bu bilgilerden sonra, ya\u011fmur suyu mazgallar\u0131n\u0131n h\u0131zl\u0131 bir \u015fekilde temizlenmesinin \u00f6nemini kavrad\u0131k&#8221;&nbsp;<\/strong>ifadelerine yer verdi.&nbsp;<strong>&nbsp;<\/strong><\/p>\n\n\n\n<p><strong>Muhtar \u00d6z\u00e7i\u00e7ek: &#8220;Bu t\u00fcr e\u011fitimler, insanlar\u0131m\u0131z\u0131n daha bilin\u00e7li olmas\u0131n\u0131 sa\u011flamaktad\u0131r&#8221;<\/strong><\/p>\n\n\n\n<p>Yeni\u015fehir il\u00e7esine ba\u011fl\u0131 H\u00fcrriyet Mahallesi Muhtar\u0131 \u0130sa Can \u00d6z\u00e7i\u00e7ek ise, muhtarlar\u0131n bilin\u00e7lenmesi a\u00e7\u0131s\u0131ndan bu t\u00fcr etkinliklerin \u00e7ok iyi oldu\u011funu ifade ederek,&nbsp;<strong>&#8220;Bu e\u011fitimlerin temel amac\u0131; insanlar\u0131m\u0131z\u0131n daha bilin\u00e7li olmas\u0131n\u0131 sa\u011flamak ve afetlere kar\u015f\u0131 daha sa\u011fl\u0131kl\u0131 bir yakla\u015f\u0131m sa\u011flamak. Bu a\u00e7\u0131dan, Ba\u015fkan\u0131m\u0131z Vahap Se\u00e7er&#8217;e te\u015fekk\u00fcrlerimizi sunuyoruz. \u0130nsanlar \u00fczerinde \u00e7ok b\u00fcy\u00fck etkisi olaca\u011f\u0131na inand\u0131\u011f\u0131m bu e\u011fitimlerin devam etmesini ve mahalleler baz\u0131nda yap\u0131lmas\u0131n\u0131 da talep ediyoruz&#8221;&nbsp;<\/strong>diye konu\u015ftu.<\/p>\n","protected":false},"excerpt":{"rendered":"<p>Mersin B\u00fcy\u00fck\u015fehir Belediyesi Afet \u0130\u015fleri Dairesi Ba\u015fkanl\u0131\u011f\u0131 koordinesinde&nbsp;&#8216;Muhtarlara Y\u00f6nelik Afet Fark\u0131ndal\u0131k E\u011fitimi&#8217;&nbsp;d\u00fczenlendi. \u0130l genelindeki t\u00fcm mahalle muhtarlar\u0131na y\u00f6nelik olarak ger\u00e7ekle\u015ftirilen e\u011fitimde, AFAD ve AKUT ekipleri de yer ald\u0131. Fark\u0131ndal\u0131k e\u011fitiminde muhtarlar\u0131n afet alan\u0131ndaki rol\u00fc, g\u00fcvenli toplanma alanlar\u0131, tahliye planlar\u0131, afet bilinci ve temel ilk yard\u0131m konular\u0131nda bilgiler aktar\u0131ld\u0131. Mercan 100. Y\u0131l \u0130klim ve \u00c7evre Bilim [&hellip;]<\/p>\n","protected":false},"author":2,"featured_media":36683,"comment_status":"closed","ping_status":"closed","sticky":false,"template":"","format":"standard","meta":{"footnotes":""},"categories":[3],"tags":[],"class_list":["post-36682","post","type-post","status-publish","format-standard","has-post-thumbnail","hentry","category-manset"],"views":1,"_links":{"self":[{"href":"https:\/\/mersinkadingazetesi.com\/index.php?rest_route=\/wp\/v2\/posts\/36682"}],"collection":[{"href":"https:\/\/mersinkadingazetesi.com\/index.php?rest_route=\/wp\/v2\/posts"}],"about":[{"href":"https:\/\/mersinkadingazetesi.com\/index.php?rest_route=\/wp\/v2\/types\/post"}],"author":[{"embeddable":true,"href":"https:\/\/mersinkadingazetesi.com\/index.php?rest_route=\/wp\/v2\/users\/2"}],"replies":[{"embeddable":true,"href":"https:\/\/mersinkadingazetesi.com\/index.php?rest_route=%2Fwp%2Fv2%2Fcomments&post=36682"}],"version-history":[{"count":1,"href":"https:\/\/mersinkadingazetesi.com\/index.php?rest_route=\/wp\/v2\/posts\/36682\/revisions"}],"predecessor-version":[{"id":36684,"href":"https:\/\/mersinkadingazetesi.com\/index.php?rest_route=\/wp\/v2\/posts\/36682\/revisions\/36684"}],"wp:featuredmedia":[{"embeddable":true,"href":"https:\/\/mersinkadingazetesi.com\/index.php?rest_route=\/wp\/v2\/media\/36683"}],"wp:attachment":[{"href":"https:\/\/mersinkadingazetesi.com\/index.php?rest_route=%2Fwp%2Fv2%2Fmedia&parent=36682"}],"wp:term":[{"taxonomy":"category","embeddable":true,"href":"https:\/\/mersinkadingazetesi.com\/index.php?rest_route=%2Fwp%2Fv2%2Fcategories&post=36682"},{"taxonomy":"post_tag","embeddable":true,"href":"https:\/\/mersinkadingazetesi.com\/index.php?rest_route=%2Fwp%2Fv2%2Ftags&post=36682"}],"curies":[{"name":"wp","href":"https:\/\/api.w.org\/{rel}","templated":true}]}}