{"id":36691,"date":"2024-11-05T11:52:46","date_gmt":"2024-11-05T08:52:46","guid":{"rendered":"https:\/\/mersinkadingazetesi.com\/?p=36691"},"modified":"2024-11-05T11:52:47","modified_gmt":"2024-11-05T08:52:47","slug":"gumruk-musavirligi-egitimi-basladi","status":"publish","type":"post","link":"https:\/\/mersinkadingazetesi.com\/?p=36691","title":{"rendered":"G\u00fcmr\u00fck M\u00fc\u015favirli\u011fi e\u011fitimi ba\u015flad\u0131"},"content":{"rendered":"\n<p>MTSO E\u011fitim ve Kalk\u0131nma Vakf\u0131 ile 18 No\u2019lu G\u00fcmr\u00fck M\u00fc\u015favirli\u011fi Hizmetleri Meslek Komitesi i\u015fbirli\u011finde d\u00fczenlenen G\u00fcmr\u00fck Sekt\u00f6r\u00fc Ara Eleman E\u011fitiminin ikincisi ba\u015flad\u0131. 3 hafta devam edecek e\u011fitim s\u00fcresince kursiyerler teorik ve uygulamal\u0131 g\u00fcmr\u00fck ve lojistik e\u011fitimi alacak.\u00a0<br>E\u011fitim \u00f6ncesi d\u00fczenlenen a\u00e7\u0131l\u0131\u015f etkinli\u011finde s\u00f6z alan MTSO Y\u00f6netim Kurulu Ba\u015fkan\u0131 Hakan Sefa \u00c7ak\u0131r, Mersin\u2019in bir d\u0131\u015f ticaret kenti oldu\u011funu hat\u0131rlatarak verilen e\u011fitimin \u00f6nemine de\u011findi. Mersin\u2019in gelecekte \u00e7ok daha iyi yerlere gelece\u011fini vurgulayan \u00c7ak\u0131r, \u201cB\u00f6lgemiz T\u00fcrkiye\u2019nin yeni Marmara b\u00f6lgesi, Mersin ise ikinci \u0130stanbul olarak g\u00f6r\u00fcn\u00fcyor. Bu s\u00fcre\u00e7te iyi olanlar h\u0131zl\u0131 y\u00fckselip rahat ya\u015fayacak. Bu nedenle kendinizi geli\u015ftirmeniz \u00e7ok \u00f6nemli\u201d dedi. Personele her alanda ihtiya\u00e7 oldu\u011funu, iyi personele ise daha fazla ihtiya\u00e7 bulundu\u011funu vurgulayan \u00c7ak\u0131r, \u201cBurada olu\u015fturaca\u011f\u0131n\u0131z networkler de \u00e7ok k\u0131ymetli. \u0130htiya\u00e7 duydu\u011funuz her an kap\u0131m\u0131z\u0131 \u00e7almaktan \u00e7ekinmeyin\u201d ifadelerini kulland\u0131.\u00a0<br>MTSO E\u011fitim ve Kalk\u0131nma Vakf\u0131 Ba\u015fkan\u0131 \u0130smail Yavuz \u00d6zg\u00fcven vak\u0131f olarak en iyi yat\u0131r\u0131m\u0131n insana yap\u0131lan yat\u0131r\u0131m oldu\u011fu d\u00fc\u015f\u00fcncesiyle hareket ettiklerini s\u00f6yledi. E\u011fitimli personele ihtiyac\u0131 olan sekt\u00f6rlere y\u00f6nelik e\u011fitimler d\u00fczenlediklerini bildiren \u00d6zg\u00fcven, i\u015f d\u00fcnyas\u0131na kalifiye personel kazand\u0131rd\u0131klar\u0131n\u0131 ifade etti. G\u00fcmr\u00fck sekt\u00f6r\u00fcne y\u00f6nelik ilk e\u011fitimi \u015eubat ay\u0131nda d\u00fczenlediklerini, gelen talep \u00fczerine ikincisini ba\u015flatt\u0131klar\u0131n\u0131 kaydeden \u00d6zg\u00fcven, talep olmas\u0131 halinde devam\u0131n\u0131 getirebileceklerini aktard\u0131.\u00a0<br>18 No\u2019lu Komite Ba\u015fkan\u0131 Serhan Koylan, \u201cBana g\u00f6re en \u00f6nemlisi insan\u0131n kendisini de\u011fi\u015ftirmesi ya da bu yoldaki m\u00fccadelesidir. Bu e\u011fitime kat\u0131larak kendinizi de\u011fi\u015ftirme yolunda \u00f6nemli bir ad\u0131m att\u0131n\u0131z\u201d derken; 18 No\u2019lu Komiteden Meclis \u00dcyesi Zeki \u015ean, e\u011fitimler sonras\u0131nda kursiyerleri yaln\u0131z b\u0131rakmay\u0131p i\u015fe yerle\u015ftirilmeleri konusunda da her t\u00fcrl\u00fc deste\u011fi vermeye haz\u0131r olduklar\u0131n\u0131 s\u00f6yledi.<\/p>\n","protected":false},"excerpt":{"rendered":"<p>MTSO E\u011fitim ve Kalk\u0131nma Vakf\u0131 ile 18 No\u2019lu G\u00fcmr\u00fck M\u00fc\u015favirli\u011fi Hizmetleri Meslek Komitesi i\u015fbirli\u011finde d\u00fczenlenen G\u00fcmr\u00fck Sekt\u00f6r\u00fc Ara Eleman E\u011fitiminin ikincisi ba\u015flad\u0131. 3 hafta devam edecek e\u011fitim s\u00fcresince kursiyerler teorik ve uygulamal\u0131 g\u00fcmr\u00fck ve lojistik e\u011fitimi alacak.\u00a0E\u011fitim \u00f6ncesi d\u00fczenlenen a\u00e7\u0131l\u0131\u015f etkinli\u011finde s\u00f6z alan MTSO Y\u00f6netim Kurulu Ba\u015fkan\u0131 Hakan Sefa \u00c7ak\u0131r, Mersin\u2019in bir d\u0131\u015f ticaret kenti [&hellip;]<\/p>\n","protected":false},"author":2,"featured_media":36692,"comment_status":"closed","ping_status":"closed","sticky":false,"template":"","format":"standard","meta":{"footnotes":""},"categories":[2,3,5],"tags":[],"class_list":["post-36691","post","type-post","status-publish","format-standard","has-post-thumbnail","hentry","category-gundem","category-manset","category-mersin"],"views":5,"_links":{"self":[{"href":"https:\/\/mersinkadingazetesi.com\/index.php?rest_route=\/wp\/v2\/posts\/36691"}],"collection":[{"href":"https:\/\/mersinkadingazetesi.com\/index.php?rest_route=\/wp\/v2\/posts"}],"about":[{"href":"https:\/\/mersinkadingazetesi.com\/index.php?rest_route=\/wp\/v2\/types\/post"}],"author":[{"embeddable":true,"href":"https:\/\/mersinkadingazetesi.com\/index.php?rest_route=\/wp\/v2\/users\/2"}],"replies":[{"embeddable":true,"href":"https:\/\/mersinkadingazetesi.com\/index.php?rest_route=%2Fwp%2Fv2%2Fcomments&post=36691"}],"version-history":[{"count":1,"href":"https:\/\/mersinkadingazetesi.com\/index.php?rest_route=\/wp\/v2\/posts\/36691\/revisions"}],"predecessor-version":[{"id":36693,"href":"https:\/\/mersinkadingazetesi.com\/index.php?rest_route=\/wp\/v2\/posts\/36691\/revisions\/36693"}],"wp:featuredmedia":[{"embeddable":true,"href":"https:\/\/mersinkadingazetesi.com\/index.php?rest_route=\/wp\/v2\/media\/36692"}],"wp:attachment":[{"href":"https:\/\/mersinkadingazetesi.com\/index.php?rest_route=%2Fwp%2Fv2%2Fmedia&parent=36691"}],"wp:term":[{"taxonomy":"category","embeddable":true,"href":"https:\/\/mersinkadingazetesi.com\/index.php?rest_route=%2Fwp%2Fv2%2Fcategories&post=36691"},{"taxonomy":"post_tag","embeddable":true,"href":"https:\/\/mersinkadingazetesi.com\/index.php?rest_route=%2Fwp%2Fv2%2Ftags&post=36691"}],"curies":[{"name":"wp","href":"https:\/\/api.w.org\/{rel}","templated":true}]}}