{"id":36703,"date":"2024-11-06T13:02:34","date_gmt":"2024-11-06T10:02:34","guid":{"rendered":"https:\/\/mersinkadingazetesi.com\/?p=36703"},"modified":"2024-11-06T13:02:35","modified_gmt":"2024-11-06T10:02:35","slug":"toroslarda-okuma-salonunun-insaati-basladi","status":"publish","type":"post","link":"https:\/\/mersinkadingazetesi.com\/?p=36703","title":{"rendered":"TOROSLAR&#8217;DA OKUMA SALONU&#8217;NUN \u0130N\u015eAATI BA\u015eLADI"},"content":{"rendered":"\n<p>Toroslar Belediye Ba\u015fkan\u0131 Abdurrahman Y\u0131ld\u0131z, &#8220;Okuma Salonu&#8217;nun in\u015faat \u00e7al\u0131\u015fmalar\u0131 ba\u015flad\u0131. \u00c7ok k\u0131sa bir s\u00fcre sonra Akbelen Mahallesi&#8217;ndeki gen\u00e7lerimize, halk\u0131m\u0131za ve o civarda oturan b\u00fct\u00fcn yurtta\u015flar\u0131m\u0131z\u0131n hizmetine a\u00e7aca\u011f\u0131z&#8221; dedi.<\/p>\n\n\n\n<p>Toroslar Belediyesinin Kas\u0131m Ay\u0131 Ola\u011fan Meclis Toplant\u0131s\u0131n\u0131n 2. Birle\u015fimi, belediye ba\u015fkan\u0131 Abdurrahman Y\u0131ld\u0131z ba\u015fkanl\u0131\u011f\u0131nda ger\u00e7ekle\u015fti. Meclisin a\u00e7\u0131l\u0131\u015f konu\u015fmas\u0131 yapan Ba\u015fkan Y\u0131ld\u0131z, kayy\u0131m uygulamas\u0131n\u0131n tekrar etti\u011fine de\u011finerek, kayy\u0131mlar\u0131n kabul edilemez oldu\u011funu vurgulad\u0131. Y\u0131ld\u0131z, &#8220;Sand\u0131kla gelen sand\u0131kla gitmelidir. Bu garanti alt\u0131na al\u0131nmal\u0131d\u0131r. Bu anayasal hakt\u0131r. Dolay\u0131s\u0131yla bu uygulamalardan derhal vazge\u00e7ilmelidir&#8221; dedi.<\/p>\n\n\n\n<p><strong>&#8216;AT\u00d6LYELER KURACA\u011eIZ&#8217;<\/strong><\/p>\n\n\n\n<p>Korukent Mahallesi&#8217;nde Defne Korulu\u011fu kurduklar\u0131n\u0131 s\u00f6yleyen Ba\u015fkan Y\u0131ld\u0131z, &#8220;500 tane a\u011fa\u00e7 diktik. 320 tanesi defne a\u011fac\u0131yd\u0131. Bizi projeye dahil eden Mersin B\u00fcy\u00fck\u015fehir Belediyemize ve Vahap Ba\u015fkan&#8217;a te\u015fekk\u00fcr ederim. Defne a\u011fac\u0131, \u00e7abuk b\u00fcy\u00fcyen ve alt\u0131n de\u011ferindedir. Yapraklar\u0131 kurutulup ihracat\u0131 da yap\u0131labilen bir a\u011fa\u00e7t\u0131r. Dolay\u0131s\u0131yla g\u00fczel bir Defne Korulu\u011fu olu\u015fturuldu. Yak\u0131n zamanda buras\u0131 defne orman\u0131 olacak. \u0130leri ki zamanlarda orada, kad\u0131nlar\u0131n \u00e7al\u0131\u015fabildi\u011fi at\u00f6lyeler a\u00e7aca\u011f\u0131z. Defneyapra\u011f\u0131n\u0131n kurutuldu\u011fu, defne ya\u011f\u0131n\u0131n \u00e7\u0131kar\u0131ld\u0131\u011f\u0131 ya da defneden ekstra \u00fcr\u00fcnlerin olu\u015fturuldu\u011fu bir at\u00f6lye kurmay\u0131 d\u00fc\u015f\u00fcn\u00fcyoruz. Bu anlamda Toroslar\u0131m\u0131z bug\u00fcn g\u00fczel bir koruluk kazanm\u0131\u015f oldu. G\u00f6z\u00fcm\u00fcz gibi bakal\u0131m&#8221; dedi.<\/p>\n\n\n\n<p><strong>&#8216;ATIL HALDEK\u0130 B\u0130NALARI HALKIMIZIN H\u0130ZMET\u0130NE SUNUYORUZ&#8217;<\/strong><\/p>\n\n\n\n<p>Akbelen Mahallesi&#8217;nde bulunan \u015eehit Murat Tutal Park\u0131&#8217;ndaki Okuma Salonu&#8217;nun in\u015faat\u0131n\u0131n ba\u015flad\u0131\u011f\u0131n\u0131 duyuran Y\u0131ld\u0131z, &#8220;Okuma salonu ve k\u00fct\u00fcphaneler kurma hedefimize bir ad\u0131m daha yak\u0131n\u0131z. At\u0131l veya kaderine terk edilen binalar\u0131 halk\u0131m\u0131z\u0131n hizmetine sunmak istiyoruz. Okuma salonumuz i\u00e7in \u00e7al\u0131\u015fmalar\u0131m\u0131z\u0131 ba\u015flatt\u0131k. Her g\u00fcn\u00fcm\u00fcz\u00fcn, her an\u0131m\u0131z\u0131n bu g\u00fczellikte ge\u00e7mesini ben bir kez daha diliyorum&#8221;&nbsp;&nbsp;ifadelerini kulland\u0131.<\/p>\n\n\n\n<p><strong>&#8216;444 41 33 HAT H\u0130ZMETTE&#8217;<\/strong><\/p>\n\n\n\n<p>Ba\u015fkan Y\u0131ld\u0131z, 444 41 33 numaral\u0131 hat \u00fczerinden yurtta\u015flar\u0131n talep ve \u015fik\u00e2yetlerini 7\/24 belediyeye aktarabileceklerini de hat\u0131rlatt\u0131. Y\u0131ld\u0131z, &#8220;Bundan sonra art\u0131k bir belediye meclis \u00fcyesine, belediye ba\u015fkan yard\u0131mc\u0131s\u0131na ya da belediye ba\u015fkan\u0131na ula\u015fmak i\u00e7in \u00e7aba sarf etmeniz gerekmez&#8221; \u015feklinde konu\u015ftu.<\/p>\n\n\n\n<p>Ba\u015fkan Y\u0131ld\u0131z&#8217;\u0131n konu\u015fmas\u0131ndan sonra toplant\u0131, g\u00fcndem maddelerinin g\u00f6r\u00fc\u015f\u00fclerek karar alt\u0131na al\u0131nmas\u0131yla son buldu.<\/p>\n","protected":false},"excerpt":{"rendered":"<p>Toroslar Belediye Ba\u015fkan\u0131 Abdurrahman Y\u0131ld\u0131z, &#8220;Okuma Salonu&#8217;nun in\u015faat \u00e7al\u0131\u015fmalar\u0131 ba\u015flad\u0131. \u00c7ok k\u0131sa bir s\u00fcre sonra Akbelen Mahallesi&#8217;ndeki gen\u00e7lerimize, halk\u0131m\u0131za ve o civarda oturan b\u00fct\u00fcn yurtta\u015flar\u0131m\u0131z\u0131n hizmetine a\u00e7aca\u011f\u0131z&#8221; dedi. Toroslar Belediyesinin Kas\u0131m Ay\u0131 Ola\u011fan Meclis Toplant\u0131s\u0131n\u0131n 2. Birle\u015fimi, belediye ba\u015fkan\u0131 Abdurrahman Y\u0131ld\u0131z ba\u015fkanl\u0131\u011f\u0131nda ger\u00e7ekle\u015fti. Meclisin a\u00e7\u0131l\u0131\u015f konu\u015fmas\u0131 yapan Ba\u015fkan Y\u0131ld\u0131z, kayy\u0131m uygulamas\u0131n\u0131n tekrar etti\u011fine de\u011finerek, kayy\u0131mlar\u0131n [&hellip;]<\/p>\n","protected":false},"author":2,"featured_media":36704,"comment_status":"closed","ping_status":"closed","sticky":false,"template":"","format":"standard","meta":{"footnotes":""},"categories":[1,2,3],"tags":[],"class_list":["post-36703","post","type-post","status-publish","format-standard","has-post-thumbnail","hentry","category-genel","category-gundem","category-manset"],"views":4,"_links":{"self":[{"href":"https:\/\/mersinkadingazetesi.com\/index.php?rest_route=\/wp\/v2\/posts\/36703"}],"collection":[{"href":"https:\/\/mersinkadingazetesi.com\/index.php?rest_route=\/wp\/v2\/posts"}],"about":[{"href":"https:\/\/mersinkadingazetesi.com\/index.php?rest_route=\/wp\/v2\/types\/post"}],"author":[{"embeddable":true,"href":"https:\/\/mersinkadingazetesi.com\/index.php?rest_route=\/wp\/v2\/users\/2"}],"replies":[{"embeddable":true,"href":"https:\/\/mersinkadingazetesi.com\/index.php?rest_route=%2Fwp%2Fv2%2Fcomments&post=36703"}],"version-history":[{"count":1,"href":"https:\/\/mersinkadingazetesi.com\/index.php?rest_route=\/wp\/v2\/posts\/36703\/revisions"}],"predecessor-version":[{"id":36705,"href":"https:\/\/mersinkadingazetesi.com\/index.php?rest_route=\/wp\/v2\/posts\/36703\/revisions\/36705"}],"wp:featuredmedia":[{"embeddable":true,"href":"https:\/\/mersinkadingazetesi.com\/index.php?rest_route=\/wp\/v2\/media\/36704"}],"wp:attachment":[{"href":"https:\/\/mersinkadingazetesi.com\/index.php?rest_route=%2Fwp%2Fv2%2Fmedia&parent=36703"}],"wp:term":[{"taxonomy":"category","embeddable":true,"href":"https:\/\/mersinkadingazetesi.com\/index.php?rest_route=%2Fwp%2Fv2%2Fcategories&post=36703"},{"taxonomy":"post_tag","embeddable":true,"href":"https:\/\/mersinkadingazetesi.com\/index.php?rest_route=%2Fwp%2Fv2%2Ftags&post=36703"}],"curies":[{"name":"wp","href":"https:\/\/api.w.org\/{rel}","templated":true}]}}