{"id":36709,"date":"2024-11-06T13:06:05","date_gmt":"2024-11-06T10:06:05","guid":{"rendered":"https:\/\/mersinkadingazetesi.com\/?p=36709"},"modified":"2024-11-06T13:06:06","modified_gmt":"2024-11-06T10:06:06","slug":"mersinin-tarim-ve-hayvanciligi-buyuksehirin-projeleriyle-kalkiniyor","status":"publish","type":"post","link":"https:\/\/mersinkadingazetesi.com\/?p=36709","title":{"rendered":"MERS\u0130N&#8217;\u0130N TARIM VE HAYVANCILI\u011eI B\u00dcY\u00dcK\u015eEH\u0130R&#8217;\u0130N PROJELER\u0130YLE KALKINIYOR"},"content":{"rendered":"\n<p>Mersin B\u00fcy\u00fck\u015fehir Belediyesi&#8217;nin; Mersin tar\u0131m ve hayvanc\u0131l\u0131\u011f\u0131n\u0131 kalk\u0131nd\u0131rmak ad\u0131na 5 y\u0131l \u00f6nce ba\u015flatt\u0131\u011f\u0131&nbsp;<strong>&#8216;Hadi Gel K\u00f6y\u00fcm\u00fcze Destek Verelim&#8217;&nbsp;<\/strong>projesinde,yeni da\u011f\u0131t\u0131mlarla ula\u015f\u0131lan \u00fcretici a\u011f\u0131 her ge\u00e7en g\u00fcn b\u00fcy\u00fcyor. Son olarak Anamur&#8217;da yap\u0131lan t\u00f6renle; Anamur, Bozyaz\u0131 ve Ayd\u0131nc\u0131kl\u0131 \u00fcreticiler k\u00fc\u00e7\u00fckba\u015f hayvanlar\u0131na kavu\u015ftu.<\/p>\n\n\n\n<p>Ata mesle\u011fi olan hayvanc\u0131l\u0131\u011f\u0131 s\u00fcrd\u00fcrmek isteyen ve B\u00fcy\u00fck\u015fehir&#8217;in projesine ba\u015fvuran \u00fcreticiler, k\u00fc\u00e7\u00fckba\u015f hayvan\u0131n yan\u0131 s\u0131ra yem ve a\u015f\u0131 deste\u011fi de ald\u0131. Anamur&#8217;da yap\u0131lan t\u00f6renle; Anamur, Ayd\u0131nc\u0131k ve Bozyaz\u0131l\u0131 25 \u00fcreticiye toplam 625 k\u00fc\u00e7\u00fckba\u015f hayvan ve 100 ton yem deste\u011fi verilirken, hayvanlar\u0131n a\u015f\u0131s\u0131 da yine proje kapsam\u0131nda \u00fccretsiz olarak yap\u0131lacak.<\/p>\n\n\n\n<p><strong>5 y\u0131lda toplam 300 \u00fcreticiye 7 bin 500 k\u00fc\u00e7\u00fckba\u015f hayvan da\u011f\u0131t\u0131ld\u0131<\/strong><\/p>\n\n\n\n<p>5 y\u0131l \u00f6nce ba\u015flat\u0131lan proje kapsam\u0131nda, 2024 y\u0131l\u0131 ile birlikte 300 yeti\u015ftiriciye toplam 7 bin 500 k\u00fc\u00e7\u00fckba\u015f hayvan ile 1200 ton da yem da\u011f\u0131t\u0131m\u0131 yap\u0131lm\u0131\u015f oldu. 156&#8217;s\u0131n\u0131 kad\u0131n \u00fcreticilerin olu\u015fturdu\u011fu proje sayesinde k\u00fc\u00e7\u00fck aile i\u015fletmeleri kuran ve ekonomik gelir elde eden vatanda\u015flar; projeden de, \u00fcretmekten de, k\u00f6y\u00fcnde kalmaktan da memnun.<\/p>\n\n\n\n<p><strong>&nbsp;Karan: &#8220;Proje, k\u00f6yden kente g\u00f6\u00e7\u00fcn \u00f6nlenmesine katk\u0131 sa\u011fl\u0131yor&#8221;<\/strong><\/p>\n\n\n\n<p>Anamur Koordinasyon M\u00fcd\u00fcr\u00fc Erdal Karan, Mersin B\u00fcy\u00fck\u015fehir Belediyesi&#8217;nin tar\u0131msal alandaki \u00f6nc\u00fc projeleriyle \u00fcreticiye destek olmay\u0131 s\u00fcrd\u00fcrd\u00fcklerini s\u00f6yledi. Proje kapsam\u0131nda yap\u0131lan deste\u011fin, \u00fcretim i\u00e7in \u00f6nemli oldu\u011funu vurgulayan Karan,&nbsp;<strong>&#8220;Hadi Gel K\u00f6y\u00fcm\u00fcze Destek Verelim projesiyle; k\u0131rsalda ya\u015fayan d\u00fc\u015f\u00fck gelirli aileler istihdam edilerek, k\u00f6yden kente g\u00f6\u00e7\u00fcn \u00f6nlenmesine katk\u0131 sa\u011flan\u0131yor. Y\u0131ll\u0131k 1500 k\u00fc\u00e7\u00fckba\u015f hayvan da\u011f\u0131t\u0131m\u0131yla, yakla\u015f\u0131k 23 milyon lira civar\u0131nda bir para da \u00e7ift\u00e7imizin cebinde kal\u0131yor&#8221;<\/strong>&nbsp;dedi.<\/p>\n\n\n\n<p><strong>Kocab\u0131y\u0131k: &#8220;Kurumlar aras\u0131ndaki uyum, beraberinde kalk\u0131nmay\u0131 getirir&#8221;<\/strong><\/p>\n\n\n\n<p>Mersin \u0130li Koyun Ke\u00e7i Dam\u0131zl\u0131k Birli\u011fi Anamur Temsilcisi G\u00fcven Kocab\u0131y\u0131k,&nbsp;<strong>&#8220;Hadi Gel K\u00f6y\u00fcm\u00fcze Destek Verelim projesi, k\u0131rsal\u0131n kalk\u0131nmas\u0131 i\u00e7in \u00e7ok \u00f6nem verdi\u011fimiz bir proje. Bu projede; Mersin B\u00fcy\u00fck\u015fehir Belediyesi, Mersin \u0130li Dam\u0131zl\u0131k Koyun Ke\u00e7i Yeti\u015ftiricileri Birli\u011fi, Veteriner Hekimler Odas\u0131 ile Tar\u0131m \u0130l M\u00fcd\u00fcrl\u00fc\u011f\u00fc birlikte \u00e7al\u0131\u015f\u0131yor. Bu 4 kurum bir araya gelerek, \u00e7ok g\u00fczel bir proje ger\u00e7ekle\u015ftirdi. Bu uyum bizim i\u00e7in \u00e7ok \u00f6nemliydi. Kurumlar aras\u0131nda uyum oldu\u011fu takdirde, kalk\u0131nmamak i\u00e7in hi\u00e7bir neden kalmaz&#8221;&nbsp;<\/strong>diye konu\u015ftu.<\/p>\n\n\n\n<p><strong>\u015eenay: &#8220;T\u00fcrkiye&#8217;ye model olacak harika bir proje&#8221;<\/strong><\/p>\n\n\n\n<p>Veteriner Hekimler Odas\u0131 Mersin \u015eube Ba\u015fkan\u0131 Bekta\u015f \u015eenay,&nbsp;<strong>&#8216;Hadi Gel K\u00f6y\u00fcm\u00fcze Destek Verelim&#8217;<\/strong>&nbsp;projesine ba\u015flarken \u00e7ok heyecanland\u0131klar\u0131n\u0131 ifade ederek,&nbsp;<strong>&#8220;Ger\u00e7ekten harika ve T\u00fcrkiye&#8217;ye model olacak bir proje. Bu y\u0131l 5. da\u011f\u0131t\u0131mlar\u0131n oldu\u011fu projede, yakla\u015f\u0131k 7 bin 500 adet koyun ve ke\u00e7i da\u011f\u0131t\u0131ld\u0131.<\/strong>&nbsp;<strong>Bu hayvanlar; ya\u015fayaca\u011f\u0131 ortamlara g\u00f6re ve insanlar\u0131n kullan\u0131m\u0131na en g\u00fczel fayda sa\u011flayacak \u015fekilde da\u011f\u0131t\u0131l\u0131yor. Bir \u00fclkenin geli\u015fimi, ancak bacas\u0131z fabrikalar\u0131 harekete ge\u00e7irerek olur. Ekonomik anlamda kriz ya\u015fad\u0131\u011f\u0131m\u0131z \u015fu g\u00fcnlerde; Vahap Ba\u015fkan\u0131m\u0131z b\u00f6yle bir projeyi devam ettirerek, k\u00f6yl\u00fclerimize ve \u00e7ift\u00e7ilerimize yol ald\u0131r\u0131yor&#8221;&nbsp;<\/strong>diye konu\u015ftu. \u015eenay, proje orta\u011f\u0131 olarak hayvanlar\u0131n sa\u011fl\u0131kl\u0131 ve daha d\u00fczenli \u015fekilde \u00fcreticiye ula\u015fmas\u0131 i\u00e7in kontrollerin yap\u0131ld\u0131\u011f\u0131n\u0131 da s\u00f6zlerine ekledi.&nbsp;&nbsp;<\/p>\n\n\n\n<p><strong>G\u00fcm\u00fc\u015f: &#8220;Bu proje; hem hayvanc\u0131l\u0131\u011fa, hem de k\u00fclt\u00fcre verilen bir destek&#8221;<\/strong><\/p>\n\n\n\n<p>Anamur Ziraat Odas\u0131 Ba\u015fkan\u0131 Ahmet \u015eeref G\u00fcm\u00fc\u015f,&nbsp;<strong>&#8216;Hadi Gel K\u00f6y\u00fcm\u00fcze Destek Verelim&#8217;<\/strong>&nbsp;projesinin, hayvanc\u0131l\u0131\u011fa verilen bir destekten \u00e7ok daha fazlas\u0131 oldu\u011funu ifade ederek,&nbsp;<strong>&#8220;Biz Orta Asya&#8217;dan Anadolu&#8217;ya gelirken ke\u00e7i, koyun ve atlar\u0131m\u0131zla birlikte geldik. Bu sadece hayvanc\u0131l\u0131\u011fa verilen bir destek de\u011fil, k\u00fclt\u00fcre de verilen bir destek. Vahap Ba\u015fkan\u0131m bu projeyle, ayn\u0131 zamanda T\u00fcrk k\u00fclt\u00fcr\u00fcne de destek veriyor. Kendisine ve t\u00fcm kadrosuna, en \u00f6nemlisi de hayvanc\u0131l\u0131\u011f\u0131 ayakta tutmaya \u00e7al\u0131\u015fan arkada\u015flar\u0131m\u0131za ba\u015far\u0131lar diliyorum. Bu \u00fclke onlarla var olacak&#8221;<\/strong>&nbsp;ifadelerini kulland\u0131.<\/p>\n\n\n\n<p><strong>Tuna: &#8220;Bir \u00fclkenin kalk\u0131nmas\u0131nda en \u00f6nemli unsur \u00fcretimdir&#8221;<\/strong><\/p>\n\n\n\n<p>Anamur Ticaret ve Sanayi Odas\u0131 Ba\u015fkan\u0131 Mehmet Tuna ise, bir \u00fclkenin kalk\u0131nmas\u0131nda en \u00f6nemli rol\u00fcn \u00fcretim oldu\u011funu s\u00f6yleyerek,&nbsp;<strong>&#8220;Bu y\u00fczden, B\u00fcy\u00fck\u015fehir Belediye Ba\u015fkan\u0131m\u0131z\u0131n ba\u015flatt\u0131\u011f\u0131&nbsp;<em>&#8216;Hadi Gel K\u00f6y\u00fcm\u00fcze Destek Verelim&#8217;<\/em>&nbsp;projesi, bizim i\u00e7in \u00e7ok anlaml\u0131 ve de\u011ferlidir. Her t\u00fcrl\u00fc deste\u011fe ve i\u015f birli\u011fine de haz\u0131r\u0131z. K\u00f6yl\u00fclerimiz ve bizim i\u00e7in \u00fcretim \u00e7ok \u00f6nemli&#8221;&nbsp;<\/strong>dedi.<\/p>\n","protected":false},"excerpt":{"rendered":"<p>Mersin B\u00fcy\u00fck\u015fehir Belediyesi&#8217;nin; Mersin tar\u0131m ve hayvanc\u0131l\u0131\u011f\u0131n\u0131 kalk\u0131nd\u0131rmak ad\u0131na 5 y\u0131l \u00f6nce ba\u015flatt\u0131\u011f\u0131&nbsp;&#8216;Hadi Gel K\u00f6y\u00fcm\u00fcze Destek Verelim&#8217;&nbsp;projesinde,yeni da\u011f\u0131t\u0131mlarla ula\u015f\u0131lan \u00fcretici a\u011f\u0131 her ge\u00e7en g\u00fcn b\u00fcy\u00fcyor. Son olarak Anamur&#8217;da yap\u0131lan t\u00f6renle; Anamur, Bozyaz\u0131 ve Ayd\u0131nc\u0131kl\u0131 \u00fcreticiler k\u00fc\u00e7\u00fckba\u015f hayvanlar\u0131na kavu\u015ftu. Ata mesle\u011fi olan hayvanc\u0131l\u0131\u011f\u0131 s\u00fcrd\u00fcrmek isteyen ve B\u00fcy\u00fck\u015fehir&#8217;in projesine ba\u015fvuran \u00fcreticiler, k\u00fc\u00e7\u00fckba\u015f hayvan\u0131n yan\u0131 s\u0131ra yem ve [&hellip;]<\/p>\n","protected":false},"author":2,"featured_media":36710,"comment_status":"closed","ping_status":"closed","sticky":false,"template":"","format":"standard","meta":{"footnotes":""},"categories":[34,2,3],"tags":[],"class_list":["post-36709","post","type-post","status-publish","format-standard","has-post-thumbnail","hentry","category-flas-haber","category-gundem","category-manset"],"views":4,"_links":{"self":[{"href":"https:\/\/mersinkadingazetesi.com\/index.php?rest_route=\/wp\/v2\/posts\/36709"}],"collection":[{"href":"https:\/\/mersinkadingazetesi.com\/index.php?rest_route=\/wp\/v2\/posts"}],"about":[{"href":"https:\/\/mersinkadingazetesi.com\/index.php?rest_route=\/wp\/v2\/types\/post"}],"author":[{"embeddable":true,"href":"https:\/\/mersinkadingazetesi.com\/index.php?rest_route=\/wp\/v2\/users\/2"}],"replies":[{"embeddable":true,"href":"https:\/\/mersinkadingazetesi.com\/index.php?rest_route=%2Fwp%2Fv2%2Fcomments&post=36709"}],"version-history":[{"count":1,"href":"https:\/\/mersinkadingazetesi.com\/index.php?rest_route=\/wp\/v2\/posts\/36709\/revisions"}],"predecessor-version":[{"id":36711,"href":"https:\/\/mersinkadingazetesi.com\/index.php?rest_route=\/wp\/v2\/posts\/36709\/revisions\/36711"}],"wp:featuredmedia":[{"embeddable":true,"href":"https:\/\/mersinkadingazetesi.com\/index.php?rest_route=\/wp\/v2\/media\/36710"}],"wp:attachment":[{"href":"https:\/\/mersinkadingazetesi.com\/index.php?rest_route=%2Fwp%2Fv2%2Fmedia&parent=36709"}],"wp:term":[{"taxonomy":"category","embeddable":true,"href":"https:\/\/mersinkadingazetesi.com\/index.php?rest_route=%2Fwp%2Fv2%2Fcategories&post=36709"},{"taxonomy":"post_tag","embeddable":true,"href":"https:\/\/mersinkadingazetesi.com\/index.php?rest_route=%2Fwp%2Fv2%2Ftags&post=36709"}],"curies":[{"name":"wp","href":"https:\/\/api.w.org\/{rel}","templated":true}]}}