{"id":36721,"date":"2024-11-06T13:20:48","date_gmt":"2024-11-06T10:20:48","guid":{"rendered":"https:\/\/mersinkadingazetesi.com\/?p=36721"},"modified":"2024-11-06T13:20:48","modified_gmt":"2024-11-06T10:20:48","slug":"kgk-bik-adaylarini-acikladi","status":"publish","type":"post","link":"https:\/\/mersinkadingazetesi.com\/?p=36721","title":{"rendered":"KGK, B\u0130K adaylar\u0131n\u0131 a\u00e7\u0131klad\u0131"},"content":{"rendered":"\n<p>K\u00fcresel Gazeteciler Konseyi (KGK), Ocak ay\u0131nda yap\u0131lacak olan Bas\u0131n \u0130lan Kurumu (B\u0130K) 2025-2027 d\u00f6nemi Anadolu Gazete Sahipleri Temsilcileri ve \u0130nternet Haber Sitesi Sahipleri Temsilcileri ile \u0130lan Prod\u00fckt\u00f6rleri Temsilcisi se\u00e7imleri i\u00e7in 6 aday\u0131n\u0131 belirledi&nbsp;<\/p>\n\n\n\n<p>K\u00dcRESEL Gazeteciler Konseyi\u2019nin Ankara\u2019daki genel merkezinde yap\u0131lan toplant\u0131ya; KGK Genel Ba\u015fkan\u0131&nbsp;<a href=\"https:\/\/www.kgk.org.tr\/my-profile\/?uid=391\">Mehmet Ali Dim<\/a>, KGK Genel Ba\u015fkan Vekili&nbsp;<a href=\"https:\/\/www.kgk.org.tr\/my-profile\/?uid=395\">\u0130smail Bayaz\u0131t<\/a>&nbsp;ve KGK Yerel Medya Meclis Ba\u015fkan\u0131&nbsp;<a href=\"https:\/\/www.kgk.org.tr\/my-profile\/?uid=371\">\u0130srafil Avc\u0131<\/a>&nbsp;ile yerel medyay\u0131 temsil eden KGK y\u00f6netim kurulu \u00fcyeleri&nbsp;<a href=\"https:\/\/www.kgk.org.tr\/organlar\/il-temsilcileri\/adiyaman\/\">\u0130brahim Aslan<\/a>&nbsp;ve&nbsp;<a href=\"https:\/\/www.kgk.org.tr\/my-profile\/?uid=370\">Hac\u0131 Odaba\u015f<\/a>&nbsp;ile \u0130nternet Gazetecileri Federasyonu (\u0130GF) Genel Ba\u015fkan\u0131 ve KGK meclis \u00fcyesi Mesut Demir ve KGK Uzla\u015fma Kurulu Ba\u015fkan\u0131&nbsp;<a href=\"https:\/\/www.kgk.org.tr\/my-profile\/?uid=264\">Kemal \u00d6zdilek<\/a>&nbsp;kat\u0131ld\u0131. Toplant\u0131da KGK ad\u0131na 2025-2027 d\u00f6neminde Bas\u0131n \u0130lan Kurumu Genel Kurulu\u2019nda g\u00f6rev yapacak sekt\u00f6r temsilcisi adaylar\u0131yla ilgili yap\u0131lan isti\u015fare sonucunda adaylar \u015fu isimler oldu:<\/p>\n\n\n\n<p><strong>Anadolu Gazete Sahipleri Temsilcileri<\/strong>&nbsp;<strong>adaylar\u0131<\/strong>&nbsp;<\/p>\n\n\n\n<ul class=\"wp-block-list\">\n<li>KGK Genel Ba\u015fkan\u0131\u00a0<a href=\"https:\/\/www.kgk.org.tr\/my-profile\/?uid=391\">Mehmet Ali Dim<\/a>\u00a0(Akdeniz B\u00f6lgesi),\u00a0<\/li>\n\n\n\n<li>KGK Y\u00f6netim Kurulu \u00fcyesi ve Ad\u0131yaman Faal Gazeteciler Cemiyeti Ba\u015fkan\u0131 \u0130brahim Arslan (G\u00fcneydo\u011fu Anadolu b\u00f6lgesi),<\/li>\n\n\n\n<li>KGK Uzla\u015fma Kurulu Ba\u015fkan\u0131\u00a0<a href=\"https:\/\/www.kgk.org.tr\/my-profile\/?uid=264\">Kemal \u00d6zdilek<\/a>\u00a0(Karadeniz b\u00f6lgesi)<\/li>\n<\/ul>\n\n\n\n<p><strong>\u0130nternet Haber Sitesi Sahipleri Temsilcileri adaylar\u0131<\/strong><\/p>\n\n\n\n<ul class=\"wp-block-list\">\n<li>KGK Yerel Medya Meclisi Ba\u015fkan\u0131 ve Osmaniye Gazeteciler Cemiyeti Ba\u015fkan\u0131\u00a0<a href=\"https:\/\/www.kgk.org.tr\/my-profile\/?uid=371\">\u0130srafil Avc\u0131<\/a>,<\/li>\n\n\n\n<li>\u0130GF Genel Ba\u015fkan\u0131 ve KGK Meclis \u00dcyesi Mesut Demir,\u00a0<\/li>\n<\/ul>\n\n\n\n<p><strong>\u0130lan Prod\u00fckt\u00f6rleri Temsilcisi aday\u0131<\/strong><\/p>\n\n\n\n<ul class=\"wp-block-list\">\n<li>KGK Genel Ba\u015fkan Vekili\u00a0<a href=\"https:\/\/www.kgk.org.tr\/my-profile\/?uid=395\">\u0130smail Bayaz\u0131t<\/a>\u00a0(\u0130stanbul)\u00a0<\/li>\n<\/ul>\n\n\n\n<p><strong>SE\u00c7\u0130MLER OCAK AYINDA<\/strong><\/p>\n\n\n\n<p>Bas\u0131n \u0130lan Kurumu Genel Kurulunda Anadolu Gazete Sahipleri 3 \u00fcye ile temsil edilirken, \u0130nternet Haber Sitesi Sahipleri 2 \u00fcye ile temsil ediliyor. 2025 y\u0131l\u0131 ocak ay\u0131nda yap\u0131lmas\u0131 planlanan se\u00e7imlere T\u00fcrkiye\u2019nin d\u00f6rt bir yan\u0131ndan Bas\u0131n \u0130lan Kurumunda kayd\u0131 olan gazete ve internet haber sitesi sahipleri oy kullanabiliyor. \u0130lan Prod\u00fckt\u00f6rleri ise 1 \u00fcye ile temsil ediliyor ve t\u00fcm T\u00fcrkiye\u2019de bulunan ilan ve reklam arac\u0131l\u0131k hizmeti veren ajanslar\u0131n sahipleri se\u00e7ime kat\u0131labiliyor.<\/p>\n\n\n\n<p><strong>D\u0130M: DESTE\u011e\u0130N\u0130Z\u0130 ES\u0130RGEMEY\u0130N<\/strong><\/p>\n\n\n\n<p>K\u00fcresel Gazeteciler Konseyi (KGK) y\u00f6netim kurulu ad\u0131na bir a\u00e7\u0131klama yapan Genel Ba\u015fkan&nbsp;<a href=\"https:\/\/www.kgk.org.tr\/my-profile\/?uid=391\">Mehmet Ali Dim<\/a>&nbsp;\u015fu ifadelere yer verdi:<\/p>\n\n\n\n<p>\u201cBas\u0131n \u0130lan Kurumu medya sekt\u00f6r\u00fcne kaynak sa\u011flayan ve ya\u015famsal \u00f6neme sahip bir kamu kurumumuzdur. Kurumun genel kurulunda al\u0131nan kararlar y\u00f6netim kurulu taraf\u0131ndan uygulanmakta ve medyaya sosyoekonomik a\u00e7\u0131dan istikamet vermektedir. Genel kurulda sekt\u00f6r\u00fcm\u00fcz\u00fcn bilin\u00e7li, nitelikli ve sekt\u00f6r\u00fcn i\u00e7inden gelen ki\u015filer taraf\u0131ndan temsil edilmesi \u00e7ok daha \u00f6nemli hale gelmi\u015ftir. Konseyimizin 6 aday\u0131 da aday olduklar\u0131 pozisyon itibariyle bu nitelikleri fazlas\u0131yla ta\u015f\u0131maktad\u0131rlar. Sekt\u00f6r\u00fcn sorunlar\u0131n\u0131 ve \u00e7\u00f6z\u00fcm yollar\u0131n\u0131 bilen, se\u00e7ildikleri takdirde sizlerin hakk\u0131 ve hukuku ile sekt\u00f6r\u00fcm\u00fcz\u00fcn \u00e7\u0131karlar\u0131n\u0131 samimiyetle savunabilecek ki\u015filerdir. \u0130\u00e7inde bulundu\u011fumuz ekonomik ko\u015fullar\u0131 da dikkate al\u0131rsak \u00f6n\u00fcm\u00fczdeki d\u00f6nemde sizlere daha \u00e7ok destek olabilmek ad\u0131na Ocak ay\u0131nda yap\u0131lacak se\u00e7imlere bizzat kat\u0131lman\u0131z\u0131 ve adaylar\u0131m\u0131za destek vermenizi hassaten istirham eder, en i\u00e7ten sayg\u0131lar\u0131m\u0131 sunar\u0131m.\u201d<\/p>\n","protected":false},"excerpt":{"rendered":"<p>K\u00fcresel Gazeteciler Konseyi (KGK), Ocak ay\u0131nda yap\u0131lacak olan Bas\u0131n \u0130lan Kurumu (B\u0130K) 2025-2027 d\u00f6nemi Anadolu Gazete Sahipleri Temsilcileri ve \u0130nternet Haber Sitesi Sahipleri Temsilcileri ile \u0130lan Prod\u00fckt\u00f6rleri Temsilcisi se\u00e7imleri i\u00e7in 6 aday\u0131n\u0131 belirledi&nbsp; K\u00dcRESEL Gazeteciler Konseyi\u2019nin Ankara\u2019daki genel merkezinde yap\u0131lan toplant\u0131ya; KGK Genel Ba\u015fkan\u0131&nbsp;Mehmet Ali Dim, KGK Genel Ba\u015fkan Vekili&nbsp;\u0130smail Bayaz\u0131t&nbsp;ve KGK Yerel Medya Meclis [&hellip;]<\/p>\n","protected":false},"author":2,"featured_media":36722,"comment_status":"closed","ping_status":"closed","sticky":false,"template":"","format":"standard","meta":{"footnotes":""},"categories":[3],"tags":[],"class_list":["post-36721","post","type-post","status-publish","format-standard","has-post-thumbnail","hentry","category-manset"],"views":9,"_links":{"self":[{"href":"https:\/\/mersinkadingazetesi.com\/index.php?rest_route=\/wp\/v2\/posts\/36721"}],"collection":[{"href":"https:\/\/mersinkadingazetesi.com\/index.php?rest_route=\/wp\/v2\/posts"}],"about":[{"href":"https:\/\/mersinkadingazetesi.com\/index.php?rest_route=\/wp\/v2\/types\/post"}],"author":[{"embeddable":true,"href":"https:\/\/mersinkadingazetesi.com\/index.php?rest_route=\/wp\/v2\/users\/2"}],"replies":[{"embeddable":true,"href":"https:\/\/mersinkadingazetesi.com\/index.php?rest_route=%2Fwp%2Fv2%2Fcomments&post=36721"}],"version-history":[{"count":1,"href":"https:\/\/mersinkadingazetesi.com\/index.php?rest_route=\/wp\/v2\/posts\/36721\/revisions"}],"predecessor-version":[{"id":36723,"href":"https:\/\/mersinkadingazetesi.com\/index.php?rest_route=\/wp\/v2\/posts\/36721\/revisions\/36723"}],"wp:featuredmedia":[{"embeddable":true,"href":"https:\/\/mersinkadingazetesi.com\/index.php?rest_route=\/wp\/v2\/media\/36722"}],"wp:attachment":[{"href":"https:\/\/mersinkadingazetesi.com\/index.php?rest_route=%2Fwp%2Fv2%2Fmedia&parent=36721"}],"wp:term":[{"taxonomy":"category","embeddable":true,"href":"https:\/\/mersinkadingazetesi.com\/index.php?rest_route=%2Fwp%2Fv2%2Fcategories&post=36721"},{"taxonomy":"post_tag","embeddable":true,"href":"https:\/\/mersinkadingazetesi.com\/index.php?rest_route=%2Fwp%2Fv2%2Ftags&post=36721"}],"curies":[{"name":"wp","href":"https:\/\/api.w.org\/{rel}","templated":true}]}}