{"id":36728,"date":"2024-11-07T11:49:24","date_gmt":"2024-11-07T08:49:24","guid":{"rendered":"https:\/\/mersinkadingazetesi.com\/?p=36728"},"modified":"2024-11-07T11:49:25","modified_gmt":"2024-11-07T08:49:25","slug":"30-donumluk-korulugu-defne-agaclari-kaplayacak","status":"publish","type":"post","link":"https:\/\/mersinkadingazetesi.com\/?p=36728","title":{"rendered":"30 D\u00d6N\u00dcML\u00dcK KORULU\u011eU, DEFNE A\u011eA\u00c7LARI KAPLAYACAK"},"content":{"rendered":"\n<p>Mersin B\u00fcy\u00fck\u015fehir Belediyesi&#8217;nin Avrupa Birli\u011fi (AB) Projesi olan\u0130klim De\u011fi\u015fikli\u011fine Adaptasyon Hibe Program\u0131&#8217;nda hibe ald\u0131\u011f\u0131&nbsp;<strong>&#8216;\u0130klim De\u011fi\u015fikli\u011fine Adaptasyon \u0130\u00e7in Harekete Ge\u00e7&#8217;<\/strong>&nbsp;isimli projesi kapsam\u0131nda&nbsp;<strong><em>&#8216;Gelecek \u0130\u00e7in Bir Fidan&#8217;<\/em>&nbsp;<\/strong>etkinli\u011fiyle, Mersin B\u00fcy\u00fck\u015fehir Belediyesi ile Toroslar Belediyesi i\u015f birli\u011finde Defne Korulu\u011fu&#8217;nun a\u00e7\u0131l\u0131\u015f\u0131 yap\u0131ld\u0131.<\/p>\n\n\n\n<p>Toroslar il\u00e7esi Korukent Mahallesi&#8217;nde yer alan Defne Korulu\u011fu a\u00e7\u0131l\u0131\u015f\u0131na; Mersin B\u00fcy\u00fck\u015fehir Belediye Ba\u015fkan\u0131 Vahap Se\u00e7er&#8217;i temsilen Meclis \u00dcyesi Hamit Mert Avc\u0131, Toroslar Belediye Ba\u015fkan\u0131 Abdurrahman Y\u0131ld\u0131z, Mersin B\u00fcy\u00fck\u015fehir Belediyesi b\u00fcrokratlar\u0131 ile Meclis \u00dcyeleri, muhtarlar, STK ve oda temsilcileri, \u00e7ok say\u0131da \u00f6\u011frenci ve vatanda\u015f kat\u0131ld\u0131. A\u00e7\u0131l\u0131\u015f konu\u015fmalar\u0131n\u0131n ard\u0131ndan&nbsp;<strong><em>&#8216;Ben Anadoluyum&#8217;<\/em><\/strong>&nbsp;isimli belgeselin g\u00f6sterimi yap\u0131ld\u0131. 30 d\u00f6n\u00fcml\u00fck Defne Korulu\u011fu&#8217;nda kat\u0131l\u0131mc\u0131lar, \u00f6\u011frencilerle birlikte fidan dikti ve alan\u0131 gezerek bilgi ald\u0131.<\/p>\n\n\n\n<p><strong>Avc\u0131: &#8220;Omuz omuza, halka nefes alabilece\u011fi alanlar yarat\u0131yoruz&#8221;<\/strong><\/p>\n\n\n\n<p>Mersin B\u00fcy\u00fck\u015fehir Belediye Ba\u015fkan\u0131 Vahap Se\u00e7er&#8217;i temsilen&nbsp;<strong><em>&#8216;Gelecek \u0130\u00e7in Bir Fidan&#8217;<\/em><\/strong>&nbsp;etkinli\u011finde konu\u015fan Hamit Mert Avc\u0131,&nbsp;<strong>&#8220;Omuz omuza, halka nefes alabilece\u011fi alanlar yarat\u0131yoruz. Bu alanlar sadece halk\u0131n g\u00fcnl\u00fck ula\u015f\u0131m\u0131n\u0131 kolayla\u015ft\u0131rmak i\u00e7in se\u00e7ilen yerler de\u011fil. Ayn\u0131 zamanda etraf\u0131nda karbondioksite yutak alanlar olu\u015fturmaya \u00e7al\u0131\u015f\u0131yoruz. Ekonomik kriz bug\u00fcn\u00fcn sorunu olabilir; ama ekolojik kriz hem bug\u00fcn, hem 10 y\u0131l, hem de 100 y\u0131l sonras\u0131n\u0131n sorunu&#8221;&nbsp;<\/strong>dedi.<\/p>\n\n\n\n<p>Defne a\u011fa\u00e7lar\u0131n\u0131n hem ekolojik, hem de ekonomik de\u011ferine dikkat \u00e7eken Avc\u0131,&nbsp;<strong>&#8220;Buras\u0131 halka nefes alan alanlar a\u00e7mak d\u0131\u015f\u0131nda, s\u00fcrd\u00fcr\u00fclebilir bir belediyecilik ve sa\u011fl\u0131kl\u0131 bir insan hayat\u0131 i\u00e7in en \u00f6nemli \u00f6nceli\u011fimiz&#8221;<\/strong>&nbsp;diye konu\u015ftu.<\/p>\n\n\n\n<p><strong>Y\u0131ld\u0131z: &#8220;Defne Korulu\u011fu, insanlar\u0131n nefes alabilece\u011fi bir alan olacak&#8221;<\/strong><\/p>\n\n\n\n<p>Toroslar Belediye Ba\u015fkan\u0131 Abdurrahman Y\u0131ld\u0131z, ekolojik krizin d\u00fcnyada birinci s\u0131raya koyulmas\u0131 gereken bir sorun oldu\u011funa dikkat \u00e7ekerek,&nbsp;<strong>&#8220;Hayatlar\u0131m\u0131z\u0131, t\u00fcketim al\u0131\u015fkanl\u0131klar\u0131m\u0131z\u0131 de\u011fi\u015ftirmedi\u011fimiz m\u00fcddet\u00e7e de, bu kriz yo\u011funla\u015farak devam edecek.<\/strong>&nbsp;<strong>B\u00fcy\u00fck\u015fehir Belediyemiz sa\u011f olsun bir proje yapt\u0131. Bu projeye Toroslar Belediyemizi de dahil etti. Bug\u00fcne kadar at\u0131l b\u0131rak\u0131lm\u0131\u015f, belediyemizin 30 d\u00f6n\u00fcml\u00fck alan\u0131ndaki Defne Korulu\u011fu; kentin merkezi olabilecek bir yerde, insanlar\u0131n nefes alabilece\u011fi bir alan olacak&#8221;&nbsp;<\/strong>ifadelerini kulland\u0131.<\/p>\n\n\n\n<p><strong>Dr. Halisdemir: &#8220;Her dikti\u011fimiz fidan, do\u011fa dostu bir gelecek i\u00e7in yat\u0131r\u0131md\u0131r&#8221;<\/strong><\/p>\n\n\n\n<p>Mersin B\u00fcy\u00fck\u015fehir Belediyesi \u00c7evre Koruma ve Kontrol Dairesi Ba\u015fkan\u0131 ve Proje Koordinat\u00f6r\u00fc Dr. B\u00fclent Halisdemir g\u00f6revlerinin; iklim de\u011fi\u015fikli\u011finin olumsuz etkilerini azaltma, uyum sa\u011flama ve diren\u00e7li bir kent yaratma oldu\u011funu belirterek,&nbsp;<strong>&#8221;&nbsp;<em>&#8216;Gelecek \u0130\u00e7in Bir Fidan&#8217;<\/em>&nbsp;etkinli\u011fimizde, karbon yutak alanlar\u0131 olu\u015fturacak kentsel \u0131s\u0131 adas\u0131 dedi\u011fimiz olumsuzluklar\u0131 azaltacak ve bununla ilgili \u015fehrimizin her yerine a\u011fa\u00e7land\u0131rma \u00e7al\u0131\u015fmalar\u0131n\u0131 art\u0131raca\u011f\u0131z.<\/strong>&nbsp;<strong>Defne korulu\u011fu; a\u011fa\u00e7 dikilmesinin \u00f6tesinde, iklim de\u011fi\u015fikli\u011fine uyum sa\u011flamak, karbon sal\u0131n\u0131m\u0131n\u0131 azaltmak, karbon yutaklar\u0131 olu\u015fturmak, daha ya\u015fan\u0131labilir bir \u00e7evre i\u00e7in att\u0131\u011f\u0131m\u0131z g\u00fc\u00e7l\u00fc bir ad\u0131m&#8221;&nbsp;<\/strong>dedi.<\/p>\n\n\n\n<p>Defne Korulu\u011fu isimli alana ayn\u0131 zamanda&nbsp;350 adet Defne fidan\u0131, 120 adet yayl\u0131c\u0131 ard\u0131\u00e7, 100 adet a\u011fa\u00e7 Ligustrum, 75 adet Ak\u00e7aa\u011fa\u00e7 ve 30 adet Kau\u00e7uk fidan\u0131 dikimi&nbsp;ger\u00e7ekle\u015ftirildi. Korulu\u011fa dikilen a\u011fa\u00e7lar\u0131n karbon tutma kapasitesi sayesinde, iklim dostu bir alan yaratmalar\u0131na destek olaca\u011f\u0131n\u0131 belirten Dr. Halisdemir,&nbsp;<strong>&#8220;Gelecekte kentimize temiz hava, do\u011fal bir g\u00f6lgelik ya\u015fam, sa\u011fl\u0131kl\u0131 bir ekosistem sunacakt\u0131r.<\/strong>&nbsp;<strong>A\u011fa\u00e7land\u0131rma \u00e7al\u0131\u015fmalar\u0131m\u0131zla ayn\u0131 zamanda, do\u011fa sevgisini ve \u00e7evre bilincini yayg\u0131nla\u015ft\u0131rmay\u0131 ama\u00e7l\u0131yoruz. Her dikti\u011fimiz fidan gelece\u011fimiz i\u00e7in bir umut, do\u011fa dostu bir gelecek i\u00e7in yat\u0131r\u0131md\u0131r&#8221;&nbsp;<\/strong>diye konu\u015ftu.<\/p>\n\n\n\n<p><strong>\u00d6\u011frenciler, a\u011fa\u00e7land\u0131rma \u00e7al\u0131\u015fmas\u0131na kat\u0131larak bilin\u00e7lendiler<\/strong><\/p>\n\n\n\n<p>Etkinli\u011fe kat\u0131lan \u00f6\u011frencilerden Bade Temel,&nbsp;<strong>&#8220;Hepimiz s\u0131rayla a\u011fa\u00e7 diktik. A\u011fa\u00e7lar bize oksijen verir, nefes almam\u0131z\u0131 sa\u011flar. E\u011fer a\u011fa\u00e7lar olmazsa, biz de ya\u015fayamay\u0131z. Hem gelecek nesiller i\u00e7in, hem de bizim i\u00e7in kentimizin daha \u00e7ok a\u011fa\u00e7land\u0131r\u0131lmas\u0131 laz\u0131m&#8221;&nbsp;<\/strong>dedi.<\/p>\n\n\n\n<p>Bir ba\u015fka \u00f6\u011frenci \u0130dil \u00d6nen ise a\u011fa\u00e7land\u0131rma \u00e7al\u0131\u015fmalar\u0131n\u0131n \u00e7ok \u00f6nemli oldu\u011funu anlatarak,&nbsp;<strong>&#8220;A\u011fa\u00e7 diktik. Bu \u00e7ok \u00f6nemli bir \u015fey; \u00e7\u00fcnk\u00fc oksijen olmazsa bitkiler, hayvanlar ve insanlar hayatta kalamazlar. Bu y\u00fczden a\u011fa\u00e7land\u0131rma faaliyetinin \u00e7ok \u00f6nemli bir aktivite oldu\u011funu d\u00fc\u015f\u00fcn\u00fcyorum&#8221;<\/strong>&nbsp;ifadelerine yer verdi.<\/p>\n","protected":false},"excerpt":{"rendered":"<p>Mersin B\u00fcy\u00fck\u015fehir Belediyesi&#8217;nin Avrupa Birli\u011fi (AB) Projesi olan\u0130klim De\u011fi\u015fikli\u011fine Adaptasyon Hibe Program\u0131&#8217;nda hibe ald\u0131\u011f\u0131&nbsp;&#8216;\u0130klim De\u011fi\u015fikli\u011fine Adaptasyon \u0130\u00e7in Harekete Ge\u00e7&#8217;&nbsp;isimli projesi kapsam\u0131nda&nbsp;&#8216;Gelecek \u0130\u00e7in Bir Fidan&#8217;&nbsp;etkinli\u011fiyle, Mersin B\u00fcy\u00fck\u015fehir Belediyesi ile Toroslar Belediyesi i\u015f birli\u011finde Defne Korulu\u011fu&#8217;nun a\u00e7\u0131l\u0131\u015f\u0131 yap\u0131ld\u0131. Toroslar il\u00e7esi Korukent Mahallesi&#8217;nde yer alan Defne Korulu\u011fu a\u00e7\u0131l\u0131\u015f\u0131na; Mersin B\u00fcy\u00fck\u015fehir Belediye Ba\u015fkan\u0131 Vahap Se\u00e7er&#8217;i temsilen Meclis \u00dcyesi Hamit [&hellip;]<\/p>\n","protected":false},"author":2,"featured_media":36729,"comment_status":"closed","ping_status":"closed","sticky":false,"template":"","format":"standard","meta":{"footnotes":""},"categories":[3],"tags":[],"class_list":["post-36728","post","type-post","status-publish","format-standard","has-post-thumbnail","hentry","category-manset"],"views":3,"_links":{"self":[{"href":"https:\/\/mersinkadingazetesi.com\/index.php?rest_route=\/wp\/v2\/posts\/36728"}],"collection":[{"href":"https:\/\/mersinkadingazetesi.com\/index.php?rest_route=\/wp\/v2\/posts"}],"about":[{"href":"https:\/\/mersinkadingazetesi.com\/index.php?rest_route=\/wp\/v2\/types\/post"}],"author":[{"embeddable":true,"href":"https:\/\/mersinkadingazetesi.com\/index.php?rest_route=\/wp\/v2\/users\/2"}],"replies":[{"embeddable":true,"href":"https:\/\/mersinkadingazetesi.com\/index.php?rest_route=%2Fwp%2Fv2%2Fcomments&post=36728"}],"version-history":[{"count":1,"href":"https:\/\/mersinkadingazetesi.com\/index.php?rest_route=\/wp\/v2\/posts\/36728\/revisions"}],"predecessor-version":[{"id":36730,"href":"https:\/\/mersinkadingazetesi.com\/index.php?rest_route=\/wp\/v2\/posts\/36728\/revisions\/36730"}],"wp:featuredmedia":[{"embeddable":true,"href":"https:\/\/mersinkadingazetesi.com\/index.php?rest_route=\/wp\/v2\/media\/36729"}],"wp:attachment":[{"href":"https:\/\/mersinkadingazetesi.com\/index.php?rest_route=%2Fwp%2Fv2%2Fmedia&parent=36728"}],"wp:term":[{"taxonomy":"category","embeddable":true,"href":"https:\/\/mersinkadingazetesi.com\/index.php?rest_route=%2Fwp%2Fv2%2Fcategories&post=36728"},{"taxonomy":"post_tag","embeddable":true,"href":"https:\/\/mersinkadingazetesi.com\/index.php?rest_route=%2Fwp%2Fv2%2Ftags&post=36728"}],"curies":[{"name":"wp","href":"https:\/\/api.w.org\/{rel}","templated":true}]}}