{"id":36734,"date":"2024-11-07T11:53:57","date_gmt":"2024-11-07T08:53:57","guid":{"rendered":"https:\/\/mersinkadingazetesi.com\/?p=36734"},"modified":"2024-11-07T11:53:58","modified_gmt":"2024-11-07T08:53:58","slug":"kucuk-savascilardan-akdeniz-belediyesine-ziyaret","status":"publish","type":"post","link":"https:\/\/mersinkadingazetesi.com\/?p=36734","title":{"rendered":"K\u00dc\u00c7\u00dcK SAVA\u015e\u00c7ILARDAN AKDEN\u0130Z BELED\u0130YES\u0130\u2019NE Z\u0130YARET"},"content":{"rendered":"\n<p><em>Akdeniz Belediyesi E\u015f Ba\u015fkan\u0131 Nuriye Arslan, k\u00fc\u00e7\u00fck bedenleriyle b\u00fcy\u00fck ve a\u011f\u0131r bir m\u00fccadele veren l\u00f6semili \u00e7ocuklar ve aileleriyle bir araya geldi. \u00c7ocuklarla yak\u0131ndan ilgilenen E\u015f Ba\u015fkan Arslan; \u201cMinik bedenleriyle l\u00f6semi hastal\u0131\u011f\u0131yla sava\u015fan \u00e7ocuklar\u0131m\u0131z\u0131n ve de\u011ferli ailelerinin her zaman yan\u0131nday\u0131z\u201d dedi.<\/em><\/p>\n\n\n\n<p>L\u00f6semili \u00c7ocuklar Vakf\u0131 Adana \u015fubesinden k\u00fc\u00e7\u00fck \u00e7ocuklar, aileleri ve vak\u0131f y\u00f6neticileri ile birlikte, 2-8 Kas\u0131m L\u00f6semili \u00c7ocuklar Haftas\u0131 dolay\u0131s\u0131yla Akdeniz Belediyesi E\u015f Ba\u015fkan\u0131 Nuriye Arslan\u2019\u0131 ziyaret etti. Ziyarete L\u00d6SEV Halkla \u0130li\u015fkiler Y\u00f6netmeni Bu\u011fse \u00c7akan, L\u00d6SEV Kurumlarla \u0130leti\u015fim Koordinat\u00f6r Yard\u0131mc\u0131s\u0131 Derya Sava\u015fman da kat\u0131ld\u0131. L\u00f6semi ile m\u00fccadele eden \u00e7ocuklarla yak\u0131ndan ilgilenen ve sohbet E\u015f Ba\u015fkan Arslan, \u00e7e\u015fitli hediyelerle de onlar\u0131 sevindirdi.<\/p>\n\n\n\n<p>\u201cK\u00fc\u00e7\u00fck bedenleriyle b\u00fcy\u00fck bir sava\u015f veren \u00e7ocuklar\u0131m\u0131z\u0131n yan\u0131nday\u0131z\u201d<\/p>\n\n\n\n<p>Ziyaretleri dolay\u0131s\u0131yla L\u00f6sev yetkililerine ve ailelere te\u015fekk\u00fcr eden E\u015f Ba\u015fkan Arslan; \u201cL\u00f6semili \u00c7ocuklar Haftas\u0131\u2019nda, vatanda\u015flar\u0131m\u0131z\u0131 l\u00f6semi hastal\u0131\u011f\u0131na kar\u015f\u0131 bilin\u00e7lendirmek, tedavisi i\u00e7in erken te\u015fhisin \u00f6nemini vurgulamak ve l\u00f6semili \u00e7ocuklar\u0131m\u0131za do\u011fru yakla\u015f\u0131mlar\u0131 \u00f6\u011fretmek amac\u0131yla \u00e7e\u015fitli etkinlikler d\u00fczenleniyor. Bizler de bu ama\u00e7la l\u00f6semi tedavisi g\u00f6ren \u00e7ocuklar\u0131m\u0131z\u0131 misafir ettik.<\/p>\n\n\n\n<p>K\u00fc\u00e7\u00fck bedenleriyle b\u00fcy\u00fck bir m\u00fccadele veren \u00e7ocuklar\u0131m\u0131z\u0131n yan\u0131nda oldu\u011fumuzu hissettirmek istedik. Bu haftan\u0131n, toplumumuzda fark\u0131ndal\u0131k olu\u015fturmas\u0131na vesile olmas\u0131n\u0131 diliyoruz. Minik bedenlerdeki kocaman y\u00fcrekleri sevgiyle kucaklamam\u0131z laz\u0131m. L\u00f6semi ile m\u00fccadele eden t\u00fcm hastalara acil \u015fifalar diliyorum.<\/p>\n\n\n\n<p>Ba\u015fta sa\u011fl\u0131k emek\u00e7ileri ve aileler olmak \u00fczere bu s\u00fcre\u00e7te emek veren herkese de \u015f\u00fckranlar\u0131m\u0131 sunuyorum. Ziyaretleri i\u00e7in sevgili \u00e7ocuklar\u0131m\u0131za, ailelerine ve L\u00f6sev yetkililerine te\u015fekk\u00fcr ediyorum. \u00c7ocuklar\u0131m\u0131za da sa\u011fl\u0131k, huzur ve aileleriyle birlikte mutluluklar diliyorum\u201d ifadelerini kulland\u0131.<\/p>\n","protected":false},"excerpt":{"rendered":"<p>Akdeniz Belediyesi E\u015f Ba\u015fkan\u0131 Nuriye Arslan, k\u00fc\u00e7\u00fck bedenleriyle b\u00fcy\u00fck ve a\u011f\u0131r bir m\u00fccadele veren l\u00f6semili \u00e7ocuklar ve aileleriyle bir araya geldi. \u00c7ocuklarla yak\u0131ndan ilgilenen E\u015f Ba\u015fkan Arslan; \u201cMinik bedenleriyle l\u00f6semi hastal\u0131\u011f\u0131yla sava\u015fan \u00e7ocuklar\u0131m\u0131z\u0131n ve de\u011ferli ailelerinin her zaman yan\u0131nday\u0131z\u201d dedi. L\u00f6semili \u00c7ocuklar Vakf\u0131 Adana \u015fubesinden k\u00fc\u00e7\u00fck \u00e7ocuklar, aileleri ve vak\u0131f y\u00f6neticileri ile birlikte, 2-8 Kas\u0131m [&hellip;]<\/p>\n","protected":false},"author":2,"featured_media":36735,"comment_status":"closed","ping_status":"closed","sticky":false,"template":"","format":"standard","meta":{"footnotes":""},"categories":[3,9],"tags":[],"class_list":["post-36734","post","type-post","status-publish","format-standard","has-post-thumbnail","hentry","category-manset","category-saglik"],"views":12,"_links":{"self":[{"href":"https:\/\/mersinkadingazetesi.com\/index.php?rest_route=\/wp\/v2\/posts\/36734"}],"collection":[{"href":"https:\/\/mersinkadingazetesi.com\/index.php?rest_route=\/wp\/v2\/posts"}],"about":[{"href":"https:\/\/mersinkadingazetesi.com\/index.php?rest_route=\/wp\/v2\/types\/post"}],"author":[{"embeddable":true,"href":"https:\/\/mersinkadingazetesi.com\/index.php?rest_route=\/wp\/v2\/users\/2"}],"replies":[{"embeddable":true,"href":"https:\/\/mersinkadingazetesi.com\/index.php?rest_route=%2Fwp%2Fv2%2Fcomments&post=36734"}],"version-history":[{"count":1,"href":"https:\/\/mersinkadingazetesi.com\/index.php?rest_route=\/wp\/v2\/posts\/36734\/revisions"}],"predecessor-version":[{"id":36736,"href":"https:\/\/mersinkadingazetesi.com\/index.php?rest_route=\/wp\/v2\/posts\/36734\/revisions\/36736"}],"wp:featuredmedia":[{"embeddable":true,"href":"https:\/\/mersinkadingazetesi.com\/index.php?rest_route=\/wp\/v2\/media\/36735"}],"wp:attachment":[{"href":"https:\/\/mersinkadingazetesi.com\/index.php?rest_route=%2Fwp%2Fv2%2Fmedia&parent=36734"}],"wp:term":[{"taxonomy":"category","embeddable":true,"href":"https:\/\/mersinkadingazetesi.com\/index.php?rest_route=%2Fwp%2Fv2%2Fcategories&post=36734"},{"taxonomy":"post_tag","embeddable":true,"href":"https:\/\/mersinkadingazetesi.com\/index.php?rest_route=%2Fwp%2Fv2%2Ftags&post=36734"}],"curies":[{"name":"wp","href":"https:\/\/api.w.org\/{rel}","templated":true}]}}