{"id":36737,"date":"2024-11-07T11:55:17","date_gmt":"2024-11-07T08:55:17","guid":{"rendered":"https:\/\/mersinkadingazetesi.com\/?p=36737"},"modified":"2024-11-07T11:55:18","modified_gmt":"2024-11-07T08:55:18","slug":"milletvekili-uysal-mersinde-uyusturucu-kullanma-yasi-18in-altina-dustu","status":"publish","type":"post","link":"https:\/\/mersinkadingazetesi.com\/?p=36737","title":{"rendered":"M\u0130LLETVEK\u0130L\u0130 UYSAL: MERS\u0130N\u2019DE UYU\u015eTURUCU KULLANMA YA\u015eI 18\u2019\u0130N ALTINA D\u00dc\u015eT\u00dc"},"content":{"rendered":"\n<p>Milliyet\u00e7i Hareket Partisi Mersin Milletvekili ve MYK \u00dcyesi Dr. Levent Uysal TBMM\u2019de madde ba\u011f\u0131ml\u0131l\u0131\u011f\u0131 konusunda MHP grubu ad\u0131na s\u00f6z ald\u0131. Uysal <strong>\u201cGe\u00e7ti\u011fimiz y\u0131l \u00fclkemizde maalesef bin ki\u015fi uyu\u015fturucu nedeniyle hayat\u0131n\u0131 kaybetti. Uyu\u015fturucu konusunda \u00e7\u00f6z\u00fcm odakl\u0131 bir yol haritas\u0131 izlenmeli, meclis ara\u015ft\u0131rma komisyonu kurulmal\u0131.\u201d<\/strong> dedi.<\/p>\n\n\n\n<p>T\u00fcrkiye B\u00fcy\u00fck Millet Meclisi\u2019nde komisyon g\u00f6r\u00fc\u015fmeleri s\u00fcr\u00fcyor. Milliyet\u00e7i Hareket Partisi Mersin Milletvekili Dr. Levent Uysal da mecliste g\u00fcndem d\u0131\u015f\u0131 s\u00f6z alarak uyu\u015fturucuyla m\u00fccadele hususunda konu\u015ftu. Milletvekili Uysal, iki \u00f6nemli kavram olan ba\u011fl\u0131l\u0131k ve ba\u011f\u0131ml\u0131l\u0131\u011fa vurgu yaparak <strong>\u201cBizi ayakta tutan, g\u00fc\u00e7l\u00fc ba\u011flar vard\u0131r. Bu ba\u011flar, \u00f6ncelikle ailemize ve vatan\u0131m\u0131za olan sevgimiz, de\u011ferlerimize olan inanc\u0131m\u0131zd\u0131r. Ba\u011f\u0131ml\u0131l\u0131k ise de\u011ferlerimize, dengemize, ruhumuza zarar veren bir tuzakt\u0131r ve sosyal bir sorundur. Birli\u011fimizi, beraberli\u011fimizi, sevgimizi zedeleyen bu sorun, en \u00e7ok da gen\u00e7lerimizi etkiliyor.\u201d<\/strong> \u015feklinde konu\u015ftu.<\/p>\n\n\n\n<p>D\u00fcnya genelinde 300 milyona yak\u0131n uyu\u015fturucu ba\u011f\u0131ml\u0131s\u0131 oldu\u011funu hat\u0131rlatan Milletvekili Uysal T\u00fcrkiye\u2019de uyu\u015fturucuya ba\u015flama ya\u015f\u0131n\u0131n 21, Mersin\u2019de ise madde kullan\u0131m ya\u015f\u0131n\u0131n 18\u2019in alt\u0131na d\u00fc\u015ft\u00fc\u011f\u00fcn\u00fc ifade ederek <strong>\u201cD\u00fcnya genelinde 300 milyona yak\u0131n, uyu\u015fturucu ba\u011f\u0131ml\u0131s\u0131 var ve son on y\u0131lda uyu\u015fturucu kullan\u0131m\u0131 y\u00fczde 20 art\u0131\u015f g\u00f6stermi\u015ftir. \u00c7al\u0131\u015fma \u00e7a\u011f\u0131ndaki her 18 ki\u015fiden biri maalesef uyu\u015fturucu ile tan\u0131\u015fm\u0131\u015ft\u0131r. Ayr\u0131ca 64 milyon ki\u015fi \u015fu anda tedavi g\u00f6r\u00fcyor. Ge\u00e7ti\u011fimiz y\u0131l bu illet y\u00fcz\u00fcnden sadece Kuzey Amerika\u2019da 100 bin ki\u015fi hayat\u0131n\u0131 kaybetmi\u015f ve tedavi i\u00e7in 35 milyar dolar harcanm\u0131\u015ft\u0131r. \u00dclkemizde ise uyu\u015fturucu tacirleri, ter\u00f6re kaynak sa\u011flamak amac\u0131 ile \u00fcretimi kolay, eri\u015fimi kolay ve ucuz, sentetik bazl\u0131 uyu\u015fturucu maddelerle faaliyet g\u00f6stermektedir. Ge\u00e7ti\u011fimiz y\u0131l \u00fclkemizde bin ki\u015fi uyu\u015fturucu nedeniyle hayat\u0131n\u0131 kaybetmi\u015ftir! Ne yaz\u0131k ki uyu\u015fturucuya ba\u015flama ya\u015f ortalamas\u0131; 21 ve \u00f6l\u00fcm ya\u015f\u0131 ise, 35\u2019tir. 300 binin \u00fczerinde m\u00fcltecinin ya\u015fad\u0131\u011f\u0131 Mersin\u2019imizde uyu\u015fturucu kullanma ya\u015f\u0131, 18\u2019in alt\u0131na d\u00fc\u015ft\u00fc. Bu illet; gen\u00e7lerimizi zehirliyor. Gelece\u011fimizi tehdit ediyor. Ter\u00f6re finansman sa\u011fl\u0131yor; sonu\u00e7 olarak insanl\u0131\u011fa ve ekonomiye zarar veriyor.\u201d <\/strong>a\u00e7\u0131klamas\u0131nda bulundu.<\/p>\n\n\n\n<p>Madde ba\u011f\u0131ml\u0131l\u0131\u011f\u0131 ile m\u00fccadele kapsam\u0131nda T\u00fcrkiye\u2019de y\u0131lda 6 milyar lira harcand\u0131\u011f\u0131n\u0131 s\u00f6yleyen Milliyet\u00e7i Hareket Partisi Mersin Milletvekili ve MYK \u00dcyesi Dr. Levent Uysal <strong>\u201cT\u00fcrkiye madde ba\u011f\u0131ml\u0131l\u0131\u011f\u0131yla m\u00fccadele noktas\u0131nda y\u0131lda 6 milyar lira harcamaktad\u0131r. Bu korkun\u00e7 tablo, sorunun, ne kadar vahim ve acil oldu\u011funu g\u00f6steriyor. Genel Ba\u015fkan\u0131m\u0131z Say\u0131n Devlet Bah\u00e7eli beyefendinin de dedi\u011fi gibi \u2018Uyu\u015fturucu konusunda hepimiz kafa kafaya verip, seri ve sert \u00f6nlemler almak zorunday\u0131z\u2019 Zira ba\u011f\u0131ml\u0131l\u0131k; bireysel bir sorun de\u011fil, toplumsal bir meseledir ve k\u00fcresel bir tehdittir. Elimizdeki en b\u00fcy\u00fck g\u00fc\u00e7 ise, aile ba\u011f\u0131 ve sevgidir.\u201d<\/strong> dedi.<\/p>\n\n\n\n<p>Milliyet\u00e7i Hareket Partisi Mersin Milletvekili ve MYK \u00dcyesi Dr. Levent Uysal ba\u011f\u0131ml\u0131l\u0131k konusunda meclis ara\u015ft\u0131rma komisyonu kurulmas\u0131n\u0131 talep ederek <strong>\u201cDe\u011ferli milletvekilleri, \u00e7\u00f6z\u00fcm odakl\u0131 bir yol haritas\u0131 i\u00e7in meclis ara\u015ft\u0131rma komisyonu kural\u0131m. Aileler, gen\u00e7ler, ilgili bakanl\u0131klar, \u00fcniversiteler, medya ve STK\u2019lar \u00e7\u00f6z\u00fcm ortaklar\u0131m\u0131z olsun ve birlikte \u00e7al\u0131\u015fal\u0131m. Gelece\u011fimiz i\u00e7in; manevi de\u011ferleri y\u00fcksek, insana de\u011fer veren, devletini seven, milletini seven ve bayra\u011f\u0131 i\u00e7in ya\u015fayan nesiller yeti\u015ftirelim. Aziz Atat\u00fcrk\u2019\u00fcn dedi\u011fi gibi, \u00e7ocuklar\u0131n\u0131 sa\u011fl\u0131kl\u0131 ve bilgili yeti\u015ftirmeyen milletler, temeli \u00e7\u00fcr\u00fck binalar gibi, \u00e7abuk y\u0131k\u0131l\u0131rlar. Biz birlikte g\u00fc\u00e7l\u00fcy\u00fcz.\u201d <\/strong>ifadelerine yer verdi.<\/p>\n","protected":false},"excerpt":{"rendered":"<p>Milliyet\u00e7i Hareket Partisi Mersin Milletvekili ve MYK \u00dcyesi Dr. Levent Uysal TBMM\u2019de madde ba\u011f\u0131ml\u0131l\u0131\u011f\u0131 konusunda MHP grubu ad\u0131na s\u00f6z ald\u0131. Uysal \u201cGe\u00e7ti\u011fimiz y\u0131l \u00fclkemizde maalesef bin ki\u015fi uyu\u015fturucu nedeniyle hayat\u0131n\u0131 kaybetti. Uyu\u015fturucu konusunda \u00e7\u00f6z\u00fcm odakl\u0131 bir yol haritas\u0131 izlenmeli, meclis ara\u015ft\u0131rma komisyonu kurulmal\u0131.\u201d dedi. T\u00fcrkiye B\u00fcy\u00fck Millet Meclisi\u2019nde komisyon g\u00f6r\u00fc\u015fmeleri s\u00fcr\u00fcyor. Milliyet\u00e7i Hareket Partisi Mersin [&hellip;]<\/p>\n","protected":false},"author":2,"featured_media":36738,"comment_status":"closed","ping_status":"closed","sticky":false,"template":"","format":"standard","meta":{"footnotes":""},"categories":[3,9],"tags":[],"class_list":["post-36737","post","type-post","status-publish","format-standard","has-post-thumbnail","hentry","category-manset","category-saglik"],"views":7,"_links":{"self":[{"href":"https:\/\/mersinkadingazetesi.com\/index.php?rest_route=\/wp\/v2\/posts\/36737"}],"collection":[{"href":"https:\/\/mersinkadingazetesi.com\/index.php?rest_route=\/wp\/v2\/posts"}],"about":[{"href":"https:\/\/mersinkadingazetesi.com\/index.php?rest_route=\/wp\/v2\/types\/post"}],"author":[{"embeddable":true,"href":"https:\/\/mersinkadingazetesi.com\/index.php?rest_route=\/wp\/v2\/users\/2"}],"replies":[{"embeddable":true,"href":"https:\/\/mersinkadingazetesi.com\/index.php?rest_route=%2Fwp%2Fv2%2Fcomments&post=36737"}],"version-history":[{"count":1,"href":"https:\/\/mersinkadingazetesi.com\/index.php?rest_route=\/wp\/v2\/posts\/36737\/revisions"}],"predecessor-version":[{"id":36739,"href":"https:\/\/mersinkadingazetesi.com\/index.php?rest_route=\/wp\/v2\/posts\/36737\/revisions\/36739"}],"wp:featuredmedia":[{"embeddable":true,"href":"https:\/\/mersinkadingazetesi.com\/index.php?rest_route=\/wp\/v2\/media\/36738"}],"wp:attachment":[{"href":"https:\/\/mersinkadingazetesi.com\/index.php?rest_route=%2Fwp%2Fv2%2Fmedia&parent=36737"}],"wp:term":[{"taxonomy":"category","embeddable":true,"href":"https:\/\/mersinkadingazetesi.com\/index.php?rest_route=%2Fwp%2Fv2%2Fcategories&post=36737"},{"taxonomy":"post_tag","embeddable":true,"href":"https:\/\/mersinkadingazetesi.com\/index.php?rest_route=%2Fwp%2Fv2%2Ftags&post=36737"}],"curies":[{"name":"wp","href":"https:\/\/api.w.org\/{rel}","templated":true}]}}