{"id":36740,"date":"2024-11-07T11:58:11","date_gmt":"2024-11-07T08:58:11","guid":{"rendered":"https:\/\/mersinkadingazetesi.com\/?p=36740"},"modified":"2024-11-07T11:58:12","modified_gmt":"2024-11-07T08:58:12","slug":"mersin-devlet-opera-ve-balesi-muzede-atamizi-aniyor","status":"publish","type":"post","link":"https:\/\/mersinkadingazetesi.com\/?p=36740","title":{"rendered":"\u201cMersin Devlet Opera ve Balesi M\u00fczede Ata\u2019m\u0131z\u0131 An\u0131yor.\u201d"},"content":{"rendered":"\n<p>&nbsp;Mersin Devlet Opera ve Balesi, T\u00fcrkiye Cumhuriyeti\u2019nin kurucusu Mustafa Kemal Atat\u00fcrk\u2019\u00fc \u00f6l\u00fcm\u00fcn\u00fcn 86. Y\u0131l\u0131nda piyanolu \u015fan konseri ile anacak.<\/p>\n\n\n\n<p>&nbsp;&nbsp;&nbsp;&nbsp;&nbsp;&nbsp;&nbsp;&nbsp;&nbsp;&nbsp;&nbsp;&nbsp;&nbsp;&nbsp;&nbsp;&nbsp; 12 Kas\u0131m Sal\u0131 g\u00fcn\u00fc Mersin Deniz M\u00fczesi\u2019nde saat 14:00\u2019de, 15 Kas\u0131m Cuma g\u00fcn\u00fc Tarsus M\u00fczesi\u2019nde saat 14:00\u2019de \u201cAtat\u00fcrk\u2019\u00fcn Sevdi\u011fi \u015eark\u0131lar\u201d konserini sanatsever ile bulu\u015fturacak.<\/p>\n\n\n\n<p>&nbsp;&nbsp;&nbsp;&nbsp;&nbsp;&nbsp;&nbsp;&nbsp;&nbsp;&nbsp;&nbsp;&nbsp;&nbsp;&nbsp;&nbsp;&nbsp; M\u00fcze konserlerinin solist sanat\u00e7\u0131lar\u0131 soprano I\u015f\u0131l Azaz ve Serin Sayba\u015f\u0131l\u0131, tenor Orhan G\u00fcll\u00fcler, bas Hasan Berk ve Serkan Sevin\u00e7 olacak. Tu\u011f\u00e7e G\u00f6ksal\u2019\u0131n &nbsp;piyano ile e\u015flik edece\u011fi \u00fccretsiz konserlerde Atam\u0131z\u0131n en sevdi\u011fi \u015fark\u0131lar M\u00fczede hayat bulacak.<\/p>\n","protected":false},"excerpt":{"rendered":"<p>&nbsp;Mersin Devlet Opera ve Balesi, T\u00fcrkiye Cumhuriyeti\u2019nin kurucusu Mustafa Kemal Atat\u00fcrk\u2019\u00fc \u00f6l\u00fcm\u00fcn\u00fcn 86. Y\u0131l\u0131nda piyanolu \u015fan konseri ile anacak. &nbsp;&nbsp;&nbsp;&nbsp;&nbsp;&nbsp;&nbsp;&nbsp;&nbsp;&nbsp;&nbsp;&nbsp;&nbsp;&nbsp;&nbsp;&nbsp; 12 Kas\u0131m Sal\u0131 g\u00fcn\u00fc Mersin Deniz M\u00fczesi\u2019nde saat 14:00\u2019de, 15 Kas\u0131m Cuma g\u00fcn\u00fc Tarsus M\u00fczesi\u2019nde saat 14:00\u2019de \u201cAtat\u00fcrk\u2019\u00fcn Sevdi\u011fi \u015eark\u0131lar\u201d konserini sanatsever ile bulu\u015fturacak. &nbsp;&nbsp;&nbsp;&nbsp;&nbsp;&nbsp;&nbsp;&nbsp;&nbsp;&nbsp;&nbsp;&nbsp;&nbsp;&nbsp;&nbsp;&nbsp; M\u00fcze konserlerinin solist sanat\u00e7\u0131lar\u0131 soprano I\u015f\u0131l Azaz ve Serin Sayba\u015f\u0131l\u0131, [&hellip;]<\/p>\n","protected":false},"author":2,"featured_media":36741,"comment_status":"closed","ping_status":"closed","sticky":false,"template":"","format":"standard","meta":{"footnotes":""},"categories":[3],"tags":[],"class_list":["post-36740","post","type-post","status-publish","format-standard","has-post-thumbnail","hentry","category-manset"],"views":3,"_links":{"self":[{"href":"https:\/\/mersinkadingazetesi.com\/index.php?rest_route=\/wp\/v2\/posts\/36740"}],"collection":[{"href":"https:\/\/mersinkadingazetesi.com\/index.php?rest_route=\/wp\/v2\/posts"}],"about":[{"href":"https:\/\/mersinkadingazetesi.com\/index.php?rest_route=\/wp\/v2\/types\/post"}],"author":[{"embeddable":true,"href":"https:\/\/mersinkadingazetesi.com\/index.php?rest_route=\/wp\/v2\/users\/2"}],"replies":[{"embeddable":true,"href":"https:\/\/mersinkadingazetesi.com\/index.php?rest_route=%2Fwp%2Fv2%2Fcomments&post=36740"}],"version-history":[{"count":1,"href":"https:\/\/mersinkadingazetesi.com\/index.php?rest_route=\/wp\/v2\/posts\/36740\/revisions"}],"predecessor-version":[{"id":36742,"href":"https:\/\/mersinkadingazetesi.com\/index.php?rest_route=\/wp\/v2\/posts\/36740\/revisions\/36742"}],"wp:featuredmedia":[{"embeddable":true,"href":"https:\/\/mersinkadingazetesi.com\/index.php?rest_route=\/wp\/v2\/media\/36741"}],"wp:attachment":[{"href":"https:\/\/mersinkadingazetesi.com\/index.php?rest_route=%2Fwp%2Fv2%2Fmedia&parent=36740"}],"wp:term":[{"taxonomy":"category","embeddable":true,"href":"https:\/\/mersinkadingazetesi.com\/index.php?rest_route=%2Fwp%2Fv2%2Fcategories&post=36740"},{"taxonomy":"post_tag","embeddable":true,"href":"https:\/\/mersinkadingazetesi.com\/index.php?rest_route=%2Fwp%2Fv2%2Ftags&post=36740"}],"curies":[{"name":"wp","href":"https:\/\/api.w.org\/{rel}","templated":true}]}}