{"id":36756,"date":"2024-11-08T12:27:33","date_gmt":"2024-11-08T09:27:33","guid":{"rendered":"https:\/\/mersinkadingazetesi.com\/?p=36756"},"modified":"2024-11-08T12:27:34","modified_gmt":"2024-11-08T09:27:34","slug":"carettalar-10-kasimda-anadolu-efesi-konuk-edecek","status":"publish","type":"post","link":"https:\/\/mersinkadingazetesi.com\/?p=36756","title":{"rendered":"CARETTALAR 10 KASIM&#8217;DA ANADOLU EFES&#8217;\u0130 KONUK EDECEK"},"content":{"rendered":"\n<p>T\u00fcrkiye Basketbol S\u00fcper Ligi&#8217;nde m\u00fccadele eden kentin tak\u0131m\u0131 Mersin Spor Kul\u00fcb\u00fc (MSK) Erkek Basketbol Tak\u0131m\u0131&#8217;nda hafta sonu oynanacak olan Anadolu Efes ma\u00e7\u0131n\u0131n haz\u0131rl\u0131klar\u0131 t\u00fcm h\u0131z\u0131yla s\u00fcr\u00fcyor. Servet Tazeg\u00fcl Spor Salonu&#8217;nda ger\u00e7ekle\u015ftirilen antrenmanlarda oyuncular, Ba\u015fantren\u00f6r Can Sevim ve yard\u0131mc\u0131lar\u0131n\u0131n verdi\u011fi taktikler do\u011frultusunda, Pazar g\u00fcn\u00fc oynanacak ma\u00e7 i\u00e7in haz\u0131rlan\u0131yor.<\/p>\n\n\n\n<p><strong>Sevim: &#8220;Haz\u0131rl\u0131klar\u0131m\u0131z gayet iyi ilerliyor&#8221;<\/strong><\/p>\n\n\n\n<p>Ma\u00e7 \u00f6ncesi antrenmanlar ve tak\u0131m\u0131n son durumu hakk\u0131nda bilgi veren Ba\u015fantren\u00f6r Can Sevim, rakiplerinin ligin en g\u00fc\u00e7l\u00fc kadrolar\u0131ndan birine sahip oldu\u011funun bilinci ile kar\u015f\u0131la\u015fmaya haz\u0131rland\u0131klar\u0131n\u0131 s\u00f6yledi. Sevim,&nbsp;<strong>&#8220;S\u00fcper Lig&#8217;de ilk y\u0131l\u0131m\u0131zda art\u0131k bu tarz tak\u0131mlarla kendi evimizde oynamaya ba\u015fl\u0131yoruz. Bizim i\u00e7in ger\u00e7ekten \u00e7ok de\u011ferli. Her \u015feyden \u00f6nce Mersin&#8217;e bunu ya\u015fatabildi\u011fimiz i\u00e7in \u00e7ok mutluyuz. Ma\u00e7a gelecek olursak; bizim a\u00e7\u0131m\u0131zdan zor bir kar\u015f\u0131la\u015fma olacak tabii ki ama haz\u0131rl\u0131klar\u0131m\u0131z gayet iyi ilerliyor. Her ge\u00e7en g\u00fcn daha iyiye giderek, daha iyi i\u015fler yapmaya ba\u015flad\u0131\u011f\u0131m\u0131z\u0131 d\u00fc\u015f\u00fcn\u00fcyorum. Bunu da sahaya yans\u0131t\u0131p Anadolu Efes ma\u00e7\u0131nda da galip gelmek, burada halk\u0131m\u0131za bu duyguyu ya\u015fatmak i\u00e7in elimizden gelen her \u015feyi yapaca\u011f\u0131z&#8221;<\/strong>&nbsp;dedi.<\/p>\n\n\n\n<p><strong>&#8220;Taraftar\u0131m\u0131z\u0131n deste\u011fiyle galip gelmek istiyoruz&#8221;<\/strong><\/p>\n\n\n\n<p>Sahaya \u00e7\u0131kt\u0131klar\u0131 andan itibaren taraftar deste\u011finin \u00e7ok \u00f6nemli oldu\u011funa dikkat \u00e7eken Ba\u015fantren\u00f6r Sevim,&nbsp;<strong>&#8220;Bizi ger\u00e7ekten \u00e7ok iyi destekleyen bir taraftar toplulu\u011fu var. Eminim ki Anadolu Efes ma\u00e7\u0131nda bu taraftar say\u0131s\u0131 daha da artacakt\u0131r ama bu sadece Anadolu Efes ma\u00e7\u0131yla da kalmamal\u0131. Bizim her ma\u00e7\u0131m\u0131zda artarak b\u00fcy\u00fcyen bir taraftar olmas\u0131 bize \u00e7ok b\u00fcy\u00fck itici g\u00fc\u00e7 sa\u011flayacakt\u0131r. Onlarla beraber ba\u015faramayaca\u011f\u0131m\u0131z \u015fey yok diye d\u00fc\u015f\u00fcn\u00fcyorum. Onlar\u0131n da deste\u011fiyle bu ma\u00e7ta beklentilerin \u00fcst\u00fcnde bir oyun ortaya koyabiliriz&#8221;<\/strong>&nbsp;ifadelerini kulland\u0131.<\/p>\n\n\n\n<p><strong>Akdamar: &#8220;\u00d6nemli olan topu \u00e7emberden ge\u00e7irmek ve \u00e7ok iyi savunma yapmak&#8221;<\/strong><\/p>\n\n\n\n<p>Tak\u0131m\u0131n forvetlerinden Tevfik Akdamar ise motivasyonlar\u0131n\u0131n \u00e7ok y\u00fcksek oldu\u011funu belirterek,&nbsp;<strong>&#8220;Haz\u0131rl\u0131k s\u00fcrecimiz \u00e7ok iyi gidiyor, motivasyonumuz \u00e7ok g\u00fczel. Evimizde ma\u00e7 kaybetmek istemiyoruz. \u00c7ok zorlu bir ma\u00e7a \u00e7\u0131kt\u0131\u011f\u0131m\u0131z\u0131n fark\u0131nday\u0131z. \u0130tici g\u00fcc\u00fcm\u00fcz olan taraftar\u0131m\u0131zla birlikte galibiyet iste\u011fimiz var. G\u00fcn\u00fcn sonunda evimizde ma\u00e7 kaybetmeden yolumuza devam edebiliriz. Hem Staff&#8217;\u0131m\u0131z hem oyuncu grubumuz olarak \u00e7ok tecr\u00fcbeli bir ekibiz. Sahaya \u00e7\u0131kt\u0131\u011f\u0131m\u0131zda 5&#8217;e 5 m\u00fccadele ediyoruz. Euro League&#8217;de \u00e7ok iyi i\u015fler yap\u0131yorlar ama sahaya \u00e7\u0131kt\u0131\u011f\u0131m\u0131zda \u00f6nemli olan topu \u00e7emberden ge\u00e7irmek ve \u00e7ok iyi savunma yapmak. Biz de buna \u00e7ok iyi haz\u0131rland\u0131k. Bunu parkeye yans\u0131t\u0131rsak galip gelebilece\u011fimizi d\u00fc\u015f\u00fcn\u00fcyorum&#8221;<\/strong>&nbsp;diye konu\u015ftu.<\/p>\n\n\n\n<p><strong>Tan\u0131\u015fan: &#8220;Taraftar\u0131m\u0131z\u0131n 10 Kas\u0131m&#8217;da itici g\u00fc\u00e7 olarak yan\u0131m\u0131zda olmas\u0131n\u0131 istiyoruz&#8221;<\/strong><\/p>\n\n\n\n<p>Taraftarlar\u0131n da deste\u011fi ile kar\u015f\u0131la\u015fmaya galibiyet parolas\u0131 ile \u00e7\u0131kacaklar\u0131n\u0131 s\u00f6yleyen Emre Tan\u0131\u015fan ise tak\u0131m olarak iyi \u00e7al\u0131\u015ft\u0131klar\u0131n\u0131 ve olduk\u00e7a iyi durumda olduklar\u0131n\u0131 kaydetti. Tan\u0131\u015fan,&nbsp;<strong>&#8220;Anadolu Efes iyi bir tak\u0131m ama biz de \u00e7\u0131kaca\u011f\u0131z ve taraftar\u0131m\u0131z\u0131n deste\u011fiyle elimizden geleni yapaca\u011f\u0131z. \u00d6zellikle 10 Kas\u0131m&#8217;da buray\u0131 dolu bir \u015fekilde g\u00f6r\u00fcrsek bizim i\u00e7in mutluluk verici olur. Taraftar\u0131m\u0131z\u0131n verdi\u011fi enerji ile sava\u015fmak bizim i\u00e7in iyi olur. Taraftar\u0131m\u0131z\u0131n 10 Kas\u0131m&#8217;da itici g\u00fc\u00e7 olarak yan\u0131m\u0131zda olmas\u0131n\u0131 istiyoruz. Evimizde ma\u00e7 kaybetmek istemiyoruz&#8221;<\/strong>&nbsp;diyerek Mersinli basketbolseverleri kar\u015f\u0131la\u015fmada kendilerine destek olmaya davet etti.&nbsp;&nbsp;<\/p>\n","protected":false},"excerpt":{"rendered":"<p>T\u00fcrkiye Basketbol S\u00fcper Ligi&#8217;nde m\u00fccadele eden kentin tak\u0131m\u0131 Mersin Spor Kul\u00fcb\u00fc (MSK) Erkek Basketbol Tak\u0131m\u0131&#8217;nda hafta sonu oynanacak olan Anadolu Efes ma\u00e7\u0131n\u0131n haz\u0131rl\u0131klar\u0131 t\u00fcm h\u0131z\u0131yla s\u00fcr\u00fcyor. Servet Tazeg\u00fcl Spor Salonu&#8217;nda ger\u00e7ekle\u015ftirilen antrenmanlarda oyuncular, Ba\u015fantren\u00f6r Can Sevim ve yard\u0131mc\u0131lar\u0131n\u0131n verdi\u011fi taktikler do\u011frultusunda, Pazar g\u00fcn\u00fc oynanacak ma\u00e7 i\u00e7in haz\u0131rlan\u0131yor. Sevim: &#8220;Haz\u0131rl\u0131klar\u0131m\u0131z gayet iyi ilerliyor&#8221; Ma\u00e7 \u00f6ncesi antrenmanlar [&hellip;]<\/p>\n","protected":false},"author":2,"featured_media":36757,"comment_status":"closed","ping_status":"closed","sticky":false,"template":"","format":"standard","meta":{"footnotes":""},"categories":[3,10],"tags":[],"class_list":["post-36756","post","type-post","status-publish","format-standard","has-post-thumbnail","hentry","category-manset","category-spor"],"views":9,"_links":{"self":[{"href":"https:\/\/mersinkadingazetesi.com\/index.php?rest_route=\/wp\/v2\/posts\/36756"}],"collection":[{"href":"https:\/\/mersinkadingazetesi.com\/index.php?rest_route=\/wp\/v2\/posts"}],"about":[{"href":"https:\/\/mersinkadingazetesi.com\/index.php?rest_route=\/wp\/v2\/types\/post"}],"author":[{"embeddable":true,"href":"https:\/\/mersinkadingazetesi.com\/index.php?rest_route=\/wp\/v2\/users\/2"}],"replies":[{"embeddable":true,"href":"https:\/\/mersinkadingazetesi.com\/index.php?rest_route=%2Fwp%2Fv2%2Fcomments&post=36756"}],"version-history":[{"count":1,"href":"https:\/\/mersinkadingazetesi.com\/index.php?rest_route=\/wp\/v2\/posts\/36756\/revisions"}],"predecessor-version":[{"id":36758,"href":"https:\/\/mersinkadingazetesi.com\/index.php?rest_route=\/wp\/v2\/posts\/36756\/revisions\/36758"}],"wp:featuredmedia":[{"embeddable":true,"href":"https:\/\/mersinkadingazetesi.com\/index.php?rest_route=\/wp\/v2\/media\/36757"}],"wp:attachment":[{"href":"https:\/\/mersinkadingazetesi.com\/index.php?rest_route=%2Fwp%2Fv2%2Fmedia&parent=36756"}],"wp:term":[{"taxonomy":"category","embeddable":true,"href":"https:\/\/mersinkadingazetesi.com\/index.php?rest_route=%2Fwp%2Fv2%2Fcategories&post=36756"},{"taxonomy":"post_tag","embeddable":true,"href":"https:\/\/mersinkadingazetesi.com\/index.php?rest_route=%2Fwp%2Fv2%2Ftags&post=36756"}],"curies":[{"name":"wp","href":"https:\/\/api.w.org\/{rel}","templated":true}]}}