{"id":36768,"date":"2024-11-08T12:35:15","date_gmt":"2024-11-08T09:35:15","guid":{"rendered":"https:\/\/mersinkadingazetesi.com\/?p=36768"},"modified":"2024-11-08T12:35:15","modified_gmt":"2024-11-08T09:35:15","slug":"mersin-barosu-narin-cinayeti-davasinin-durusmasina-katildi","status":"publish","type":"post","link":"https:\/\/mersinkadingazetesi.com\/?p=36768","title":{"rendered":"MERS\u0130N BAROSU, NAR\u0130N C\u0130NAYET\u0130 DAVASININ DURU\u015eMASINA KATILDI"},"content":{"rendered":"\n<p>Diyarbak\u0131r&#8217;da 8 ya\u015f\u0131nda katledilen Narin G\u00fcran davas\u0131n\u0131n ilk duru\u015fmas\u0131 07.11.2024 tarihinde Diyarbak\u0131r 8.A\u011f\u0131r Ceza Mahkemesi&#8217;nde g\u00f6r\u00fcld\u00fc. Duru\u015fmaya kat\u0131lan Mersin Barosu Ba\u015fkan\u0131 Av. Gazi \u00d6zdemir, davay\u0131 sonuna kadar takip edeceklerini ifade ederek, &#8220;Faillerin af kapsam\u0131ndan muaf tutulmas\u0131n\u0131 ve cezai indirimlerin uygulanmamas\u0131n\u0131, Narin i\u00e7in adaletin en k\u0131sa s\u00fcrede tecelli etmesini temenni ediyoruz&#8221; dedi.<\/p>\n\n\n\n<p>&#8220;FA\u0130LLER\u0130N EN \u00dcST HADDEN CEZALANDIRILMASI \u0130\u00c7\u0130N \u00c7ABA G\u00d6STERECE\u011e\u0130Z&#8221;<\/p>\n\n\n\n<p>Narin G\u00fcran cinayeti davas\u0131n\u0131n ilk duru\u015fmas\u0131na, Mersin Barosu Ba\u015fkan\u0131 Av. Gazi \u00d6zdemir, y\u00f6netim kurulu \u00fcyeleri Av. \u0130brahim Hakk\u0131 Ko\u00e7, Av. \u00c7i\u011fdem Ata\u015f Er\u00e7olak ve Av. Cemil Yeral ile Mersin Barosu \u00c7ocuk Haklar\u0131 Merkezi \u00fcyeleri Av. Kamil Ekinci, Av. Bekta\u015f Ol\u00e7um, Av. Bet\u00fcl G\u00fcler, Av. Derya \u00d6zin\u00e7, Av. Ersan \u00c7etinkaya, Av. Furkan G\u00fcrda\u011fl\u0131 ve Av. Mercan Fidano\u011flu G\u00f6k, T\u00fcrkiye Barolar Birli\u011fi y\u00f6netimi, bir\u00e7ok ilin baro ba\u015fkan\u0131, \u00e7ok say\u0131da avukat ve sivil toplum \u00f6rg\u00fct\u00fc temsilcileri g\u00f6zlemci olarak kat\u0131ld\u0131. Diyarbak\u0131r Barosu hari\u00e7, TBB ve barolar\u0131n davaya m\u00fcdahil olma talebi mahkeme heyeti taraf\u0131ndan kabul edilmedi.<\/p>\n\n\n\n<p>Narin G\u00fcran cinayetine ili\u015fkin, haklar\u0131nda &#8216;\u0130\u015ftirak halinde \u00e7ocu\u011fa kar\u015f\u0131 kasten \u00f6ld\u00fcrme&#8217; su\u00e7undan a\u011f\u0131rla\u015ft\u0131r\u0131lm\u0131\u015f m\u00fcebbet hapis cezas\u0131 istemiyle dava a\u00e7\u0131lan tutuklu san\u0131klar anne Y\u00fcksel, a\u011fabey Enes ve amca Salim G\u00fcran ile Nevzat Bahtiyar hakim kar\u015f\u0131s\u0131na \u00e7\u0131kt\u0131.<\/p>\n\n\n\n<p>Baro Ba\u015fkan\u0131 Av. Gazi \u00d6zdemir, Mersin Barosu olarak, kamu vicdan\u0131n\u0131 derinden yaralayan Narin davas\u0131nda fail ve faillerin tespiti, kovu\u015fturma s\u00fcrecinin etkili bir \u015fekilde y\u00fcr\u00fct\u00fclmesi, olay\u0131n ayd\u0131nlat\u0131lmas\u0131, faillerin en \u00fcst hadden cezaland\u0131r\u0131lmas\u0131 i\u00e7in gereken t\u00fcm \u00e7abay\u0131 sarf edeceklerini ve davay\u0131 sonuna kadar takip edeceklerini ifade ederek, &#8220;Narin i\u00e7in adalet g\u00fcn\u00fc ve bizler Mersin Barosu olarak Diyarbak\u0131r Adliyesi&#8217;ndeyiz. Faillerin af kapsam\u0131ndan muaf tutulmas\u0131n\u0131 ve cezai indirimlerin uygulanmamas\u0131n\u0131, Narin i\u00e7in adaletin en k\u0131sa s\u00fcrede tecelli etmesini temenni ediyoruz&#8221; dedi.<\/p>\n","protected":false},"excerpt":{"rendered":"<p>Diyarbak\u0131r&#8217;da 8 ya\u015f\u0131nda katledilen Narin G\u00fcran davas\u0131n\u0131n ilk duru\u015fmas\u0131 07.11.2024 tarihinde Diyarbak\u0131r 8.A\u011f\u0131r Ceza Mahkemesi&#8217;nde g\u00f6r\u00fcld\u00fc. Duru\u015fmaya kat\u0131lan Mersin Barosu Ba\u015fkan\u0131 Av. Gazi \u00d6zdemir, davay\u0131 sonuna kadar takip edeceklerini ifade ederek, &#8220;Faillerin af kapsam\u0131ndan muaf tutulmas\u0131n\u0131 ve cezai indirimlerin uygulanmamas\u0131n\u0131, Narin i\u00e7in adaletin en k\u0131sa s\u00fcrede tecelli etmesini temenni ediyoruz&#8221; dedi. &#8220;FA\u0130LLER\u0130N EN \u00dcST HADDEN [&hellip;]<\/p>\n","protected":false},"author":2,"featured_media":36769,"comment_status":"closed","ping_status":"closed","sticky":false,"template":"","format":"standard","meta":{"footnotes":""},"categories":[2,3],"tags":[],"class_list":["post-36768","post","type-post","status-publish","format-standard","has-post-thumbnail","hentry","category-gundem","category-manset"],"views":12,"_links":{"self":[{"href":"https:\/\/mersinkadingazetesi.com\/index.php?rest_route=\/wp\/v2\/posts\/36768"}],"collection":[{"href":"https:\/\/mersinkadingazetesi.com\/index.php?rest_route=\/wp\/v2\/posts"}],"about":[{"href":"https:\/\/mersinkadingazetesi.com\/index.php?rest_route=\/wp\/v2\/types\/post"}],"author":[{"embeddable":true,"href":"https:\/\/mersinkadingazetesi.com\/index.php?rest_route=\/wp\/v2\/users\/2"}],"replies":[{"embeddable":true,"href":"https:\/\/mersinkadingazetesi.com\/index.php?rest_route=%2Fwp%2Fv2%2Fcomments&post=36768"}],"version-history":[{"count":1,"href":"https:\/\/mersinkadingazetesi.com\/index.php?rest_route=\/wp\/v2\/posts\/36768\/revisions"}],"predecessor-version":[{"id":36770,"href":"https:\/\/mersinkadingazetesi.com\/index.php?rest_route=\/wp\/v2\/posts\/36768\/revisions\/36770"}],"wp:featuredmedia":[{"embeddable":true,"href":"https:\/\/mersinkadingazetesi.com\/index.php?rest_route=\/wp\/v2\/media\/36769"}],"wp:attachment":[{"href":"https:\/\/mersinkadingazetesi.com\/index.php?rest_route=%2Fwp%2Fv2%2Fmedia&parent=36768"}],"wp:term":[{"taxonomy":"category","embeddable":true,"href":"https:\/\/mersinkadingazetesi.com\/index.php?rest_route=%2Fwp%2Fv2%2Fcategories&post=36768"},{"taxonomy":"post_tag","embeddable":true,"href":"https:\/\/mersinkadingazetesi.com\/index.php?rest_route=%2Fwp%2Fv2%2Ftags&post=36768"}],"curies":[{"name":"wp","href":"https:\/\/api.w.org\/{rel}","templated":true}]}}