{"id":36771,"date":"2024-11-08T16:08:23","date_gmt":"2024-11-08T13:08:23","guid":{"rendered":"https:\/\/mersinkadingazetesi.com\/?p=36771"},"modified":"2024-11-08T16:08:24","modified_gmt":"2024-11-08T13:08:24","slug":"baskan-secerden-10-kasim-mesaji-3","status":"publish","type":"post","link":"https:\/\/mersinkadingazetesi.com\/?p=36771","title":{"rendered":"BA\u015eKAN SE\u00c7ER&#8217;DEN 10 KASIM MESAJI"},"content":{"rendered":"\n<p>Mersin B\u00fcy\u00fck\u015fehir Belediye Ba\u015fkan\u0131 Vahap Se\u00e7er, Ulu \u00d6nder Mustafa Kemal Atat\u00fcrk&#8217;\u00fcn aram\u0131zdan ayr\u0131l\u0131\u015f\u0131n\u0131n 86. y\u0131l d\u00f6n\u00fcm\u00fc dolay\u0131s\u0131yla bir mesaj yay\u0131mlad\u0131. Ba\u015fkan Se\u00e7er mesaj\u0131nda \u015fu ifadelere yer verdi:<\/p>\n\n\n\n<p><strong>&#8220;Ulu \u00d6nder&#8217;in aram\u0131zdan ayr\u0131l\u0131\u015f\u0131n\u0131n 86. y\u0131l d\u00f6n\u00fcm\u00fcnde kendisini, b\u00fcy\u00fck bir sevgi, sayg\u0131 ve \u00f6zlemle an\u0131yoruz. B\u00fct\u00fcn ya\u015fam\u0131nda vermi\u015f oldu\u011fu her t\u00fcrl\u00fc m\u00fccadelenin, ortaya koydu\u011fu ilkelerin, savundu\u011fu ideallerin de\u011feri bug\u00fcn hala canl\u0131l\u0131\u011f\u0131n\u0131 korumaktad\u0131r. B\u00fct\u00fcn \u00f6mr\u00fcn\u00fc adad\u0131\u011f\u0131 de\u011ferli milletinin ona her ge\u00e7en g\u00fcn daha da fazla artan ba\u011fl\u0131l\u0131\u011f\u0131 da bunun ayr\u0131 bir kan\u0131t\u0131 gibidir.<\/strong><\/p>\n\n\n\n<p><strong>Atat\u00fcrk ideallerinin ve de\u011ferlerinin kenti Mersin&#8217;de g\u00f6reve geldi\u011fimiz 2019 y\u0131l\u0131ndan bu yana yapt\u0131\u011f\u0131m\u0131z t\u00fcrl\u00fc hizmetlerin, bir tak\u0131m yeniliklerin, baz\u0131 konularda \u00f6nc\u00fc olma vizyonumuzun ilham kayna\u011f\u0131 Atat\u00fcrk&#8217;t\u00fcr. T\u00fcrkiye&#8217;nin; \u00e7a\u011f\u0131n gereklerine uygun, akl\u0131 ve bilimi esas alan, d\u00fcnyan\u0131n b\u00fct\u00fcn b\u00fcy\u00fck ekonomileriyle yar\u0131\u015f\u0131r, her platformda varl\u0131\u011f\u0131n\u0131 t\u00fcm d\u00fcnyaya kabul ettirmi\u015f sayg\u0131n bir \u00fclke olabilmesi i\u00e7in bu \u00fclkenin uluslararas\u0131 yollara a\u00e7\u0131lan de\u011ferli bir kap\u0131s\u0131 olan kentimizde var g\u00fcc\u00fcm\u00fczle \u00e7al\u0131\u015f\u0131yoruz.<\/strong><\/p>\n\n\n\n<p><strong>Kentimizin; k\u00fclt\u00fcr, sanat ve spor hayat\u0131na sundu\u011fumuz katk\u0131lar\u0131n, hak temelli bir yakla\u015f\u0131mla hayata ge\u00e7irdi\u011fimiz sosyal politikalar\u0131n, tar\u0131msal kalk\u0131nmaya sundu\u011fumuz desteklerin, e\u011fitimde f\u0131rsat e\u015fitli\u011fi sa\u011flamaya d\u00f6n\u00fck hizmetlerin, altyap\u0131 ve \u00fcstyap\u0131 projelerimizin k\u0131sacas\u0131 yapt\u0131\u011f\u0131m\u0131z her i\u015fin temelinde ayn\u0131 ilham yat\u0131yor.<\/strong><\/p>\n\n\n\n<p><strong>Atat\u00fcrk&#8217;\u00fcn b\u00fcy\u00fck miras\u0131n\u0131n y\u00fckledi\u011fi a\u011f\u0131r sorumluluk, bizleri s\u0131k konu\u015fan de\u011fil \u00e7ok \u00e7al\u0131\u015fan, halk\u0131 unutan de\u011fil halk\u0131yla i\u00e7 i\u00e7e olan ki\u015filer haline getiriyor. Biz O&#8217;nun i\u015fgalden temizledi\u011fi bu vatan\u0131 ve bu vatan \u00fczerinde kurdu\u011fu \u00fclkemiz T\u00fcrkiye Cumhuriyeti&#8217;ni ve bu \u00fclkenin; g\u00f6r\u00fc\u015f\u00fc, inanc\u0131, etnik yap\u0131s\u0131, sosyoekonomik durumu ne olursa olsun her vatanda\u015f\u0131n\u0131 \u00e7ok seviyoruz ve&nbsp;<em>&#8216;Vatan\u0131n\u0131 en \u00e7ok seven g\u00f6revini en iyi yapand\u0131r&#8217;<\/em>&nbsp;s\u00f6z\u00fcnden hareketle g\u00f6revimizi iyi yapmaya \u00e7al\u0131\u015f\u0131yoruz.<\/strong><\/p>\n\n\n\n<p><strong>Mersinliyiz ve bu kentte ya\u015fayan herkesi Mersinli olma bilincinde birle\u015ftirip kentin t\u00fcm payda\u015flar\u0131yla birlikte Mersin&#8217;e sahip \u00e7\u0131k\u0131yoruz.<\/strong><\/p>\n\n\n\n<p><strong>Bu duygu ve d\u00fc\u015f\u00fcncelerle, aram\u0131zdan ayr\u0131l\u0131\u015f\u0131n\u0131n 86. y\u0131l d\u00f6n\u00fcm\u00fcnde Ulu \u00d6nder Mustafa Kemal Atat\u00fcrk&#8217;\u00fc, t\u00fcm m\u00fccadele arkada\u015flar\u0131n\u0131 ve aziz \u015fehitlerimizi sayg\u0131yla an\u0131yorum.&#8221;<\/strong><\/p>\n","protected":false},"excerpt":{"rendered":"<p>Mersin B\u00fcy\u00fck\u015fehir Belediye Ba\u015fkan\u0131 Vahap Se\u00e7er, Ulu \u00d6nder Mustafa Kemal Atat\u00fcrk&#8217;\u00fcn aram\u0131zdan ayr\u0131l\u0131\u015f\u0131n\u0131n 86. y\u0131l d\u00f6n\u00fcm\u00fc dolay\u0131s\u0131yla bir mesaj yay\u0131mlad\u0131. Ba\u015fkan Se\u00e7er mesaj\u0131nda \u015fu ifadelere yer verdi: &#8220;Ulu \u00d6nder&#8217;in aram\u0131zdan ayr\u0131l\u0131\u015f\u0131n\u0131n 86. y\u0131l d\u00f6n\u00fcm\u00fcnde kendisini, b\u00fcy\u00fck bir sevgi, sayg\u0131 ve \u00f6zlemle an\u0131yoruz. B\u00fct\u00fcn ya\u015fam\u0131nda vermi\u015f oldu\u011fu her t\u00fcrl\u00fc m\u00fccadelenin, ortaya koydu\u011fu ilkelerin, savundu\u011fu ideallerin de\u011feri [&hellip;]<\/p>\n","protected":false},"author":2,"featured_media":36772,"comment_status":"closed","ping_status":"closed","sticky":false,"template":"","format":"standard","meta":{"footnotes":""},"categories":[3],"tags":[],"class_list":["post-36771","post","type-post","status-publish","format-standard","has-post-thumbnail","hentry","category-manset"],"views":5,"_links":{"self":[{"href":"https:\/\/mersinkadingazetesi.com\/index.php?rest_route=\/wp\/v2\/posts\/36771"}],"collection":[{"href":"https:\/\/mersinkadingazetesi.com\/index.php?rest_route=\/wp\/v2\/posts"}],"about":[{"href":"https:\/\/mersinkadingazetesi.com\/index.php?rest_route=\/wp\/v2\/types\/post"}],"author":[{"embeddable":true,"href":"https:\/\/mersinkadingazetesi.com\/index.php?rest_route=\/wp\/v2\/users\/2"}],"replies":[{"embeddable":true,"href":"https:\/\/mersinkadingazetesi.com\/index.php?rest_route=%2Fwp%2Fv2%2Fcomments&post=36771"}],"version-history":[{"count":1,"href":"https:\/\/mersinkadingazetesi.com\/index.php?rest_route=\/wp\/v2\/posts\/36771\/revisions"}],"predecessor-version":[{"id":36773,"href":"https:\/\/mersinkadingazetesi.com\/index.php?rest_route=\/wp\/v2\/posts\/36771\/revisions\/36773"}],"wp:featuredmedia":[{"embeddable":true,"href":"https:\/\/mersinkadingazetesi.com\/index.php?rest_route=\/wp\/v2\/media\/36772"}],"wp:attachment":[{"href":"https:\/\/mersinkadingazetesi.com\/index.php?rest_route=%2Fwp%2Fv2%2Fmedia&parent=36771"}],"wp:term":[{"taxonomy":"category","embeddable":true,"href":"https:\/\/mersinkadingazetesi.com\/index.php?rest_route=%2Fwp%2Fv2%2Fcategories&post=36771"},{"taxonomy":"post_tag","embeddable":true,"href":"https:\/\/mersinkadingazetesi.com\/index.php?rest_route=%2Fwp%2Fv2%2Ftags&post=36771"}],"curies":[{"name":"wp","href":"https:\/\/api.w.org\/{rel}","templated":true}]}}