{"id":36774,"date":"2024-11-08T16:09:06","date_gmt":"2024-11-08T13:09:06","guid":{"rendered":"https:\/\/mersinkadingazetesi.com\/?p=36774"},"modified":"2024-11-08T16:09:06","modified_gmt":"2024-11-08T13:09:06","slug":"baskan-yildiz-2025-yilinda-tarima-daha-fazla-butce-ayiracagiz","status":"publish","type":"post","link":"https:\/\/mersinkadingazetesi.com\/?p=36774","title":{"rendered":"BA\u015eKAN YILDIZ: 2025 YILINDA TARIMA DAHA FAZLA B\u00dcT\u00c7E AYIRACA\u011eIZ"},"content":{"rendered":"\n<p>Toroslar Belediye Ba\u015fkan\u0131 Abdurrahman Y\u0131ld\u0131z, \u00e7ift\u00e7ilerle birlikte cennet meyvesi hasad\u0131na kat\u0131ld\u0131. Belediye b\u00fcnyesinde Tar\u0131msal Hizmetler M\u00fcd\u00fcrl\u00fc\u011f\u00fcn\u00fc kurduklar\u0131n\u0131, 2025 y\u0131l\u0131ndan itibaren de tar\u0131ma b\u00fct\u00e7e ay\u0131racaklar\u0131n\u0131 kaydeden Ba\u015fkan Y\u0131ld\u0131z, \u00f6n\u00fcm\u00fczdeki aylarda d\u00fczenleyecekleri Tar\u0131m \u00c7al\u0131\u015ftay\u0131nda da y\u00f6re \u00e7ift\u00e7ilerini bulu\u015fturacaklar\u0131n\u0131 s\u00f6yledi. \u00c7ift\u00e7inin \u00fcretim, depolama ve sat\u0131\u015f a\u015famas\u0131nda desteklenmesi gerekti\u011fine de\u011finen Y\u0131ld\u0131z, &#8220;\u00dcr\u00fcnlerin fiyatlar\u0131n\u0131n belirlenmesinde k\u00f6yl\u00fclerin kendileri s\u00f6z sahibi olmal\u0131. K\u00f6yl\u00fclerimizin \u00fcrettikleri \u00fcr\u00fcnlerin fiyatlar\u0131n\u0131 d\u0131\u015far\u0131dan gelen \u00fc\u00e7\u00fcnc\u00fc \u015fah\u0131slar\u0131n de\u011fil, kendilerinin belirleyebilmesi sa\u011flanmal\u0131. \u00c7ift\u00e7imiz \u00fcretti\u011fi \u00fcr\u00fcn \u00fczerinde s\u00f6z ve karar sahibi olabilmeli&#8221; dedi.<\/p>\n\n\n\n<p>Toroslar Belediye Ba\u015fkan\u0131 Abdurrahman Y\u0131ld\u0131z, Doruklu Mahallesinde cennet meyvesi hasad\u0131na kat\u0131ld\u0131. Bah\u00e7ede \u00e7al\u0131\u015fan i\u015f\u00e7ilerle birlikte meyve toplayan Ba\u015fkan Y\u0131ld\u0131z, bah\u00e7e sahipleriyle, \u00fcretici ve i\u015f\u00e7ilerle sohbet etti, sorunlar\u0131n\u0131 dinledi.<\/p>\n\n\n\n<p>Ba\u015fkan Y\u0131ld\u0131z, cennet meyvesinin \u00fcretim, hasat, depolama ve pazarlama s\u00fcre\u00e7leriyle ilgili de bilgi ald\u0131.<\/p>\n\n\n\n<p><strong>&#8216;TOROSLAR CENNET MEYVES\u0130NDE DE \u0130DD\u0130ALI&#8217;<\/strong><\/p>\n\n\n\n<p>Doruklu Mahallesinin, cennet meyvesi \u00fcretimiyle \u00f6ne \u00e7\u0131kt\u0131\u011f\u0131na de\u011finen Ba\u015fkan Y\u0131ld\u0131z, &#8220;Asl\u0131nda \u00e7ok fazla kamuoyunda bilinmese de Toroslar\u0131m\u0131z\u0131n en \u00f6nemli tar\u0131msal \u00fcr\u00fcnlerinden bir tanesi de cennet meyvesidir. Hakikaten insan\u0131n bakmaya k\u0131yamayaca\u011f\u0131 bu meyvelerin kendi de\u011ferinde sat\u0131ld\u0131\u011f\u0131n\u0131 s\u00f6yleyebilir miyiz? Buna 12 ay boyunca verilen eme\u011fin kar\u015f\u0131l\u0131\u011f\u0131 elde ediliyor mu? O konuda ciddi \u015f\u00fcphelerimiz var. Burada hasada kat\u0131ld\u0131k. K\u00f6yl\u00fc karde\u015flerimizle birlikte cennet meyvesi toplad\u0131k. Onlarla sohbet etme imk\u00e2n\u0131 bulduk, ancak maalesef tar\u0131mda ya\u015fanan problemler k\u00f6y\u00fcm\u00fczde de, mahallemizde de cennet meyvesi \u00fcretimi alan\u0131nda da \u00e7ok ciddi bir \u015fekilde ya\u015fan\u0131yor. Yani 12 ay boyunca neredeyse a\u011fac\u0131n\u0131n dibinde yatan \u00e7ift\u00e7i karde\u015flerimiz bu emeklerinin kar\u015f\u0131l\u0131\u011f\u0131n\u0131 yeteri kadar alam\u0131yorlar&#8221; dedi.<\/p>\n\n\n\n<p><strong>&#8216;TARIM \u00c7ALI\u015eTAYI \u00c7\u0130FT\u00c7\u0130LER\u0130 B\u0130R ARAYA GET\u0130RECEK&#8217;<\/strong><\/p>\n\n\n\n<p>Tar\u0131m\u0131n, ya\u015famsal bir mesele oldu\u011funu, tar\u0131ma stratejik bir temel \u00fczerinden bak\u0131lmas\u0131 gerekti\u011fini vurgulayan Ba\u015fkan Y\u0131ld\u0131z, &#8220;Tar\u0131m, ger\u00e7ekten uzun bir s\u00fcre ihmal edilmi\u015f bir konu. Tar\u0131m\u0131n problemlerini \u00fcretim, depolama ve sat\u0131\u015f a\u015famalar\u0131nda mutlaka yeniden tart\u0131\u015fmam\u0131z gerekiyor. Ancak bu tart\u0131\u015fmalar\u0131 bu \u00fcretimi yapan, cennet meyvesini \u00fcreten yurtta\u015flarla birlikte yapmal\u0131y\u0131z. Sorunun kendisini, sahipleriyle tart\u0131\u015farak bir yan\u0131t ve \u00e7\u00f6z\u00fcm bulmam\u0131z gerekti\u011fi kanaatindeyim. Bu \u00e7er\u00e7evede, Toroslar Belediyesi olarak, Ocak ya da \u015eubat aylar\u0131 i\u00e7erisinde tar\u0131m \u00e7al\u0131\u015ftay\u0131 yapmay\u0131 d\u00fc\u015f\u00fcn\u00fcyoruz. Yani Toroslar&#8217;\u0131n tar\u0131m\u0131n\u0131 bir b\u00fct\u00fcn olarak masaya yat\u0131r\u0131p, bu sorunlar\u0131n \u00fcstesinden nas\u0131l gelebiliriz? Bu sorunlar\u0131n \u00e7\u00f6z\u00fcm\u00fcnde belediyemizin \u00fczerine ne t\u00fcr g\u00f6revler d\u00fc\u015f\u00fcyor ve bunun ne kadar\u0131n\u0131 \u00fcstlenebiliriz? Bu konularda ciddi tart\u0131\u015fmalar yapaca\u011f\u0131z&#8221; ifadelerini kulland\u0131.<\/p>\n\n\n\n<p><strong>&#8216;TARIMA DAHA FAZLA KAYNAK AYIRACA\u011eIZ&#8217;<\/strong><\/p>\n\n\n\n<p>1 Nisan 2024&#8217;te g\u00f6reve se\u00e7ilmelerinin hemen ard\u0131ndan Tar\u0131msal \u015eube M\u00fcd\u00fcrl\u00fc\u011f\u00fcn\u00fc kurduklar\u0131n\u0131 anlatan Ba\u015fkan Y\u0131ld\u0131z, &#8220;2025 y\u0131l\u0131nda tar\u0131m alan\u0131nda daha fazla kaynak ay\u0131rmay\u0131 planl\u0131yoruz. Bu anlamda, k\u00f6yl\u00fclerimizin ihtiya\u00e7lar\u0131n\u0131 daha iyi anlamak ve destek vermek amac\u0131yla, \u00e7al\u0131\u015ftayda \u00e7\u00f6z\u00fcm \u00f6nerilerini birlikte geli\u015ftirmeyi hedefliyoruz. Tar\u0131mda ya\u015fanan aksakl\u0131klar, \u00fcretim s\u00fcrecinde en ba\u015f\u0131ndan itibaren ba\u015fl\u0131yor. \u00dcretim a\u015famas\u0131nda k\u00f6yl\u00fclerimiz, bireysel olarak bir\u00e7ok sorunla kar\u015f\u0131la\u015f\u0131yor. Bunun yan\u0131nda, \u00fcr\u00fcnlerini de\u011ferinin alt\u0131nda satmak zorunda kalmalar\u0131, k\u00f6yl\u00fclerin ge\u00e7imlerini de zorla\u015ft\u0131r\u0131yor. \u0130nsanlar\u0131n do\u011fdu\u011fu yerlerde daha iyi bir ya\u015fam s\u00fcrd\u00fcrebilmeleri i\u00e7in gerekli mekanizmalar\u0131 kurmam\u0131z laz\u0131m. Bunun i\u00e7in, \u00e7ocuklar\u0131n\u0131n e\u011fitimini sa\u011flayabilecek sistemler geli\u015ftirmemiz gerekiyor. K\u00f6yl\u00fclerimizin \u00fcretim a\u015famas\u0131ndaki sorunlar\u0131n\u0131 \u00e7\u00f6z\u00fcmlemek ve onlara uygun destekleri sunmak bizim i\u00e7in \u00f6nemli. B\u00fcy\u00fck\u015fehir Belediyemizin bu alanda sa\u011flam\u0131\u015f oldu\u011fu ciddi destekler var, ama bizler de bu katk\u0131lara devam edece\u011fiz&#8221; dedi.<\/p>\n\n\n\n<p><strong>&#8216;F\u0130YATLARI \u00dcRET\u0130C\u0130 BEL\u0130RLEYEB\u0130LMEL\u0130&#8217;&nbsp;&nbsp;&nbsp;&nbsp;&nbsp;&nbsp;&nbsp;&nbsp;&nbsp;&nbsp;<\/strong><\/p>\n\n\n\n<p>Meyve \u00fcretiminde depolama a\u015famas\u0131n\u0131n da \u00f6nem ta\u015f\u0131d\u0131\u011f\u0131na de\u011finen Ba\u015fkan Y\u0131ld\u0131z s\u00f6zlerini \u015f\u00f6yle s\u00fcrd\u00fcrd\u00fc:<\/p>\n\n\n\n<p>&#8220;Depolama a\u015famas\u0131 da ayr\u0131 bir \u00f6nem ta\u015f\u0131yor. \u00dcr\u00fcnlerimizi yok pahas\u0131na satmamak i\u00e7in etkili depolama ve saklama y\u00f6ntemlerine kafa yormam\u0131z gerekiyor. Bu s\u00fcre\u00e7te, \u00fcr\u00fcnlerimizin de\u011ferini koruyarak elden \u00e7\u0131karmalar\u0131n\u0131 sa\u011flamak \u00e7ok \u00f6nemli.&nbsp; \u00dcr\u00fcnlerin sat\u0131\u015f a\u015famas\u0131nda ise, bu alanda s\u00f6z ve karar sahibi olabilmemiz laz\u0131m. Yani, \u00fcretilen \u00fcr\u00fcnlerin fiyatlar\u0131n\u0131n belirlenmesinde k\u00f6yl\u00fclerin kendileri s\u00f6z sahibi olmal\u0131. Kendi \u00fcr\u00fcnlerinin maliyetlerini ve ya\u015famlar\u0131n\u0131 s\u00fcrd\u00fcrebilmeleri i\u00e7in gereken k\u00e2r\u0131 tan\u0131mlayabilmeleri gerekiyor. Sonu\u00e7 itibar\u0131yla, k\u00f6yl\u00fclerimizin \u00fcrettikleri \u00fcr\u00fcnleri d\u0131\u015far\u0131dan gelen \u00fc\u00e7\u00fcnc\u00fc \u015fah\u0131slar\u0131n belirledi\u011fi fiyatlarla de\u011fil, kendilerinin belirleyebilmesi sa\u011flanmal\u0131.&nbsp; Bu \u015fekilde, tar\u0131m \u00fcr\u00fcn\u00fc satarken \u00f6zellikle maliyetlerini g\u00f6z \u00f6n\u00fcnde bulundurabilecek, kendi haklar\u0131n\u0131 savunabilecek bir yap\u0131ya ula\u015fmalar\u0131 gerekiyor. T\u00fcm bu a\u015famalar\u0131ndaki sorunlar\u0131, k\u00f6yl\u00fclerimizle birlikte ele alarak, onlarla i\u015f birli\u011fi i\u00e7inde \u00e7\u00f6z\u00fcmler geli\u015ftirmeye \u00e7al\u0131\u015faca\u011f\u0131z. \u0130lerleyen s\u00fcre\u00e7te, yapaca\u011f\u0131m\u0131z \u00e7al\u0131\u015ftay ile birlikte \u00e7\u00f6z\u00fcmlerimizi netle\u015ftirerek, tar\u0131msal \u00fcretimimizi s\u00fcrd\u00fcrebilme ad\u0131na gerekli ad\u0131mlar\u0131 atmay\u0131 umuyoruz. Ben, bu vesileyle cennet meyvesi \u00fcreticilerine, t\u00fcm \u00fcreticilerimize ve tar\u0131m alan\u0131nda de\u011ferli emek veren vatanda\u015flar\u0131m\u0131za tekrar te\u015fekk\u00fcr ediyorum.&#8221;<\/p>\n\n\n\n<p>Daha sonra konu\u015fan Doruklu Mahallesi Muhtar\u0131 Ahmet Alt\u0131n, \u00e7ift\u00e7ilerin ya\u015fad\u0131\u011f\u0131 zorluklara de\u011finerek, kendilerini yaln\u0131z b\u0131rakmayan Toroslar Belediye Ba\u015fkan\u0131 Abdurrahman Y\u0131ld\u0131z&#8217;a te\u015fekk\u00fcr etti. Muhtar Alt\u0131n, &#8220;Kas\u0131m ay\u0131nda hasat d\u00f6nemi ba\u015fl\u0131yor. 20 g\u00fcn sonra budamas\u0131 yap\u0131lacak. \u00c7ift\u00e7ilerimiz, bir y\u0131l boyunca emek veriyorlar. Her zaman yan\u0131m\u0131zda olan ba\u015fkan\u0131m\u0131za te\u015fekk\u00fcr ediyoruz&#8221; ifadelerini kulland\u0131.<\/p>\n\n\n\n<p>Toroslar Muhtarlar Derne\u011fi Ba\u015fkan\u0131 Ali Y\u0131lmaz da \u00e7ift\u00e7ilerin s\u00fcrekli desteklenmesi gerekti\u011fini vurgulayarak, &#8220;Doruklu&#8217;da Belediye Ba\u015fkan\u0131m\u0131z ve \u00fcretici karde\u015flerimizle hurma hasad\u0131na kat\u0131ld\u0131k. Vatanda\u015flar\u0131m\u0131z\u0131n bu \u00fcr\u00fcnlerden alarak \u00e7ift\u00e7ilere destek vermelerini istiyoruz&#8221; diye konu\u015ftu.<\/p>\n","protected":false},"excerpt":{"rendered":"<p>Toroslar Belediye Ba\u015fkan\u0131 Abdurrahman Y\u0131ld\u0131z, \u00e7ift\u00e7ilerle birlikte cennet meyvesi hasad\u0131na kat\u0131ld\u0131. Belediye b\u00fcnyesinde Tar\u0131msal Hizmetler M\u00fcd\u00fcrl\u00fc\u011f\u00fcn\u00fc kurduklar\u0131n\u0131, 2025 y\u0131l\u0131ndan itibaren de tar\u0131ma b\u00fct\u00e7e ay\u0131racaklar\u0131n\u0131 kaydeden Ba\u015fkan Y\u0131ld\u0131z, \u00f6n\u00fcm\u00fczdeki aylarda d\u00fczenleyecekleri Tar\u0131m \u00c7al\u0131\u015ftay\u0131nda da y\u00f6re \u00e7ift\u00e7ilerini bulu\u015fturacaklar\u0131n\u0131 s\u00f6yledi. \u00c7ift\u00e7inin \u00fcretim, depolama ve sat\u0131\u015f a\u015famas\u0131nda desteklenmesi gerekti\u011fine de\u011finen Y\u0131ld\u0131z, &#8220;\u00dcr\u00fcnlerin fiyatlar\u0131n\u0131n belirlenmesinde k\u00f6yl\u00fclerin kendileri s\u00f6z sahibi olmal\u0131. [&hellip;]<\/p>\n","protected":false},"author":2,"featured_media":36775,"comment_status":"closed","ping_status":"closed","sticky":false,"template":"","format":"standard","meta":{"footnotes":""},"categories":[8,3,5],"tags":[],"class_list":["post-36774","post","type-post","status-publish","format-standard","has-post-thumbnail","hentry","category-ekonomi","category-manset","category-mersin"],"views":13,"_links":{"self":[{"href":"https:\/\/mersinkadingazetesi.com\/index.php?rest_route=\/wp\/v2\/posts\/36774"}],"collection":[{"href":"https:\/\/mersinkadingazetesi.com\/index.php?rest_route=\/wp\/v2\/posts"}],"about":[{"href":"https:\/\/mersinkadingazetesi.com\/index.php?rest_route=\/wp\/v2\/types\/post"}],"author":[{"embeddable":true,"href":"https:\/\/mersinkadingazetesi.com\/index.php?rest_route=\/wp\/v2\/users\/2"}],"replies":[{"embeddable":true,"href":"https:\/\/mersinkadingazetesi.com\/index.php?rest_route=%2Fwp%2Fv2%2Fcomments&post=36774"}],"version-history":[{"count":1,"href":"https:\/\/mersinkadingazetesi.com\/index.php?rest_route=\/wp\/v2\/posts\/36774\/revisions"}],"predecessor-version":[{"id":36776,"href":"https:\/\/mersinkadingazetesi.com\/index.php?rest_route=\/wp\/v2\/posts\/36774\/revisions\/36776"}],"wp:featuredmedia":[{"embeddable":true,"href":"https:\/\/mersinkadingazetesi.com\/index.php?rest_route=\/wp\/v2\/media\/36775"}],"wp:attachment":[{"href":"https:\/\/mersinkadingazetesi.com\/index.php?rest_route=%2Fwp%2Fv2%2Fmedia&parent=36774"}],"wp:term":[{"taxonomy":"category","embeddable":true,"href":"https:\/\/mersinkadingazetesi.com\/index.php?rest_route=%2Fwp%2Fv2%2Fcategories&post=36774"},{"taxonomy":"post_tag","embeddable":true,"href":"https:\/\/mersinkadingazetesi.com\/index.php?rest_route=%2Fwp%2Fv2%2Ftags&post=36774"}],"curies":[{"name":"wp","href":"https:\/\/api.w.org\/{rel}","templated":true}]}}