{"id":36777,"date":"2024-11-08T16:11:29","date_gmt":"2024-11-08T13:11:29","guid":{"rendered":"https:\/\/mersinkadingazetesi.com\/?p=36777"},"modified":"2024-11-08T16:11:30","modified_gmt":"2024-11-08T13:11:30","slug":"cakir-ascame-ile-akdenizi-birlikte-planliyoruz","status":"publish","type":"post","link":"https:\/\/mersinkadingazetesi.com\/?p=36777","title":{"rendered":"\u00c7ak\u0131r: \u201cASCAME ile Akdeniz\u2019i birlikte planl\u0131yoruz\u201d"},"content":{"rendered":"\n<p>Akdeniz\u2019de k\u0131y\u0131s\u0131 buluna 23 \u00fclke ve 300\u2019\u00fcn \u00fcst\u00fcnde ticaret ve sanayi odas\u0131n\u0131n olu\u015fturdu\u011fu uluslararas\u0131 bir olu\u015fum olan Akdeniz Ticaret ve Sanayi Odalar\u0131 Birli\u011fi\u2019nin (ASCAME) &nbsp;referans etkinli\u011fi haline gelen Meda Week \u0130\u015f Forumu, \u0130spanya\u2019n\u0131n Barselona kentinde d\u00fczenlendi. Barselona Ticaret ve Sanayi Odas\u0131 ve ASCAME ev sahipli\u011findeki etkinli\u011fe Mersin Ticaret ve Sanayi Odas\u0131 (MTSO) Y\u00f6netim Kurulu Ba\u015fkan\u0131 ve ASCAME ICT Komisyonu Ba\u015fkan\u0131 Hakan Sefa \u00c7ak\u0131r\u2019\u0131n yan\u0131 s\u0131ra Akdeniz kentlerinin ticaret ve sanayi odalar\u0131, i\u015f STK\u2019lar\u0131, \u00f6zel sekt\u00f6r ve \u00fclkelerin kamu temsilcileri yan\u0131nda, Akdeniz havzas\u0131n\u0131n limanlar\u0131n\u0131n, serbest b\u00f6lge ve yerel y\u00f6netimlerinin temsilcileri kat\u0131ld\u0131. Akdeniz kentleriyle bu kentlerin ticaret ve sanayi odalar\u0131n\u0131n i\u015fbirli\u011fini art\u0131rmay\u0131, Akdeniz ekonomisinin geli\u015fimini hedefleyen etkinlik, ikili g\u00f6r\u00fc\u015fmelerin de yap\u0131ld\u0131\u011f\u0131 \u00f6zel networking toplant\u0131lar\u0131yla iki g\u00fcn s\u00fcrd\u00fc.&nbsp;<br>Meda Week \u0130\u015f Forumu\u2019nda g\u00fcncel ekonomik ve siyasal durum tespiti yap\u0131lmas\u0131n\u0131n ard\u0131ndan, toplant\u0131lar Akdeniz Dijital Forumu ile Akdeniz \u00fclkelerinin ve kentlerinin ba\u015fta yapay zeka olmak \u00fczere dijital d\u00fcnyaya entegrasyonu, Akdeniz kentleriyle Afrika i\u015f birli\u011fi f\u0131rsatlar\u0131, yenilik\u00e7i kentler, Akdeniz turizmini yeniden d\u00fc\u015f\u00fcnmek, yarat\u0131c\u0131 ekonomiler-spor ve sanat gibi temel oturum konular\u0131yla devam etti.&nbsp;<\/p>\n\n\n\n<p><strong>\u201cMTSO, uluslararas\u0131 k\u00f6pr\u00fcler kurmaya devam ediyor\u201d<\/strong><br>MTSO Y\u00f6netim Kurulu Ba\u015fkan\u0131 Hakan Sefa \u00c7ak\u0131r, ASCAME \u2013ICT Komisyonu Ba\u015fkan\u0131 olarak kat\u0131ld\u0131\u011f\u0131 Meda Week \u0130\u015f Forumu hakk\u0131nda yapt\u0131\u011f\u0131 a\u00e7\u0131klamada, ASCAME\u2019nin dev bir a\u011f oldu\u011funu hat\u0131rlatt\u0131. Mersin i\u015f d\u00fcnyas\u0131 olarak bu b\u00fcy\u00fck uluslararas\u0131 a\u011fa katk\u0131 vererek Akdeniz\u2019de yeni i\u015fbirliklerinin, bar\u0131\u015f\u0131n ve huzurun olu\u015fmas\u0131na katk\u0131 verdiklerini vurgulayan \u00c7ak\u0131r, bu katk\u0131n\u0131n takdir edildi\u011fini ifade etti.&nbsp;<br>ASCAME\u2019nin Mersin i\u00e7in \u00f6nemine dikkat \u00e7eken \u00c7ak\u0131r, \u015funlar\u0131 s\u00f6yledi:<br>\u201cAkdeniz \u00fc\u00e7 k\u0131tay\u0131 birle\u015ftiren bir deniz ve bu havzada yap\u0131lacak i\u015f birlikleri \u00e7ok \u00f6nemli. T\u00fcrkiye de Akdeniz\u2019in en \u00f6nemli \u00fclkelerinden biri. Mersin olarak en b\u00fcy\u00fck liman kentlerindeniz. ASCAME\u2019yle 22 \u00fclkeyle 300 ticaret ve sanayi odas\u0131yla ileti\u015fim kurabilme imkan\u0131n\u0131 buluyoruz. Sadece bu toplant\u0131yla \u0130spanya\u2019n\u0131n limon ba\u015fkenti Murcia ile g\u00f6r\u00fc\u015fmelere ba\u015flad\u0131k. M\u0131s\u0131r ve Fas\u2019\u0131 da dahil ederek narenciye konusunda ortak hareket etme olas\u0131l\u0131klar\u0131n\u0131 konu\u015ftuk. Akdeniz Havzas\u0131n\u0131n ekonomisi KOB\u0130\u2019lere dayan\u0131yor. Bu anlamda ASCAME ile k\u00fcresel iklim de\u011fi\u015fimine uyumdan, sekt\u00f6rlerin dijitalle\u015fmesine, tar\u0131mdan, lojistikten, &nbsp;turizm ve sanayiye kadar bir\u00e7ok konuda AB fonlar\u0131ndan da yararlanarak ortak projeler geli\u015ftirme ekiplerinin i\u00e7indeyiz. Mersin, ASCAME\u2019de bir izleyici ve kat\u0131l\u0131mc\u0131 konumunda de\u011fil, tam aksine komisyon ba\u015fkanl\u0131klar\u0131 yapan, karar masalar\u0131nda \u00f6nerileri dinlenen bir Oda haline gelmi\u015ftir. Mersin Ticaret ve Sanayi Odas\u0131 olarak amac\u0131m\u0131z, birincil anlamda ekonomik katk\u0131lar sa\u011flamak olsa da, bunun yan\u0131 s\u0131ra ASCAME\u2019nin g\u00fcc\u00fcn\u00fc etkin kullanarak kentimizin liman\u0131ndan serbest b\u00f6lgesine, \u00fcniversitelerinden teknoparklar\u0131na, OSB\u2019lerinden yenilik merkezlerine, yerel y\u00f6netimlerinden k\u00fclt\u00fcr sanat kurumlar\u0131na kadar 22 \u00fclkedeki e\u015f de\u011fer kurumlarla kendi kurumlar\u0131m\u0131za k\u00f6pr\u00fc olmak ve b\u00fct\u00fcnsel anlamda kentimize katk\u0131 sunmakt\u0131r. Mersin Ticaret ve Sanayi Odas\u0131 olarak Mersin i\u015f d\u00fcnyas\u0131n\u0131 ve Mersin\u2019i d\u00fcnyaya ba\u011flamaya, k\u00f6pr\u00fcler kurmaya devam edece\u011fiz.\u201d&nbsp;<\/p>\n","protected":false},"excerpt":{"rendered":"<p>Akdeniz\u2019de k\u0131y\u0131s\u0131 buluna 23 \u00fclke ve 300\u2019\u00fcn \u00fcst\u00fcnde ticaret ve sanayi odas\u0131n\u0131n olu\u015fturdu\u011fu uluslararas\u0131 bir olu\u015fum olan Akdeniz Ticaret ve Sanayi Odalar\u0131 Birli\u011fi\u2019nin (ASCAME) &nbsp;referans etkinli\u011fi haline gelen Meda Week \u0130\u015f Forumu, \u0130spanya\u2019n\u0131n Barselona kentinde d\u00fczenlendi. Barselona Ticaret ve Sanayi Odas\u0131 ve ASCAME ev sahipli\u011findeki etkinli\u011fe Mersin Ticaret ve Sanayi Odas\u0131 (MTSO) Y\u00f6netim Kurulu Ba\u015fkan\u0131 [&hellip;]<\/p>\n","protected":false},"author":2,"featured_media":36778,"comment_status":"closed","ping_status":"closed","sticky":false,"template":"","format":"standard","meta":{"footnotes":""},"categories":[3],"tags":[],"class_list":["post-36777","post","type-post","status-publish","format-standard","has-post-thumbnail","hentry","category-manset"],"views":5,"_links":{"self":[{"href":"https:\/\/mersinkadingazetesi.com\/index.php?rest_route=\/wp\/v2\/posts\/36777"}],"collection":[{"href":"https:\/\/mersinkadingazetesi.com\/index.php?rest_route=\/wp\/v2\/posts"}],"about":[{"href":"https:\/\/mersinkadingazetesi.com\/index.php?rest_route=\/wp\/v2\/types\/post"}],"author":[{"embeddable":true,"href":"https:\/\/mersinkadingazetesi.com\/index.php?rest_route=\/wp\/v2\/users\/2"}],"replies":[{"embeddable":true,"href":"https:\/\/mersinkadingazetesi.com\/index.php?rest_route=%2Fwp%2Fv2%2Fcomments&post=36777"}],"version-history":[{"count":1,"href":"https:\/\/mersinkadingazetesi.com\/index.php?rest_route=\/wp\/v2\/posts\/36777\/revisions"}],"predecessor-version":[{"id":36779,"href":"https:\/\/mersinkadingazetesi.com\/index.php?rest_route=\/wp\/v2\/posts\/36777\/revisions\/36779"}],"wp:featuredmedia":[{"embeddable":true,"href":"https:\/\/mersinkadingazetesi.com\/index.php?rest_route=\/wp\/v2\/media\/36778"}],"wp:attachment":[{"href":"https:\/\/mersinkadingazetesi.com\/index.php?rest_route=%2Fwp%2Fv2%2Fmedia&parent=36777"}],"wp:term":[{"taxonomy":"category","embeddable":true,"href":"https:\/\/mersinkadingazetesi.com\/index.php?rest_route=%2Fwp%2Fv2%2Fcategories&post=36777"},{"taxonomy":"post_tag","embeddable":true,"href":"https:\/\/mersinkadingazetesi.com\/index.php?rest_route=%2Fwp%2Fv2%2Ftags&post=36777"}],"curies":[{"name":"wp","href":"https:\/\/api.w.org\/{rel}","templated":true}]}}