{"id":36780,"date":"2024-11-10T09:54:25","date_gmt":"2024-11-10T06:54:25","guid":{"rendered":"https:\/\/mersinkadingazetesi.com\/?p=36780"},"modified":"2024-11-10T09:54:25","modified_gmt":"2024-11-10T06:54:25","slug":"kariyer-merkezinden-universite-ogrencilerine-linkedln-egitimi","status":"publish","type":"post","link":"https:\/\/mersinkadingazetesi.com\/?p=36780","title":{"rendered":"KAR\u0130YER MERKEZ\u0130&#8217;NDEN \u00dcN\u0130VERS\u0130TE \u00d6\u011eRENC\u0130LER\u0130NE &#8216;L\u0130NKEDlN E\u011e\u0130T\u0130M\u0130&#8217;"},"content":{"rendered":"\n<p>Mersin B\u00fcy\u00fck\u015fehir Belediyesi Kariyer Merkezi, \u00fcniversite \u00f6\u011frencilerinin kariyer planlamalar\u0131na ve istihdam edilebilirliklerine katk\u0131 sa\u011flamak amac\u0131yla s\u00fcrd\u00fcrd\u00fc\u011f\u00fc \u00e7al\u0131\u015fmalar\u0131na, h\u0131z kesmeden devam ediyor. Bu kapsamda Kariyer Merkezi, Mersin \u00dcniversitesi&#8217;nde d\u00fczenledi\u011fi&nbsp;<strong><em>&#8216;Dijital \u00c7a\u011fda \u0130\u015f Arama Kanallar\u0131 ve Linkedln E\u011fitimi&#8217;<\/em><\/strong>ile \u00f6\u011frencilerle bulu\u015ftu.<\/p>\n\n\n\n<p>Mersin \u00dcniversitesi Kamu Denet\u00e7ili\u011fi Toplulu\u011fu ve Ekonomi Toplulu\u011fu i\u015f birli\u011finde Prof. Dr. U\u011fur Oral K\u00fclt\u00fcr Merkezi&#8217;nde ger\u00e7ekle\u015ftirilen e\u011fitim, \u00fcniversite \u00f6\u011frencilerinden b\u00fcy\u00fck ilgi g\u00f6rd\u00fc.<\/p>\n\n\n\n<p>Kariyer Merkezi, \u00f6\u011frencilere y\u00f6nelik sundu\u011fu rehberlik ve dan\u0131\u015fmanl\u0131k hizmetleriyle gen\u00e7lerin i\u015f g\u00fcc\u00fc piyasas\u0131na daha donan\u0131ml\u0131 ve haz\u0131rl\u0131kl\u0131 bir \u015fekilde kat\u0131lmalar\u0131n\u0131 hedefliyor. \u0130\u015f arama becerileri, \u00f6zge\u00e7mi\u015f haz\u0131rlama ve m\u00fclakat teknikleri gibi \u00f6nemli e\u011fitimlerin yan\u0131 s\u0131ra; profesyonel y\u00f6neticiler ve kurumsal firmalarla network olu\u015fturma f\u0131rsatlar\u0131 da sunarak, \u00f6\u011frencilerin kariyer yolculu\u011funda g\u00fc\u00e7l\u00fc bir destek sa\u011fl\u0131yor.<\/p>\n\n\n\n<p><strong>Linkedln e\u011fitimi b\u00fcy\u00fck ilgi g\u00f6rd\u00fc<\/strong><\/p>\n\n\n\n<p>Prof. Dr. H\u00fcseyin Mualla Y\u00fcceol&#8217;un a\u00e7\u0131l\u0131\u015f konu\u015fmas\u0131yla ba\u015flayan program, Kamu Denet\u00e7ili\u011fi Toplulu\u011fu Ba\u015fkan\u0131 Kahraman Y\u0131ld\u0131r\u0131m&#8217;\u0131n konu\u015fmas\u0131yla devam etti.<\/p>\n\n\n\n<p>Mersin B\u00fcy\u00fck\u015fehir Belediyesi Kariyer Dan\u0131\u015fman\u0131 Berkant Altunay taraf\u0131ndan yap\u0131lan sunumda;&nbsp;<strong><em>&#8216;Dijital \u00c7a\u011fda \u0130\u015f Arama Kanallar\u0131 ve Linkedln E\u011fitimi&#8217;<\/em><\/strong>nde&nbsp;dijitalle\u015fen i\u015f s\u00fcre\u00e7lerinin \u00f6nemi vurguland\u0131. E\u011fitimde ayr\u0131ca, i\u015f arama s\u00fcrecinde dijital kanallar\u0131n etkisi ve profesyonel bir \u015fekilde dijital profil olu\u015fturman\u0131n gereklili\u011fi \u00fczerinde duruldu. \u00d6\u011frencilerin dijital d\u00fcnyada nas\u0131l etkili bir \u015fekilde yer alabilecekleri ve i\u015f arama s\u00fcre\u00e7lerinde teknolojiyi nas\u0131l kullanabilecekleri hakk\u0131nda bilgilendirme yap\u0131ld\u0131.<\/p>\n\n\n\n<p>Mersin B\u00fcy\u00fck\u015fehir Belediyesi Kariyer Merkezi taraf\u0131ndan, Denizk\u0131z\u0131 Turizm A.\u015e. b\u00fcnyesindeki kafelerde sunulan yar\u0131 zamanl\u0131 i\u015f f\u0131rsatlar\u0131 hakk\u0131nda da \u00f6\u011frencilere bilgilendirme yap\u0131ld\u0131. Yar\u0131 zamanl\u0131 \u00e7al\u0131\u015fma programlar\u0131n\u0131n, \u00f6\u011frencilerin mesleki geli\u015fimlerine ve i\u015f hayat\u0131na adaptasyon s\u00fcre\u00e7lerine sa\u011flad\u0131\u011f\u0131 katk\u0131lar vurguland\u0131.<\/p>\n\n\n\n<p><strong>Kariyer Merkezi, gen\u00e7lerin daima yan\u0131nda<\/strong><\/p>\n\n\n\n<p>Mersin B\u00fcy\u00fck\u015fehir Belediyesi Kariyer Merkezi M\u00fcd\u00fcr\u00fc Serkan \u00d6zada,&nbsp;<strong><em>&#8216;Dijital \u00c7a\u011fda \u0130\u015f Arama Kanallar\u0131 ve Linkedln E\u011fitimi&#8217;<\/em><\/strong>nin, yeni akademik d\u00f6nem i\u00e7in haz\u0131rlad\u0131klar\u0131 e\u011fitim mod\u00fcllerinden biri oldu\u011funu ve gelecekte \u00fcniversite \u00f6\u011frencilerinin giri\u015fimcilik yeteneklerini geli\u015ftirmeye y\u00f6nelik projeler \u00fczerinde \u00e7al\u0131\u015ft\u0131klar\u0131n\u0131 dile getirdi. \u00d6\u011frenci kul\u00fcplerinin etkinlik yapabilece\u011fi sosyal alanlar olu\u015fturma hedeflerinin de oldu\u011funu belirten \u00d6zada, Kariyer Merkezi&#8217;nin her zaman \u00f6\u011frencilerin yan\u0131nda oldu\u011funu vurgulad\u0131.<\/p>\n","protected":false},"excerpt":{"rendered":"<p>Mersin B\u00fcy\u00fck\u015fehir Belediyesi Kariyer Merkezi, \u00fcniversite \u00f6\u011frencilerinin kariyer planlamalar\u0131na ve istihdam edilebilirliklerine katk\u0131 sa\u011flamak amac\u0131yla s\u00fcrd\u00fcrd\u00fc\u011f\u00fc \u00e7al\u0131\u015fmalar\u0131na, h\u0131z kesmeden devam ediyor. Bu kapsamda Kariyer Merkezi, Mersin \u00dcniversitesi&#8217;nde d\u00fczenledi\u011fi&nbsp;&#8216;Dijital \u00c7a\u011fda \u0130\u015f Arama Kanallar\u0131 ve Linkedln E\u011fitimi&#8217;ile \u00f6\u011frencilerle bulu\u015ftu. Mersin \u00dcniversitesi Kamu Denet\u00e7ili\u011fi Toplulu\u011fu ve Ekonomi Toplulu\u011fu i\u015f birli\u011finde Prof. Dr. U\u011fur Oral K\u00fclt\u00fcr Merkezi&#8217;nde ger\u00e7ekle\u015ftirilen e\u011fitim, [&hellip;]<\/p>\n","protected":false},"author":2,"featured_media":36781,"comment_status":"closed","ping_status":"closed","sticky":false,"template":"","format":"standard","meta":{"footnotes":""},"categories":[3],"tags":[],"class_list":["post-36780","post","type-post","status-publish","format-standard","has-post-thumbnail","hentry","category-manset"],"views":7,"_links":{"self":[{"href":"https:\/\/mersinkadingazetesi.com\/index.php?rest_route=\/wp\/v2\/posts\/36780"}],"collection":[{"href":"https:\/\/mersinkadingazetesi.com\/index.php?rest_route=\/wp\/v2\/posts"}],"about":[{"href":"https:\/\/mersinkadingazetesi.com\/index.php?rest_route=\/wp\/v2\/types\/post"}],"author":[{"embeddable":true,"href":"https:\/\/mersinkadingazetesi.com\/index.php?rest_route=\/wp\/v2\/users\/2"}],"replies":[{"embeddable":true,"href":"https:\/\/mersinkadingazetesi.com\/index.php?rest_route=%2Fwp%2Fv2%2Fcomments&post=36780"}],"version-history":[{"count":1,"href":"https:\/\/mersinkadingazetesi.com\/index.php?rest_route=\/wp\/v2\/posts\/36780\/revisions"}],"predecessor-version":[{"id":36782,"href":"https:\/\/mersinkadingazetesi.com\/index.php?rest_route=\/wp\/v2\/posts\/36780\/revisions\/36782"}],"wp:featuredmedia":[{"embeddable":true,"href":"https:\/\/mersinkadingazetesi.com\/index.php?rest_route=\/wp\/v2\/media\/36781"}],"wp:attachment":[{"href":"https:\/\/mersinkadingazetesi.com\/index.php?rest_route=%2Fwp%2Fv2%2Fmedia&parent=36780"}],"wp:term":[{"taxonomy":"category","embeddable":true,"href":"https:\/\/mersinkadingazetesi.com\/index.php?rest_route=%2Fwp%2Fv2%2Fcategories&post=36780"},{"taxonomy":"post_tag","embeddable":true,"href":"https:\/\/mersinkadingazetesi.com\/index.php?rest_route=%2Fwp%2Fv2%2Ftags&post=36780"}],"curies":[{"name":"wp","href":"https:\/\/api.w.org\/{rel}","templated":true}]}}