{"id":36786,"date":"2024-11-10T09:57:02","date_gmt":"2024-11-10T06:57:02","guid":{"rendered":"https:\/\/mersinkadingazetesi.com\/?p=36786"},"modified":"2024-11-10T09:57:03","modified_gmt":"2024-11-10T06:57:03","slug":"buyuksehir-belediyesi-cocuk-gelisim-merkezi-ogrencileri-ataturku-andi","status":"publish","type":"post","link":"https:\/\/mersinkadingazetesi.com\/?p=36786","title":{"rendered":"B\u00dcY\u00dcK\u015eEH\u0130R BELED\u0130YES\u0130 \u00c7OCUK GEL\u0130\u015e\u0130M MERKEZ\u0130 \u00d6\u011eRENC\u0130LER\u0130 ATAT\u00dcRK&#8217;\u00dc ANDI"},"content":{"rendered":"\n<p>Mersin B\u00fcy\u00fck\u015fehir Belediyesi Kad\u0131n ve Aile Hizmetleri Dairesi Ba\u015fkanl\u0131\u011f\u0131 b\u00fcnyesinde yer alan \u00c7ocuk Gli\u015fim merkezleri&#8217;nde,&nbsp;<strong>&#8217;10 Kas\u0131m Atat\u00fcrk&#8217;\u00fc Anma G\u00fcn\u00fc&#8217;<\/strong>&nbsp;dolay\u0131s\u0131yla Ulu \u00d6nder Gazi Mustafa Kemal Atat\u00fcrk&#8217;\u00fc anma program\u0131 d\u00fczenlendi.<\/p>\n\n\n\n<p>Ger\u00e7ekle\u015ftirilen anma program\u0131nda minikler; T\u00fcrkiye Cumhuriyeti&#8217;nin kurucusu Gazi Mustafa Kemal Atat\u00fcrk&#8217;\u00fc sevgi, sayg\u0131 ve minnetle and\u0131. 36-72 ay aral\u0131\u011f\u0131ndaki \u00f6\u011frenciler ilk olarak sayg\u0131 duru\u015funda bulundu, ard\u0131ndan ise ezberledikleri \u0130stiklal Mar\u015f\u0131&#8217;n\u0131 okudular. \u015eiirler okuyup, resimler haz\u0131rlayan minikler, temsili olarak haz\u0131rlanan An\u0131tkabir maketine de karanfiller b\u0131rakt\u0131lar.<\/p>\n\n\n\n<p><strong>\u00d6zdemir: &#8220;Ata&#8217;m\u0131z\u0131 \u00f6zlem ve rahmetle an\u0131yoruz&#8221;<\/strong><\/p>\n\n\n\n<p>M\u00fcnir \u00d6zkul \u00c7ocuk Geli\u015fim Merkezi \u00d6\u011fretmeni Tu\u011fba \u0130dikurt \u00d6zdemir, \u00e7ocuklarla g\u00fcn\u00fcn anlam ve \u00f6nemine uygun bir\u00e7ok etkinlik ger\u00e7ekle\u015ftirdiklerini anlatarak,&nbsp;<strong>&#8220;Sanat ve motor geli\u015fimi destekleyici etkinlikler ger\u00e7ekle\u015ftirdik. Ata&#8217;m\u0131z\u0131n hayat\u0131 ile ilgili sohbet edip, bilgiler kazand\u0131rd\u0131k. \u015eiirimizi, dans\u0131m\u0131z\u0131 \u00e7al\u0131\u015ft\u0131k ve bug\u00fcn de Ata&#8217;m\u0131z\u0131 \u00f6zlem ve rahmetle an\u0131yoruz. Atat\u00fcrk, \u00e7ocuklar\u0131 gelece\u011fin \u0131\u015f\u0131\u011f\u0131 olarak g\u00f6r\u00fcyordu, bu y\u00fczden Cumhuriyeti gen\u00e7 nesillere emanet etti. \u00c7ocuklar\u0131m\u0131z\u0131; d\u00fc\u015f\u00fcnen, sorgulayan, \u00f6zg\u00fcr bireyler olarak yeti\u015ftirme sorumlulu\u011fu bilincindeyiz. Atat\u00fcrk&#8217;\u00fcn hat\u0131ras\u0131n\u0131 anarken, O&#8217;nun bize verdi\u011fi g\u00f6revleri yeniden hat\u0131rl\u0131yor ve \u00e7ocuklar\u0131m\u0131za bu y\u00f6nde e\u011fitim vermeye, onun ilke ve ink\u0131laplar\u0131n\u0131 ya\u015fatmay\u0131 ama\u00e7l\u0131yoruz. Atat\u00fcrk&#8217;\u00fcn izinde, Cumhuriyeti daima ileriye ta\u015f\u0131mak ve \u00e7ocuklar\u0131m\u0131za daha iyi bir gelecek sunmak i\u00e7in, B\u00fcy\u00fck\u015fehir Belediyesi \u00c7ocuk Geli\u015fim Merkezleri olarak var g\u00fcc\u00fcm\u00fczle \u00e7al\u0131\u015fmaya devam edece\u011fiz&#8221;<\/strong>&nbsp;dedi.<\/p>\n\n\n\n<p><strong>&#8220;Atat\u00fcrk&#8217;\u00fc \u00e7ok seviyoruz&#8221;<\/strong><\/p>\n\n\n\n<p>M\u00fcnir \u00d6zkul \u00c7ocuk Geli\u015fim Merkezi \u00f6\u011frencilerinden Didar Ye\u011fen,&nbsp;<strong>&#8220;Atat\u00fcrk&#8217;\u00fc and\u0131k. Atat\u00fcrk&#8217;\u00fc \u00e7ok seviyoruz. Onun i\u00e7in \u015fiirler okuduk. Resmine karanfil b\u0131rakt\u0131k. Atat\u00fcrk&#8217;\u00fc \u00f6zl\u00fcyorum&#8221;<\/strong>&nbsp;dedi.<\/p>\n\n\n\n<p>Miniklerden Alya Dalg\u0131\u00e7,&nbsp;<strong>&#8220;Atat\u00fcrk&#8217;\u00fc anlamak i\u00e7in buraday\u0131z. Resimler yapt\u0131k. \u015eiirler okuduk. \u0130stiklal Mar\u015f\u0131 okuduk. Atat\u00fcrk&#8217;e resim yapt\u0131k. Ata&#8217;m\u0131z\u0131 \u00e7ok seviyorum&#8221;<\/strong>&nbsp;diye konu\u015ftu.<\/p>\n\n\n\n<p>Kayra G\u00fcney ise,&nbsp;<strong>&#8220;Atat\u00fcrk i\u00e7in resim yapt\u0131k. Atat\u00fcrk i\u00e7in \u015fiir okuduk. Ata&#8217;m\u0131z\u0131 \u00e7ok seviyoruz. \u0130stiklal Mar\u015f\u0131 okudum&#8221;<\/strong>&nbsp;ifadelerine yer verdi.<\/p>\n","protected":false},"excerpt":{"rendered":"<p>Mersin B\u00fcy\u00fck\u015fehir Belediyesi Kad\u0131n ve Aile Hizmetleri Dairesi Ba\u015fkanl\u0131\u011f\u0131 b\u00fcnyesinde yer alan \u00c7ocuk Gli\u015fim merkezleri&#8217;nde,&nbsp;&#8217;10 Kas\u0131m Atat\u00fcrk&#8217;\u00fc Anma G\u00fcn\u00fc&#8217;&nbsp;dolay\u0131s\u0131yla Ulu \u00d6nder Gazi Mustafa Kemal Atat\u00fcrk&#8217;\u00fc anma program\u0131 d\u00fczenlendi. Ger\u00e7ekle\u015ftirilen anma program\u0131nda minikler; T\u00fcrkiye Cumhuriyeti&#8217;nin kurucusu Gazi Mustafa Kemal Atat\u00fcrk&#8217;\u00fc sevgi, sayg\u0131 ve minnetle and\u0131. 36-72 ay aral\u0131\u011f\u0131ndaki \u00f6\u011frenciler ilk olarak sayg\u0131 duru\u015funda bulundu, ard\u0131ndan ise [&hellip;]<\/p>\n","protected":false},"author":2,"featured_media":36787,"comment_status":"closed","ping_status":"closed","sticky":false,"template":"","format":"standard","meta":{"footnotes":""},"categories":[3],"tags":[],"class_list":["post-36786","post","type-post","status-publish","format-standard","has-post-thumbnail","hentry","category-manset"],"views":2,"_links":{"self":[{"href":"https:\/\/mersinkadingazetesi.com\/index.php?rest_route=\/wp\/v2\/posts\/36786"}],"collection":[{"href":"https:\/\/mersinkadingazetesi.com\/index.php?rest_route=\/wp\/v2\/posts"}],"about":[{"href":"https:\/\/mersinkadingazetesi.com\/index.php?rest_route=\/wp\/v2\/types\/post"}],"author":[{"embeddable":true,"href":"https:\/\/mersinkadingazetesi.com\/index.php?rest_route=\/wp\/v2\/users\/2"}],"replies":[{"embeddable":true,"href":"https:\/\/mersinkadingazetesi.com\/index.php?rest_route=%2Fwp%2Fv2%2Fcomments&post=36786"}],"version-history":[{"count":1,"href":"https:\/\/mersinkadingazetesi.com\/index.php?rest_route=\/wp\/v2\/posts\/36786\/revisions"}],"predecessor-version":[{"id":36788,"href":"https:\/\/mersinkadingazetesi.com\/index.php?rest_route=\/wp\/v2\/posts\/36786\/revisions\/36788"}],"wp:featuredmedia":[{"embeddable":true,"href":"https:\/\/mersinkadingazetesi.com\/index.php?rest_route=\/wp\/v2\/media\/36787"}],"wp:attachment":[{"href":"https:\/\/mersinkadingazetesi.com\/index.php?rest_route=%2Fwp%2Fv2%2Fmedia&parent=36786"}],"wp:term":[{"taxonomy":"category","embeddable":true,"href":"https:\/\/mersinkadingazetesi.com\/index.php?rest_route=%2Fwp%2Fv2%2Fcategories&post=36786"},{"taxonomy":"post_tag","embeddable":true,"href":"https:\/\/mersinkadingazetesi.com\/index.php?rest_route=%2Fwp%2Fv2%2Ftags&post=36786"}],"curies":[{"name":"wp","href":"https:\/\/api.w.org\/{rel}","templated":true}]}}