{"id":36789,"date":"2024-11-10T09:58:28","date_gmt":"2024-11-10T06:58:28","guid":{"rendered":"https:\/\/mersinkadingazetesi.com\/?p=36789"},"modified":"2024-11-10T09:58:29","modified_gmt":"2024-11-10T06:58:29","slug":"mersine-sirtinizi-degil-yuzunuzu-donun","status":"publish","type":"post","link":"https:\/\/mersinkadingazetesi.com\/?p=36789","title":{"rendered":"Mersin&#8217;e S\u0131rt\u0131n\u0131z\u0131 de\u011fil y\u00fcz\u00fcn\u00fcz\u00fc d\u00f6n\u00fcn!"},"content":{"rendered":"\n<p>TBMM Plan ve B\u00fct\u00e7e Komisyonunda \u00c7evre, \u015eehircilik ve \u0130klim Bakanl\u0131\u011f\u0131&#8217;n\u0131n 2025 y\u0131l\u0131 b\u00fct\u00e7e g\u00f6r\u00fc\u015fmelerinde s\u00f6z alan Mersin Milletvekili G\u00fclcan K\u0131\u015f, Mersin&#8217;e dair yat\u0131r\u0131mlar\u0131n yetersizli\u011fine vurgu yapt\u0131. Mersin&#8217;in vergi s\u0131ralamas\u0131nda ilk s\u0131ralarda yer almas\u0131na ra\u011fmen kamu yat\u0131r\u0131mlar\u0131nda geri planda b\u0131rak\u0131ld\u0131\u011f\u0131n\u0131 belirten G\u00fclcan K\u0131\u015f, Mersin&#8217;e \u00f6zel b\u00fct\u00e7e planlamas\u0131 yap\u0131lmad\u0131\u011f\u0131 i\u00e7in bakanl\u0131\u011f\u0131 ele\u015ftirdi. &#8220;T\u00fcrkiye&#8217;nin en fazla vergi veren iller s\u0131ralamas\u0131nda ilk s\u0131ralarda yer alan Mersin, neden yat\u0131r\u0131m almada geri planda kal\u0131yor?&#8221; s\u00f6zleriyle Bakan&#8217;a seslenen G\u00fclcan K\u0131\u015f, kentin ekonomik potansiyeline ra\u011fmen yat\u0131r\u0131m almada ihmal edildi\u011fini dile getirdi.<\/p>\n\n\n\n<p><strong>Deprem Sonras\u0131 G\u00f6\u00e7 ve Artan N\u00fcfus Y\u00fck\u00fc Alt\u0131nda Zorlanan Mersin<\/strong><\/p>\n\n\n\n<p>G\u00fclcan K\u0131\u015f, Mersin&#8217;in n\u00fcfusunun depremzedeler ve Suriyeli s\u0131\u011f\u0131nmac\u0131larla birlikte 2.7 milyona ula\u015ft\u0131\u011f\u0131n\u0131 hat\u0131rlatarak, kentin merkezi b\u00fct\u00e7eden ald\u0131\u011f\u0131 kaynaklar\u0131n artan n\u00fcfusa kar\u015f\u0131l\u0131k gelmedi\u011fini belirtti. &#8220;6 \u015eubat depremleri sonras\u0131 ciddi g\u00f6\u00e7 alan Mersin, \u00e7evre ve bar\u0131nma y\u00f6netiminde krizler ya\u015famaktad\u0131r. Bu y\u00fckle ba\u015fa \u00e7\u0131kmaya \u00e7al\u0131\u015fan kentimiz afet b\u00f6lgesi i\u00e7erisine al\u0131nmad\u0131\u011f\u0131 gibi, \u00f6zel stat\u00fc taleplerimiz de g\u00f6z ard\u0131 edilmi\u015ftir,&#8221; diyen G\u00fclcan K\u0131\u015f, deprem yaralar\u0131n\u0131 sarmada b\u00fcy\u00fck fedakarl\u0131k g\u00f6steren Mersin&#8217;in bakanl\u0131k taraf\u0131ndan kaderine terk edildi\u011fini savundu.<\/p>\n\n\n\n<p>Kentsel d\u00f6n\u00fc\u015f\u00fcm projeleri ve sosyal konut yetersizli\u011fine de de\u011finen G\u00fclcan K\u0131\u015f, TOK\u0130&#8217;nin Mersin&#8217;e dair sadece birka\u00e7 k\u00fc\u00e7\u00fck projeyle s\u0131n\u0131rl\u0131 kald\u0131\u011f\u0131n\u0131 s\u00f6yledi. \u00d6zellikle Boz\u00f6n ve \u00c7avak mahallelerinde altyap\u0131s\u0131z alanlarda konut projelerinin hala tamamlanmad\u0131\u011f\u0131n\u0131 vurgulayan G\u00fclcan K\u0131\u015f, kent merkezindeki Bar\u0131\u015f Mahallesi&#8217;nde de y\u0131llard\u0131r s\u00fcren TOK\u0130 konutlar\u0131n\u0131n ak\u0131betini sordu. &#8220;Mersin&#8217;in eski ve riskli yap\u0131 stoku i\u00e7in kentsel d\u00f6n\u00fc\u015f\u00fcm projelerine acil ihtiya\u00e7 var,&#8221; diyen G\u00fclcan K\u0131\u015f, Bakanl\u0131k ve TOK\u0130&#8217;den somut ad\u0131mlar beklediklerini ifade etti. 2025 y\u0131l\u0131 i\u00e7in sosyal konut projelerinin planlan\u0131p planlanmad\u0131\u011f\u0131n\u0131 sordu.<\/p>\n\n\n\n<p><strong>&#8220;Mersin&#8217;in Denizleri Korunmal\u0131, Deniz Kirlili\u011fine Kar\u015f\u0131 Acil Ad\u0131mlar At\u0131lmal\u0131&#8221;<\/strong><\/p>\n\n\n\n<p>Mersin&#8217;in deniz kirlili\u011fi sorununa da de\u011finen G\u00fclcan K\u0131\u015f, \u00f6zellikle Seyhan ve Ceyhan Nehirleri arac\u0131l\u0131\u011f\u0131yla ta\u015f\u0131nan tar\u0131msal ve end\u00fcstriyel at\u0131klar\u0131n denizi kirletti\u011fine dikkat \u00e7ekti. Bu konuda kapsaml\u0131 temizlik \u00e7al\u0131\u015fmalar\u0131 yap\u0131lmas\u0131 gerekti\u011fini belirten G\u00fclcan K\u0131\u015f, denizlerde artan mikroplastiklere kar\u015f\u0131 da at\u0131k \u00f6nleme sistemlerinin geli\u015ftirilmesini istedi. Mersin B\u00fcy\u00fck\u015fehir Belediyesi&#8217;nin deniz kirlili\u011fine kar\u015f\u0131 yetki devri talebine Bakanl\u0131k taraf\u0131ndan yan\u0131t verilmemesini ele\u015ftirerek, &#8220;Mersin B\u00fcy\u00fck\u015fehir Belediyesi, deniz kirlili\u011fini \u00f6nlemek i\u00e7in kapsaml\u0131 bir m\u00fccadele y\u00fcr\u00fct\u00fcyor. Ancak bakanl\u0131\u011f\u0131n\u0131z\u0131n da bu m\u00fccadeleye yetki ve kaynak deste\u011fi sa\u011flamas\u0131 gerekiyor,&#8221; dedi.<\/p>\n\n\n\n<p><strong>MESK\u0130 Projeleri ve Altyap\u0131 Geli\u015ftirme Talepleri<\/strong><\/p>\n\n\n\n<p>Mersin Su ve Kanalizasyon \u0130daresi&#8217;nin (MESK\u0130) projelerine dair aksamalar\u0131 g\u00fcndeme getiren G\u00fclcan K\u0131\u015f, Silifke&#8217;de yap\u0131lmas\u0131 planlanan at\u0131k su ar\u0131tma tesisi i\u00e7in beklenen arazi tahsisinin h\u0131zland\u0131r\u0131lmas\u0131 \u00e7a\u011fr\u0131s\u0131nda bulundu. Erdemli&#8217;deki MESK\u0130 tesislerinin elektrik ihtiyac\u0131n\u0131 kar\u015f\u0131layacak g\u00fcne\u015f enerjisi santrali projesi i\u00e7in de gerekli arazi tahsislerinin hala yap\u0131lmad\u0131\u011f\u0131n\u0131 belirtti. G\u00fclcan K\u0131\u015f, bu projelerin hayata ge\u00e7irilmesi i\u00e7in bakanl\u0131\u011f\u0131n destek vermesi gerekti\u011fini ifade etti.<\/p>\n\n\n\n<p><strong>\u0130tfaiye ve Zab\u0131ta Kadrolar\u0131ndaki Eksiklikler<\/strong><\/p>\n\n\n\n<p>Mersin&#8217;in artan n\u00fcfusuna paralel olarak belediyenin ihtiya\u00e7lar\u0131n\u0131n da artt\u0131\u011f\u0131n\u0131 belirten G\u00fclcan K\u0131\u015f, kent i\u015flevselli\u011finin s\u00fcrd\u00fcr\u00fclebilmesi i\u00e7in talep edilen 133 itfaiye eri ve 60 zab\u0131ta memuru kadrosu taleplerinin hala onay bekledi\u011fini dile getirdi. Bu eksikliklerin kamu g\u00fcvenli\u011fi ve hizmetlerin aksamamas\u0131 ad\u0131na kritik oldu\u011funu vurgulayan K\u0131\u015f, bakanl\u0131ktan acil \u00e7\u00f6z\u00fcm beklediklerini s\u00f6yledi.<\/p>\n\n\n\n<p><strong>&#8220;Mersin Sadece Vergi Veren De\u011fil, Stratejik \u00d6neme Sahip Bir Kent&#8221;<\/strong><\/p>\n\n\n\n<p>Son olarak, Mersin&#8217;in stratejik \u00f6nemine dikkat \u00e7eken Mersin Milletvekili G\u00fclcan K\u0131\u015f, &#8220;T\u00fcrkiye i\u00e7in turizm, sanayi, tar\u0131m ve denizcilik alanlar\u0131nda fark yaratan Mersin, \u00fclkenin b\u00fcy\u00fcmesine ve kalk\u0131nmas\u0131na \u00f6nemli katk\u0131lar sa\u011flamaktad\u0131r. Ancak bu katk\u0131lar\u0131n geri d\u00f6n\u00fc\u015f\u00fc yok denecek kadar az,&#8221; diyerek Mersin&#8217;e yat\u0131r\u0131m yap\u0131lmas\u0131n\u0131 ve kentten sa\u011flanan ekonomik katk\u0131lar\u0131n kente geri d\u00f6nmesini talep etti.<\/p>\n","protected":false},"excerpt":{"rendered":"<p>TBMM Plan ve B\u00fct\u00e7e Komisyonunda \u00c7evre, \u015eehircilik ve \u0130klim Bakanl\u0131\u011f\u0131&#8217;n\u0131n 2025 y\u0131l\u0131 b\u00fct\u00e7e g\u00f6r\u00fc\u015fmelerinde s\u00f6z alan Mersin Milletvekili G\u00fclcan K\u0131\u015f, Mersin&#8217;e dair yat\u0131r\u0131mlar\u0131n yetersizli\u011fine vurgu yapt\u0131. Mersin&#8217;in vergi s\u0131ralamas\u0131nda ilk s\u0131ralarda yer almas\u0131na ra\u011fmen kamu yat\u0131r\u0131mlar\u0131nda geri planda b\u0131rak\u0131ld\u0131\u011f\u0131n\u0131 belirten G\u00fclcan K\u0131\u015f, Mersin&#8217;e \u00f6zel b\u00fct\u00e7e planlamas\u0131 yap\u0131lmad\u0131\u011f\u0131 i\u00e7in bakanl\u0131\u011f\u0131 ele\u015ftirdi. &#8220;T\u00fcrkiye&#8217;nin en fazla vergi veren [&hellip;]<\/p>\n","protected":false},"author":2,"featured_media":36790,"comment_status":"closed","ping_status":"closed","sticky":false,"template":"","format":"standard","meta":{"footnotes":""},"categories":[34,2,3,5,6],"tags":[],"class_list":["post-36789","post","type-post","status-publish","format-standard","has-post-thumbnail","hentry","category-flas-haber","category-gundem","category-manset","category-mersin","category-siyaset-2"],"views":5,"_links":{"self":[{"href":"https:\/\/mersinkadingazetesi.com\/index.php?rest_route=\/wp\/v2\/posts\/36789"}],"collection":[{"href":"https:\/\/mersinkadingazetesi.com\/index.php?rest_route=\/wp\/v2\/posts"}],"about":[{"href":"https:\/\/mersinkadingazetesi.com\/index.php?rest_route=\/wp\/v2\/types\/post"}],"author":[{"embeddable":true,"href":"https:\/\/mersinkadingazetesi.com\/index.php?rest_route=\/wp\/v2\/users\/2"}],"replies":[{"embeddable":true,"href":"https:\/\/mersinkadingazetesi.com\/index.php?rest_route=%2Fwp%2Fv2%2Fcomments&post=36789"}],"version-history":[{"count":1,"href":"https:\/\/mersinkadingazetesi.com\/index.php?rest_route=\/wp\/v2\/posts\/36789\/revisions"}],"predecessor-version":[{"id":36791,"href":"https:\/\/mersinkadingazetesi.com\/index.php?rest_route=\/wp\/v2\/posts\/36789\/revisions\/36791"}],"wp:featuredmedia":[{"embeddable":true,"href":"https:\/\/mersinkadingazetesi.com\/index.php?rest_route=\/wp\/v2\/media\/36790"}],"wp:attachment":[{"href":"https:\/\/mersinkadingazetesi.com\/index.php?rest_route=%2Fwp%2Fv2%2Fmedia&parent=36789"}],"wp:term":[{"taxonomy":"category","embeddable":true,"href":"https:\/\/mersinkadingazetesi.com\/index.php?rest_route=%2Fwp%2Fv2%2Fcategories&post=36789"},{"taxonomy":"post_tag","embeddable":true,"href":"https:\/\/mersinkadingazetesi.com\/index.php?rest_route=%2Fwp%2Fv2%2Ftags&post=36789"}],"curies":[{"name":"wp","href":"https:\/\/api.w.org\/{rel}","templated":true}]}}