{"id":36792,"date":"2024-11-10T10:01:04","date_gmt":"2024-11-10T07:01:04","guid":{"rendered":"https:\/\/mersinkadingazetesi.com\/?p=36792"},"modified":"2024-11-10T10:01:05","modified_gmt":"2024-11-10T07:01:05","slug":"toroslarda-cevre-bilinci-icin-dayanisma-suruyor","status":"publish","type":"post","link":"https:\/\/mersinkadingazetesi.com\/?p=36792","title":{"rendered":"TOROSLAR&#8217;DA \u00c7EVRE B\u0130L\u0130NC\u0130 \u0130\u00c7\u0130N DAYANI\u015eMA S\u00dcR\u00dcYOR"},"content":{"rendered":"\n<p><strong>Toroslar Belediyesinin &#8220;Mahallede Temizlik Var&#8221; kampanyas\u0131, 16&#8217;nc\u0131 haftas\u0131nda Mustafa Kemal Mahallesi&#8217;nde devam etti.<\/strong><\/p>\n\n\n\n<p>\u00c7evre temizli\u011fine dikkat \u00e7ekmeyi ve daha ya\u015fanabilir bir kent olu\u015fturmay\u0131 hedefleyen Toroslar Belediye Ba\u015fkan\u0131 Abdurrahman Y\u0131ld\u0131z&#8217;\u0131n g\u00f6reve gelir gelmez ba\u015flatt\u0131\u011f\u0131 proje, t\u00fcm il\u00e7eye yay\u0131ld\u0131.<\/p>\n\n\n\n<p>Her hafta farkl\u0131 bir mahalle ger\u00e7ekle\u015fen, Belediye ba\u015fkan yard\u0131mc\u0131lar\u0131, meclis \u00fcyeleri, sivil toplum kurulu\u015flar\u0131n\u0131n temsilcileri ve mahalle halk\u0131n\u0131n da destek verdi\u011fi kampanya ile \u00e7evre bilinci fark\u0131ndal\u0131\u011f\u0131 olu\u015fturuluyor. Kampanyaya \u00e7ocuklar ve gen\u00e7ler de yo\u011fun ilgi g\u00f6steriyor.<\/p>\n\n\n\n<p>Mustafa Kemal Mahallesi&#8217;ndeki \u00e7al\u0131\u015fmalar kapsam\u0131nda hem sokak temizli\u011fi yap\u0131ld\u0131 hem \u00e7\u00f6p koyteynerleri, bo\u015f arsalar, r\u00f6garlar ila\u00e7land\u0131.<\/p>\n\n\n\n<p><strong>&#8216;DAHA TEM\u0130Z B\u0130R TOROSLAR \u0130\u00c7\u0130N EL ELE&#8217;<\/strong><\/p>\n\n\n\n<p>Temizlik seferberli\u011finin ard\u0131ndan bir a\u00e7\u0131klama yapan Toroslar Belediye Ba\u015fkan Yard\u0131mc\u0131s\u0131 Erdo\u011fan Ay, kampanyan\u0131n temel hedeflerinden birinin Toroslar halk\u0131nda bir temizlik duyarl\u0131l\u0131\u011f\u0131 yaratmak oldu\u011funu vurgulayarak, &#8220;Her hafta yapt\u0131\u011f\u0131m\u0131z temizlik kampanyam\u0131z\u0131 bu hafta Mustafa Kemal Mahallemizde ger\u00e7ekle\u015ftirdik. Hem eski hem de yeni yerle\u015fim alanlar\u0131n\u0131n oldu\u011fu bir mahallemiz. Sokaklar\u0131n\u0131n dar oldu\u011fu durumlar da s\u00f6z konusu. Belediye olarak elimizden geldi\u011fince hizmet \u00fcreterek dezavantajl\u0131 durumlar\u0131 avantaja d\u00f6n\u00fc\u015ft\u00fcr\u00fcyoruz. Temizlik konusunda ba\u015ftan beri fark\u0131ndal\u0131k olu\u015fturmay\u0131 ama\u00e7lad\u0131k. Bu fark\u0131ndal\u0131\u011f\u0131n olu\u015fmas\u0131 en ba\u015fta sokaklar\u0131 kirletmemekten ge\u00e7iyor. Ne kadar az kirlenirse sokaklar\u0131m\u0131z daha temiz olacak. Her hafta oldu\u011fu gibi bu hafta da bizleri bu etkinli\u011fimizde yaln\u0131z b\u0131rakmayan halk\u0131m\u0131za, meclis \u00fcyelerimize, muhtarlar\u0131m\u0131za ve eme\u011fi ge\u00e7en herkese Belediye Ba\u015fkan\u0131m\u0131z Abdurrahman Y\u0131ld\u0131z ad\u0131na te\u015fekk\u00fcr ediyorum&#8221; dedi.<\/p>\n\n\n\n<p><strong>&#8216;BA\u015eKANIMIZA TE\u015eEKK\u00dcR ED\u0130YORUZ&#8221;<\/strong><\/p>\n\n\n\n<p>Mustafa Kemal Mahallesi Muhtar\u0131 Okan \u00d6nen de b\u00f6yle bir kampanyay\u0131 hayata ge\u00e7irerek il\u00e7ede temizlik konusunda fark\u0131ndal\u0131k olu\u015fturdu\u011fu i\u00e7in Toroslar Belediye Ba\u015fkan\u0131 Abdurrahman Y\u0131ld\u0131z&#8217;a te\u015fekk\u00fcr etti.<\/p>\n","protected":false},"excerpt":{"rendered":"<p>Toroslar Belediyesinin &#8220;Mahallede Temizlik Var&#8221; kampanyas\u0131, 16&#8217;nc\u0131 haftas\u0131nda Mustafa Kemal Mahallesi&#8217;nde devam etti. \u00c7evre temizli\u011fine dikkat \u00e7ekmeyi ve daha ya\u015fanabilir bir kent olu\u015fturmay\u0131 hedefleyen Toroslar Belediye Ba\u015fkan\u0131 Abdurrahman Y\u0131ld\u0131z&#8217;\u0131n g\u00f6reve gelir gelmez ba\u015flatt\u0131\u011f\u0131 proje, t\u00fcm il\u00e7eye yay\u0131ld\u0131. Her hafta farkl\u0131 bir mahalle ger\u00e7ekle\u015fen, Belediye ba\u015fkan yard\u0131mc\u0131lar\u0131, meclis \u00fcyeleri, sivil toplum kurulu\u015flar\u0131n\u0131n temsilcileri ve mahalle halk\u0131n\u0131n [&hellip;]<\/p>\n","protected":false},"author":2,"featured_media":36793,"comment_status":"closed","ping_status":"closed","sticky":false,"template":"","format":"standard","meta":{"footnotes":""},"categories":[3],"tags":[],"class_list":["post-36792","post","type-post","status-publish","format-standard","has-post-thumbnail","hentry","category-manset"],"views":2,"_links":{"self":[{"href":"https:\/\/mersinkadingazetesi.com\/index.php?rest_route=\/wp\/v2\/posts\/36792"}],"collection":[{"href":"https:\/\/mersinkadingazetesi.com\/index.php?rest_route=\/wp\/v2\/posts"}],"about":[{"href":"https:\/\/mersinkadingazetesi.com\/index.php?rest_route=\/wp\/v2\/types\/post"}],"author":[{"embeddable":true,"href":"https:\/\/mersinkadingazetesi.com\/index.php?rest_route=\/wp\/v2\/users\/2"}],"replies":[{"embeddable":true,"href":"https:\/\/mersinkadingazetesi.com\/index.php?rest_route=%2Fwp%2Fv2%2Fcomments&post=36792"}],"version-history":[{"count":1,"href":"https:\/\/mersinkadingazetesi.com\/index.php?rest_route=\/wp\/v2\/posts\/36792\/revisions"}],"predecessor-version":[{"id":36794,"href":"https:\/\/mersinkadingazetesi.com\/index.php?rest_route=\/wp\/v2\/posts\/36792\/revisions\/36794"}],"wp:featuredmedia":[{"embeddable":true,"href":"https:\/\/mersinkadingazetesi.com\/index.php?rest_route=\/wp\/v2\/media\/36793"}],"wp:attachment":[{"href":"https:\/\/mersinkadingazetesi.com\/index.php?rest_route=%2Fwp%2Fv2%2Fmedia&parent=36792"}],"wp:term":[{"taxonomy":"category","embeddable":true,"href":"https:\/\/mersinkadingazetesi.com\/index.php?rest_route=%2Fwp%2Fv2%2Fcategories&post=36792"},{"taxonomy":"post_tag","embeddable":true,"href":"https:\/\/mersinkadingazetesi.com\/index.php?rest_route=%2Fwp%2Fv2%2Ftags&post=36792"}],"curies":[{"name":"wp","href":"https:\/\/api.w.org\/{rel}","templated":true}]}}