{"id":36795,"date":"2024-11-10T10:03:40","date_gmt":"2024-11-10T07:03:40","guid":{"rendered":"https:\/\/mersinkadingazetesi.com\/?p=36795"},"modified":"2024-11-10T10:03:41","modified_gmt":"2024-11-10T07:03:41","slug":"baskan-ozyigit-turkiyenin-en-cok-safran-ureten-ilcelerinden-biri-olabiliriz","status":"publish","type":"post","link":"https:\/\/mersinkadingazetesi.com\/?p=36795","title":{"rendered":"Ba\u015fkan \u00d6zyi\u011fit, \u201cT\u00fcrkiye\u2019nin en \u00e7ok safran \u00fcreten il\u00e7elerinden biri olabiliriz"},"content":{"rendered":"\n<p>Mersin Yeni\u015fehir Belediyesi ve Yeni\u015fehir \u0130l\u00e7e Tar\u0131m ve Orman M\u00fcd\u00fcrl\u00fc\u011f\u00fc i\u015f birli\u011fiyle 2021 hayata ge\u00e7irilen De\u011firmen\u00e7ay Safran Yeti\u015ftiricili\u011fi Projesi kapsam\u0131nda \u00fcretilen safran\u0131n hasad\u0131 bu y\u0131l da yap\u0131ld\u0131. Yeni\u015fehir\u2019de ilk kez \u00fcretimine 4 y\u0131l \u00f6nce ba\u015flan\u0131lan safran, \u00fcreticiler i\u00e7in yeni bir gelir kayna\u011f\u0131 oldu. Safran hasad\u0131n\u0131n ard\u0131ndan d\u00fczenlenen pilav etkinli\u011finde vatanda\u015flarla bulu\u015fan Yeni\u015fehir Belediye Ba\u015fkan\u0131 Abdullah \u00d6zyi\u011fit, <strong>\u201cYeni\u015fehir\u2019de \u00e7o\u011falan safran so\u011fanlar\u0131n\u0131 do\u011fru bi\u00e7imde kullanmam\u0131z halinde T\u00fcrkiye\u2019nin en \u00e7ok safran \u00fcreten il\u00e7elerinden biri olabiliriz.\u201d <\/strong>dedi.<\/p>\n\n\n\n<p>Mersin Yeni\u015fehir Belediyesi il\u00e7ede alternatif \u00fcr\u00fcn yeti\u015ftirilmesini sa\u011flamak ve \u00fcreticiyi desteklemek i\u00e7in \u00e7al\u0131\u015fmalar\u0131n\u0131 s\u00fcrd\u00fcr\u00fcyor. Yeni\u015fehir\u2019de y\u00fcksek katma de\u011ferli \u00fcr\u00fcnler elde etmek amac\u0131yla hayata ge\u00e7irilen De\u011firmen\u00e7ay Safran Yeti\u015ftiricili\u011fi Projesi d\u00f6rd\u00fcnc\u00fc y\u0131l\u0131na girdi. De\u011firmen\u00e7ay Mahallesi\u2019nde yap\u0131lan safran hasad\u0131na Yeni\u015fehir Belediye Ba\u015fkan\u0131 Abdullah \u00d6zyi\u011fit\u2019in yan\u0131 s\u0131ra TMMOB Ziraat M\u00fchendisleri Odas\u0131 Ba\u015fkan\u0131 Baki Remzi Sui\u00e7mez, Mersin Ziraat Odas\u0131 Ba\u015fkan\u0131 Musa Y\u0131lmaz, \u0130l\u00e7e Tar\u0131m ve Orman M\u00fcd\u00fcr\u00fc Ahmet \u00d6mer Kahyao\u011flu, De\u011firmen\u00e7ay Mahalle Muhtar\u0131 R\u0131dvan I\u015f\u0131k, belediye meclis \u00fcyeleri, \u00fcreticiler ve vatanda\u015flar kat\u0131ld\u0131. Hasad\u0131n ard\u0131ndan Yeni\u015fehir Belediyesi taraf\u0131ndan vatanda\u015flara safranl\u0131 pilav da ikram edildi.<\/p>\n\n\n\n<p>\u201c<strong>T\u00fcrkiye\u2019nin en \u00e7ok safran \u00fcreten il\u00e7elerinden biri olabiliriz.\u201d<\/strong><\/p>\n\n\n\n<p>Yeni\u015fehir\u2019de geni\u015f tar\u0131msal araziler bulunmad\u0131\u011f\u0131n\u0131 dolay\u0131s\u0131yla dar alanda y\u00fcksek verim elde edilebilecek \u00fcr\u00fcnlerin yeti\u015ftirilmesi i\u00e7in bir \u00e7aba i\u00e7erisinde olduklar\u0131n\u0131 ifade eden Yeni\u015fehir Belediye Ba\u015fkan\u0131 Abdullah \u00d6zyi\u011fit, safran \u00fcretiminin de buna \u00f6rnek oldu\u011funu s\u00f6yledi. T\u00fcrkiye\u2019nin b\u00fcy\u00fck safran \u00fcretiminin yap\u0131ld\u0131\u011f\u0131 il\u00e7elerden biri olmay\u0131 hedeflediklerine dikkat \u00e7eken Ba\u015fkan \u00d6zyi\u011fit \u015funlar\u0131 dil getirdi:<strong> \u201cBu projeyi, 4 y\u0131l \u00f6nce ba\u015flatt\u0131k. \u0130yi sonu\u00e7lar ald\u0131k, bunun da bizi yeni ad\u0131mlara do\u011fru ta\u015f\u0131yaca\u011f\u0131n\u0131 biliyoruz. Gerekliliklerini yerine getirece\u011fiz. Yeni\u015fehir\u2019in di\u011fer il\u00e7elere g\u00f6re geni\u015f tar\u0131m arazileri yok ama verimli topraklarday\u0131z. K\u0131s\u0131tl\u0131 alanlarda daha y\u00fcksek verim elde edece\u011fimiz \u00fcr\u00fcnler ekmeliyiz. G\u00fcn geliyor narenciye \u00fcreticileri \u00fcr\u00fcnlerinden gelir elde edemiyor. Bah\u00e7esini s\u00f6kme noktas\u0131na gelen \u00fcreticilerimiz oluyor. Bu konuda y\u00f6neticiler olarak \u00f6n a\u00e7\u0131c\u0131 olmak gibi bir g\u00f6revimiz var. Bu k\u0131ymetli projede bunun bir \u00f6rne\u011fi. Safranbolu\u2019da y\u0131ll\u0131k safran rekoltesi 30-35 kilogram civar\u0131nda. Yeni\u015fehir\u2019de \u00e7o\u011falan safran so\u011fanlar\u0131n\u0131 do\u011fru bi\u00e7imde kullanmam\u0131z halinde T\u00fcrkiye\u2019nin en \u00e7ok safran \u00fcreten il\u00e7elerinden biri olabiliriz.\u201d<\/strong><\/p>\n\n\n\n<p>Ar\u0131 Meras\u0131 olu\u015fturduklar\u0131n\u0131 ve t\u0131bb\u0131 aromatik bitkiler \u00fczerine \u00e7al\u0131\u015fmalar da yapacaklar\u0131n\u0131 belirten \u00d6zyi\u011fit,<strong> \u201cKurdu\u011fumuz Yeni\u015fehir Tar\u0131msal Kalk\u0131nma Kooperatifi arac\u0131l\u0131\u011f\u0131yla De\u011firmen\u00e7ay\u2019da 600 d\u00f6n\u00fcml\u00fck Ar\u0131 Meras\u0131 \u00e7al\u0131\u015fmalar\u0131m\u0131z\u0131 tamamlad\u0131k. 600 ar\u0131 kovan\u0131 alan\u0131 olu\u015fturduk. Y\u0131l\u0131n 11 ay\u0131nda \u00e7i\u00e7ek a\u00e7acak bitkiler ektik, ar\u0131lar\u0131n beslendi\u011fi bir alan olacak. Ayr\u0131ca ayn\u0131 b\u00f6lgede kooperatiflerimiz kanal\u0131yla t\u0131bb\u0131 aromatik bitkiler \u00fcretmek i\u00e7in \u00e7al\u0131\u015fmalar\u0131m\u0131z da var.\u201d <\/strong>dedi.<\/p>\n\n\n\n<p>\u201c<strong>2025 y\u0131l\u0131 Yeni\u015fehir i\u00e7in \u00e7ok \u00f6nemli bir y\u0131l olacak<\/strong><\/p>\n\n\n\n<p>2025 y\u0131l\u0131n\u0131 Ye\u015fil Yeni\u015fehir Y\u0131l\u0131 ilan ettiklerini ve kapsamda yapacaklar\u0131 \u00e7al\u0131\u015fmalarla ilgili bilgi veren Ba\u015fkan \u00d6zyi\u011fit, yapay zekay\u0131 kulland\u0131klar\u0131na dikkat \u00e7ekerek \u015fu ifadeleri kulland\u0131:<strong> \u201cDo\u011fay\u0131 ve \u00e7evreyi korumam\u0131z laz\u0131m. Suya \u00e7ok \u00f6nem vermemiz gerekiyor. 2050 y\u0131l\u0131 s\u0131f\u0131r emisyon eylem plan\u0131n\u0131 haz\u0131rlayan T\u00fcrkiye\u2019nin ilk il\u00e7e belediyesi olduk. Yeni\u015fehir\u2019in dijital ikizini \u00e7\u0131kard\u0131k. Yapay zeka destekli \u00e7al\u0131\u015fmalar yap\u0131yoruz. Bunu yapan T\u00fcrkiye\u2019nin ilk belediyesiyiz. Hangi a\u011fac\u0131n hangi b\u00f6lgede daha faydal\u0131 olaca\u011f\u0131 ile ilgili \u00f6l\u00e7\u00fcm yap\u0131yoruz. \u00d6ks\u00fcz Deresi kenar\u0131ndaki alanda temizlik ve a\u011fa\u00e7 dikimi yap\u0131yoruz. Buraya dikece\u011fimiz a\u011fa\u00e7lar\u0131 se\u00e7erken, yapay zeka ile \u00f6l\u00e7\u00fcm yapt\u0131k. Harnup a\u011fac\u0131n\u0131n en uygun t\u00fcr oldu\u011funu g\u00f6rd\u00fck. Ve oraya harnup a\u011fa\u00e7lar\u0131 ekece\u011fiz. Stratejik plan\u0131m\u0131z\u0131 haz\u0131rlarken 2025 y\u0131l\u0131n\u0131 Ye\u015fil Yeni\u015fehir Y\u0131l\u0131 ilan ettik. Ye\u015fil Toroslar ile mavi Akdeniz\u2019i birle\u015ftirerek, neyi nas\u0131l yapaca\u011f\u0131m\u0131z\u0131 planl\u0131yoruz. Arkada\u015flar\u0131m\u0131z \u00e7al\u0131\u015f\u0131yor. \u0130\u015f birli\u011fi yapaca\u011f\u0131m\u0131z kurumlar var. Daha ye\u015fili, daha ya\u015fanabilir bir Yeni\u015fehir\u2019i olu\u015fturmak i\u00e7in hangi eylemi yapaca\u011f\u0131m\u0131z\u0131 planl\u0131yoruz. 2025 y\u0131l\u0131 Yeni\u015fehir i\u00e7in \u00e7ok \u00f6nemli bir y\u0131l olacak. \u00c7evremize, do\u011faya, iklime \u00f6zen g\u00f6stermeliyiz. \u00dcretmeye devam edece\u011fiz. Solucan g\u00fcbresi \u00fcretiyoruz. K\u0131rsal mahallelerimize da\u011f\u0131t\u0131yoruz. \u00dcretimi canland\u0131rmam\u0131z laz\u0131m ama bunu yaparken, kimyasaldan uzakla\u015f\u0131p, \u00e7evreci y\u00f6ntemler geli\u015ftirmemiz de gerekiyor.\u201d <\/strong>Yeni\u015fehir \u0130l\u00e7e Tar\u0131m ve Orman M\u00fcd\u00fcr\u00fc Ahmet \u00d6mer Kahyao\u011flu da projenin \u00f6neminden s\u00f6z ederek, \u00fcreticilere destek vermeye devam edeceklerini belirttik.<\/p>\n\n\n\n<p><strong>Muhtar R\u0131dvan I\u015f\u0131k \u201cBu hizmetler bizim i\u00e7in \u00e7ok k\u0131ymetli.\u201d<\/strong><\/p>\n\n\n\n<p>Yeni\u015fehir Belediyesinin desteklerini anlatan De\u011firmen\u00e7ay Mahalle Muhtar\u0131 R\u0131dvan I\u015f\u0131k, <strong>\u201cHizmetlerinden dolay\u0131 Ba\u015fkan\u0131m\u0131z Abdullah \u00d6zyi\u011fit\u2019e mahallem ad\u0131na te\u015fekk\u00fcr ediyorum. Fen i\u015fleri, park bah\u00e7eler ve temizlik konusunda daima yan\u0131m\u0131zdalar. Ama sosyal belediyecilik anlam\u0131nda sonsuz hizmet anlay\u0131\u015f\u0131yla bize yakla\u015fan bir belediyemiz var. Tar\u0131msal anlamda meyve sine\u011fi, solucan g\u00fcbresi, \u00fcreticilerimizin bilgilendirilmesi, safran ve ar\u0131 meras\u0131 projeleriyle \u00fcreticilere destek veriliyor. Her mahalleye oldu\u011fu gibi bize 300 tonluk su aras\u00f6z\u00fc tesis edildi. \u0130htiya\u00e7 an\u0131nda hepimiz kullanabiliyoruz. Bu hizmetler bizim i\u00e7in \u00e7ok k\u0131ymetli.\u201d <\/strong>ifadelerini kulland\u0131.<\/p>\n\n\n\n<p><strong>\u00dcretici Ahmet Ata \u201cSosyal belediyecili\u011fi en iyi uygulayan bir belediye ba\u015fkan\u0131na sahibiz.\u201d<\/strong><\/p>\n\n\n\n<p>Safran \u00fcreticisi Ahmet Ata ise yapt\u0131\u011f\u0131 konu\u015fmada sosyal belediyecili\u011fi en iyi uygulayan bir belediye ba\u015fkan\u0131na sahip olduklar\u0131na dikkat \u00e7ekerek \u015fu \u015fekilde konu\u015ftu:<strong> \u201cSay\u0131n Belediye Ba\u015fkan\u0131m\u0131z Abdullah \u00d6zyi\u011fit, bizlere g\u00f6n\u00fclden destek verdik. Her y\u0131l Ba\u015fkan\u0131m\u0131z da hasada kat\u0131l\u0131yor. Bizler deneyim kazan\u0131yoruz. Bizim hedefimiz 1 ton safran so\u011fan\u0131 elde etmek. Ekti\u011fimiz safranlar her y\u0131l so\u011fan veriyor. Bug\u00fcn bir ton so\u011fan\u0131n piyasa de\u011feri bir milyon TL. Sosyal belediyecili\u011fi en iyi uygulayan bir belediye ba\u015fkan\u0131na sahibiz. Ba\u015fkan\u0131m\u0131z\u0131n destekleriyle daha da iyi olacak. Tecr\u00fcbelerimizi di\u011fer vatanda\u015flar\u0131m\u0131zla da payla\u015f\u0131yoruz.\u201d<\/strong><\/p>\n","protected":false},"excerpt":{"rendered":"<p>Mersin Yeni\u015fehir Belediyesi ve Yeni\u015fehir \u0130l\u00e7e Tar\u0131m ve Orman M\u00fcd\u00fcrl\u00fc\u011f\u00fc i\u015f birli\u011fiyle 2021 hayata ge\u00e7irilen De\u011firmen\u00e7ay Safran Yeti\u015ftiricili\u011fi Projesi kapsam\u0131nda \u00fcretilen safran\u0131n hasad\u0131 bu y\u0131l da yap\u0131ld\u0131. Yeni\u015fehir\u2019de ilk kez \u00fcretimine 4 y\u0131l \u00f6nce ba\u015flan\u0131lan safran, \u00fcreticiler i\u00e7in yeni bir gelir kayna\u011f\u0131 oldu. Safran hasad\u0131n\u0131n ard\u0131ndan d\u00fczenlenen pilav etkinli\u011finde vatanda\u015flarla bulu\u015fan Yeni\u015fehir Belediye Ba\u015fkan\u0131 Abdullah [&hellip;]<\/p>\n","protected":false},"author":2,"featured_media":36796,"comment_status":"closed","ping_status":"closed","sticky":false,"template":"","format":"standard","meta":{"footnotes":""},"categories":[34,2,3,5],"tags":[],"class_list":["post-36795","post","type-post","status-publish","format-standard","has-post-thumbnail","hentry","category-flas-haber","category-gundem","category-manset","category-mersin"],"views":7,"_links":{"self":[{"href":"https:\/\/mersinkadingazetesi.com\/index.php?rest_route=\/wp\/v2\/posts\/36795"}],"collection":[{"href":"https:\/\/mersinkadingazetesi.com\/index.php?rest_route=\/wp\/v2\/posts"}],"about":[{"href":"https:\/\/mersinkadingazetesi.com\/index.php?rest_route=\/wp\/v2\/types\/post"}],"author":[{"embeddable":true,"href":"https:\/\/mersinkadingazetesi.com\/index.php?rest_route=\/wp\/v2\/users\/2"}],"replies":[{"embeddable":true,"href":"https:\/\/mersinkadingazetesi.com\/index.php?rest_route=%2Fwp%2Fv2%2Fcomments&post=36795"}],"version-history":[{"count":1,"href":"https:\/\/mersinkadingazetesi.com\/index.php?rest_route=\/wp\/v2\/posts\/36795\/revisions"}],"predecessor-version":[{"id":36797,"href":"https:\/\/mersinkadingazetesi.com\/index.php?rest_route=\/wp\/v2\/posts\/36795\/revisions\/36797"}],"wp:featuredmedia":[{"embeddable":true,"href":"https:\/\/mersinkadingazetesi.com\/index.php?rest_route=\/wp\/v2\/media\/36796"}],"wp:attachment":[{"href":"https:\/\/mersinkadingazetesi.com\/index.php?rest_route=%2Fwp%2Fv2%2Fmedia&parent=36795"}],"wp:term":[{"taxonomy":"category","embeddable":true,"href":"https:\/\/mersinkadingazetesi.com\/index.php?rest_route=%2Fwp%2Fv2%2Fcategories&post=36795"},{"taxonomy":"post_tag","embeddable":true,"href":"https:\/\/mersinkadingazetesi.com\/index.php?rest_route=%2Fwp%2Fv2%2Ftags&post=36795"}],"curies":[{"name":"wp","href":"https:\/\/api.w.org\/{rel}","templated":true}]}}