{"id":36801,"date":"2024-11-10T10:07:30","date_gmt":"2024-11-10T07:07:30","guid":{"rendered":"https:\/\/mersinkadingazetesi.com\/?p=36801"},"modified":"2024-11-10T10:07:30","modified_gmt":"2024-11-10T07:07:30","slug":"gulnarin-en-islek-caddeleri-buyuksehirle-yenilendi","status":"publish","type":"post","link":"https:\/\/mersinkadingazetesi.com\/?p=36801","title":{"rendered":"G\u00dcLNAR&#8217;IN EN \u0130\u015eLEK CADDELER\u0130 B\u00dcY\u00dcK\u015eEH\u0130R&#8217;LE YEN\u0130LEND\u0130"},"content":{"rendered":"\n<p>Mersin&#8217;in yollar\u0131n\u0131 ilmek ilmek i\u015fleyerek vatanda\u015flara en konforlu yollar\u0131 sunmak i\u00e7in gece-g\u00fcnd\u00fcz \u00e7al\u0131\u015fan Mersin B\u00fcy\u00fck\u015fehir Belediyesi Yol Yap\u0131m Bak\u0131m ve Onar\u0131m Dairesi Ba\u015fkanl\u0131\u011f\u0131, taleplere en k\u0131sa s\u00fcrede d\u00f6nmeye devam ediyor. B\u00fcy\u00fck\u015fehir Belediye Ba\u015fkan\u0131 Vahap Se\u00e7er&#8217;in \u00f6nc\u00fcl\u00fc\u011f\u00fcnde her ihtiyaca uygun \u00e7al\u0131\u015fmalar yapan ekipler, G\u00fclnar&#8217;\u0131n en i\u015flek caddesinin \u00e7ehresini de de\u011fi\u015ftirdi.<\/p>\n\n\n\n<p>G\u00fclnar&#8217;da Belediye Caddesi ile Atat\u00fcrk Caddesi&#8217;ni gezen Ba\u015fkan Se\u00e7er, esnaf\u0131n ve yurtta\u015flar\u0131n alt yap\u0131 \u00e7al\u0131\u015fmalar\u0131ndan y\u0131pranm\u0131\u015f yolun yap\u0131lmas\u0131 talebine en h\u0131zl\u0131 \u015fekilde d\u00f6n\u00fc\u015f yapt\u0131. \u0130l\u00e7enin caddelerinde bizzat tespitte bulunan ve ekipleri y\u00f6nlendiren Se\u00e7er, bir hafta gibi k\u0131sa s\u00fcrede G\u00fclnarl\u0131lar\u0131n taleplerinin hayata ge\u00e7irilmesini sa\u011flad\u0131.<\/p>\n\n\n\n<p><strong>Din\u00e7: &#8220;G\u00fclnar il\u00e7emizde hizmetlerimiz devam edecek&#8221;<\/strong><\/p>\n\n\n\n<p>G\u00fclnar Koordinasyon \u015eube Sorumlusu Volkan Din\u00e7, Belediye Caddesi ile Atat\u00fcrk Caddesi&#8217;nin 2024-2025 y\u0131l\u0131 program\u0131nda oldu\u011funu belirterek,&nbsp;<strong>&#8220;Altyap\u0131 kurum kaz\u0131lar\u0131n\u0131 bekliyorduk. Vahap Ba\u015fkan\u0131m\u0131z\u0131n y\u00f6nlendirmesiyle gerekli kurumlarla g\u00f6r\u00fc\u015ferek s\u00fcreci h\u0131zland\u0131rd\u0131k. Bu ba\u011flamda A\u015fa\u011f\u0131 \u00c7ar\u015f\u0131 ve Yukar\u0131 \u00c7ar\u015f\u0131&#8217;n\u0131n asfalt d\u00f6k\u00fcm\u00fcn\u00fc ger\u00e7ekle\u015ftirmi\u015f bulunuyoruz. Esnaf da memnuniyeti s\u00fcrekli dile getiriyor. G\u00fclnar il\u00e7emizde hizmetlerimiz devam edecek&#8221;&nbsp;<\/strong>dedi.<\/p>\n\n\n\n<p><strong>Burkut: &#8220;Bu yol genelde esnaf\u0131m\u0131z\u0131n bulundu\u011fu bir yer&#8221;<\/strong><\/p>\n\n\n\n<p>Ayval\u0131 Mahallesi Muhtar\u0131 Y\u00fcksel Burkut, yenilenen yolun \u00e7ok i\u015flek bir g\u00fczergahta bulundu\u011funu anlatarak,&nbsp;<strong>&#8220;Bu yol genelde esnaflar\u0131m\u0131z\u0131n bulundu\u011fu bir yer. Vatanda\u015f\u0131m\u0131z\u0131n en \u00e7ok kulland\u0131\u011f\u0131 alan. Eski hali peri\u015fand\u0131, bozulmu\u015ftu. Yakla\u015f\u0131k 10 y\u0131ldan beri harap olmu\u015ftu. Toz toprakt\u0131. \u015eimdi s\u00fcp\u00fcrge arabas\u0131 oldu\u011fu i\u00e7in sabahleyin toz olmuyor. Vatanda\u015flar rahat bir \u015fekilde geliyorlar. Toz topraks\u0131z g\u00f6revlerine gidiyorlar. Hay\u0131rl\u0131 u\u011furlu olsun&#8221;&nbsp;<\/strong>diye konu\u015ftu.<\/p>\n\n\n\n<p>Akdeniz Mahallesi Muhtar\u0131 Cavit K\u0131r\u0131t da&nbsp;<strong>&#8220;Do\u011falgaz \u00e7al\u0131\u015fmalar\u0131ndan dolay\u0131 buran\u0131n asfalt\u0131 \u00e7ok bozuktu. Bize bu imkan\u0131 sundu\u011fu i\u00e7in Ba\u015fkan\u0131ma ve ekibine \u00e7ok te\u015fekk\u00fcr ediyorum&#8221;&nbsp;<\/strong>dedi<\/p>\n\n\n\n<p><strong>Esnaf da memnun vatanda\u015f da<\/strong><\/p>\n\n\n\n<p>Yol \u00e7al\u0131\u015fmas\u0131 yap\u0131lan b\u00f6lgedeki esnaftan Sakine K\u00f6se,&nbsp;<strong>&#8220;Yol ister istemez k\u00f6t\u00fcyd\u00fc. Belediyemizin \u00e7al\u0131\u015fmalar\u0131ndan dolay\u0131 te\u015fekk\u00fcr ederiz. Daha iyi ve kaliteli bir hizmet oldu. M\u00fc\u015fteriler \u00e7ok gelip gitti\u011fi i\u00e7in yol iyi olduk\u00e7a sat\u0131\u015flar\u0131m\u0131z i\u00e7in iyi olacak. Halk\u0131m\u0131z i\u00e7in de iyi olacak&#8221;&nbsp;<\/strong>diyerek memnuniyetini dile getirdi.<\/p>\n\n\n\n<p>\u00c7ar\u015f\u0131 esnaf\u0131 \u0130rfan K\u0131ndan,&nbsp;<strong>&#8220;Eski hali \u00e7ok k\u00f6t\u00fcyd\u00fc. T\u00fcmsekler, \u00e7ukurlar vard\u0131, toz toprakt\u0131. \u015eimdi onlardan kurtulduk. Arabalar ge\u00e7erken g\u00fcr\u00fclt\u00fc yap\u0131yordu. Toz kalk\u0131yordu. \u015eimdi yolumuz \u00e7ok g\u00fczel oldu&#8221;&nbsp;<\/strong>dedi.<\/p>\n\n\n\n<p>Vatanda\u015flardan Veli \u0130nce,&nbsp;<strong>&#8220;Eski hali berbatt\u0131. Asfalt olmay\u0131nca arabalar i\u00e7in iyi olmuyor. \u00c7al\u0131\u015fan arkada\u015flar\u0131m\u0131z\u0131n eline koluna sa\u011fl\u0131k. G\u00fclnar&#8217;a hay\u0131rl\u0131 olsun&#8221;&nbsp;<\/strong>diye konu\u015ftu.<\/p>\n\n\n\n<p>Vatanda\u015flardan Mehmet G\u00fcd\u00fck ise&nbsp;<strong>&#8220;Yolumuz \u00e7ok g\u00fczel olmu\u015f. \u00d6nceden su, do\u011falgaz \u00e7al\u0131\u015fmalar\u0131 y\u00fcz\u00fcnden hep bozulmu\u015ftu ama \u015fimdi sa\u011f olsun Vahap Ba\u015fkan\u0131m yapt\u0131&#8221;&nbsp;<\/strong>dedi.<strong>&nbsp;&nbsp;<\/strong><\/p>\n","protected":false},"excerpt":{"rendered":"<p>Mersin&#8217;in yollar\u0131n\u0131 ilmek ilmek i\u015fleyerek vatanda\u015flara en konforlu yollar\u0131 sunmak i\u00e7in gece-g\u00fcnd\u00fcz \u00e7al\u0131\u015fan Mersin B\u00fcy\u00fck\u015fehir Belediyesi Yol Yap\u0131m Bak\u0131m ve Onar\u0131m Dairesi Ba\u015fkanl\u0131\u011f\u0131, taleplere en k\u0131sa s\u00fcrede d\u00f6nmeye devam ediyor. B\u00fcy\u00fck\u015fehir Belediye Ba\u015fkan\u0131 Vahap Se\u00e7er&#8217;in \u00f6nc\u00fcl\u00fc\u011f\u00fcnde her ihtiyaca uygun \u00e7al\u0131\u015fmalar yapan ekipler, G\u00fclnar&#8217;\u0131n en i\u015flek caddesinin \u00e7ehresini de de\u011fi\u015ftirdi. G\u00fclnar&#8217;da Belediye Caddesi ile Atat\u00fcrk Caddesi&#8217;ni [&hellip;]<\/p>\n","protected":false},"author":2,"featured_media":36802,"comment_status":"closed","ping_status":"closed","sticky":false,"template":"","format":"standard","meta":{"footnotes":""},"categories":[3],"tags":[],"class_list":["post-36801","post","type-post","status-publish","format-standard","has-post-thumbnail","hentry","category-manset"],"views":4,"_links":{"self":[{"href":"https:\/\/mersinkadingazetesi.com\/index.php?rest_route=\/wp\/v2\/posts\/36801"}],"collection":[{"href":"https:\/\/mersinkadingazetesi.com\/index.php?rest_route=\/wp\/v2\/posts"}],"about":[{"href":"https:\/\/mersinkadingazetesi.com\/index.php?rest_route=\/wp\/v2\/types\/post"}],"author":[{"embeddable":true,"href":"https:\/\/mersinkadingazetesi.com\/index.php?rest_route=\/wp\/v2\/users\/2"}],"replies":[{"embeddable":true,"href":"https:\/\/mersinkadingazetesi.com\/index.php?rest_route=%2Fwp%2Fv2%2Fcomments&post=36801"}],"version-history":[{"count":1,"href":"https:\/\/mersinkadingazetesi.com\/index.php?rest_route=\/wp\/v2\/posts\/36801\/revisions"}],"predecessor-version":[{"id":36803,"href":"https:\/\/mersinkadingazetesi.com\/index.php?rest_route=\/wp\/v2\/posts\/36801\/revisions\/36803"}],"wp:featuredmedia":[{"embeddable":true,"href":"https:\/\/mersinkadingazetesi.com\/index.php?rest_route=\/wp\/v2\/media\/36802"}],"wp:attachment":[{"href":"https:\/\/mersinkadingazetesi.com\/index.php?rest_route=%2Fwp%2Fv2%2Fmedia&parent=36801"}],"wp:term":[{"taxonomy":"category","embeddable":true,"href":"https:\/\/mersinkadingazetesi.com\/index.php?rest_route=%2Fwp%2Fv2%2Fcategories&post=36801"},{"taxonomy":"post_tag","embeddable":true,"href":"https:\/\/mersinkadingazetesi.com\/index.php?rest_route=%2Fwp%2Fv2%2Ftags&post=36801"}],"curies":[{"name":"wp","href":"https:\/\/api.w.org\/{rel}","templated":true}]}}