{"id":36804,"date":"2024-11-10T10:08:25","date_gmt":"2024-11-10T07:08:25","guid":{"rendered":"https:\/\/mersinkadingazetesi.com\/?p=36804"},"modified":"2024-11-10T10:08:26","modified_gmt":"2024-11-10T07:08:26","slug":"baskan-tuncerden-10-kasim-mesaji","status":"publish","type":"post","link":"https:\/\/mersinkadingazetesi.com\/?p=36804","title":{"rendered":"BA\u015eKAN TUNCER&#8217;DEN 10 KASIM MESAJI\u00a0"},"content":{"rendered":"\n<p>Mezitli Belediye Ba\u015fkan\u0131 Ahmet Serkan Tuncer, 10 Kas\u0131m Atat\u00fcrk&#8217;\u00fc Anma G\u00fcn\u00fc ve Atat\u00fcrk Haftas\u0131 nedeniyle bir mesaj yay\u0131mlad\u0131.<\/p>\n\n\n\n<p>Ba\u015fkan Tuncer, mesaj\u0131nda \u015fu ifadelere yer verdi:<\/p>\n\n\n\n<p>&#8220;Milletimizin yol g\u00f6stericisi, \u00e7a\u011fda\u015f T\u00fcrkiye Cumhuriyeti&#8217;nin kurucusu Ulu \u00d6nder Gazi Mustafa Kemal Atat\u00fcrk&#8217;\u00fc; minnet, rahmet, \u015f\u00fckran ve b\u00fcy\u00fck bir \u00f6zlemle an\u0131yoruz. Atat\u00fcrk&#8217;\u00fcn fikir ve ideallerinin \u0131\u015f\u0131\u011f\u0131nda, bizlere emanet etti\u011fi bu topraklara ve Cumhuriyete sahip \u00e7\u0131kmak hepimizin sorumlulu\u011fu ve g\u00f6revidir. Atat\u00fcrk&#8217;\u00fcn y\u00fcre\u011fimizdeki eri\u015filmez yeri ve ona duydu\u011fumuz sevgisi hi\u00e7bir zaman de\u011fi\u015fmeyecek.<\/p>\n\n\n\n<p>Atat\u00fcrk&#8217;\u00fcn ileri g\u00f6r\u00fc\u015fl\u00fcl\u00fc\u011f\u00fc, bar\u0131\u015f\u00e7\u0131l d\u00fcnya anlay\u0131\u015f\u0131 ve halk\u0131na olan inanc\u0131, T\u00fcrkiye&#8217;yi daima ayd\u0131nl\u0131k yar\u0131nlara ta\u015f\u0131m\u0131\u015ft\u0131r. Bu bilin\u00e7le, Cumhuriyetimizin kazan\u0131mlar\u0131n\u0131 her zaman savunmak ve gelecek nesillere ta\u015f\u0131mak i\u00e7in var g\u00fcc\u00fcm\u00fczle \u00e7al\u0131\u015fmaya devam edece\u011fiz.<\/p>\n\n\n\n<p>Bu duygu ve d\u00fc\u015f\u00fcncelerle, milletimizin ba\u011f\u0131ms\u0131zl\u0131\u011f\u0131 ve \u00fclkemizin ayd\u0131nl\u0131k gelece\u011fi i\u00e7in m\u00fccadele eden Gazi Mustafa Kemal Atat\u00fcrk&#8217;\u00fc, aram\u0131zdan ayr\u0131l\u0131\u015f\u0131n\u0131n 86&#8217;nc\u0131 y\u0131l\u0131nda derin bir h\u00fcz\u00fcn, sayg\u0131 ve rahmetle an\u0131yoruz. Onun yolunda ilerlemeye ilelebet devam edece\u011fiz.&#8221;&nbsp;<\/p>\n","protected":false},"excerpt":{"rendered":"<p>Mezitli Belediye Ba\u015fkan\u0131 Ahmet Serkan Tuncer, 10 Kas\u0131m Atat\u00fcrk&#8217;\u00fc Anma G\u00fcn\u00fc ve Atat\u00fcrk Haftas\u0131 nedeniyle bir mesaj yay\u0131mlad\u0131. Ba\u015fkan Tuncer, mesaj\u0131nda \u015fu ifadelere yer verdi: &#8220;Milletimizin yol g\u00f6stericisi, \u00e7a\u011fda\u015f T\u00fcrkiye Cumhuriyeti&#8217;nin kurucusu Ulu \u00d6nder Gazi Mustafa Kemal Atat\u00fcrk&#8217;\u00fc; minnet, rahmet, \u015f\u00fckran ve b\u00fcy\u00fck bir \u00f6zlemle an\u0131yoruz. Atat\u00fcrk&#8217;\u00fcn fikir ve ideallerinin \u0131\u015f\u0131\u011f\u0131nda, bizlere emanet etti\u011fi bu [&hellip;]<\/p>\n","protected":false},"author":2,"featured_media":36805,"comment_status":"closed","ping_status":"closed","sticky":false,"template":"","format":"standard","meta":{"footnotes":""},"categories":[3],"tags":[],"class_list":["post-36804","post","type-post","status-publish","format-standard","has-post-thumbnail","hentry","category-manset"],"views":2,"_links":{"self":[{"href":"https:\/\/mersinkadingazetesi.com\/index.php?rest_route=\/wp\/v2\/posts\/36804"}],"collection":[{"href":"https:\/\/mersinkadingazetesi.com\/index.php?rest_route=\/wp\/v2\/posts"}],"about":[{"href":"https:\/\/mersinkadingazetesi.com\/index.php?rest_route=\/wp\/v2\/types\/post"}],"author":[{"embeddable":true,"href":"https:\/\/mersinkadingazetesi.com\/index.php?rest_route=\/wp\/v2\/users\/2"}],"replies":[{"embeddable":true,"href":"https:\/\/mersinkadingazetesi.com\/index.php?rest_route=%2Fwp%2Fv2%2Fcomments&post=36804"}],"version-history":[{"count":1,"href":"https:\/\/mersinkadingazetesi.com\/index.php?rest_route=\/wp\/v2\/posts\/36804\/revisions"}],"predecessor-version":[{"id":36806,"href":"https:\/\/mersinkadingazetesi.com\/index.php?rest_route=\/wp\/v2\/posts\/36804\/revisions\/36806"}],"wp:featuredmedia":[{"embeddable":true,"href":"https:\/\/mersinkadingazetesi.com\/index.php?rest_route=\/wp\/v2\/media\/36805"}],"wp:attachment":[{"href":"https:\/\/mersinkadingazetesi.com\/index.php?rest_route=%2Fwp%2Fv2%2Fmedia&parent=36804"}],"wp:term":[{"taxonomy":"category","embeddable":true,"href":"https:\/\/mersinkadingazetesi.com\/index.php?rest_route=%2Fwp%2Fv2%2Fcategories&post=36804"},{"taxonomy":"post_tag","embeddable":true,"href":"https:\/\/mersinkadingazetesi.com\/index.php?rest_route=%2Fwp%2Fv2%2Ftags&post=36804"}],"curies":[{"name":"wp","href":"https:\/\/api.w.org\/{rel}","templated":true}]}}