{"id":36807,"date":"2024-11-10T10:13:41","date_gmt":"2024-11-10T07:13:41","guid":{"rendered":"https:\/\/mersinkadingazetesi.com\/?p=36807"},"modified":"2024-11-10T10:13:42","modified_gmt":"2024-11-10T07:13:42","slug":"milletvekili-uysal-fikirleri-ve-ulkuleriyle-aziz-ataturk-86-yildir-bizimle","status":"publish","type":"post","link":"https:\/\/mersinkadingazetesi.com\/?p=36807","title":{"rendered":"M\u0130LLETVEK\u0130L\u0130 UYSAL: F\u0130K\u0130RLER\u0130 VE \u00dcLK\u00dcLER\u0130YLE AZ\u0130Z ATAT\u00dcRK 86 YILDIR B\u0130Z\u0130MLE"},"content":{"rendered":"\n<p>Milliyet\u00e7i Hareket Partisi Mersin Milletvekili ve MYK \u00dcyesi Dr. Levent Uysal, vefat\u0131n\u0131n 86\u2019nc\u0131 y\u0131l d\u00f6n\u00fcm\u00fc nedeniyle yay\u0131mlad\u0131\u011f\u0131 mesajla Gazi Mustafa Kemal Atat\u00fcrk\u2019\u00fc and\u0131.<\/p>\n\n\n\n<p>Milletvekili Uysal mesaj\u0131nda \u015fu ifadelere yer verdi;<\/p>\n\n\n\n<p>\u201c<strong>Milli m\u00fccadelemizin yol ba\u015f\u00e7\u0131s\u0131, T\u00fcrk milletinin umut \u0131\u015f\u0131\u011f\u0131 Mustafa Kemal Atat\u00fcrk\u2019\u00fcn ebediyete irtihalinin 86\u2019\u0131nc\u0131 y\u0131l\u0131nday\u0131z. Bedeni bizimle olmasa da fikirleri hala bize y\u00f6n veriyor ve g\u00fc\u00e7l\u00fc T\u00fcrkiye\u2019yi in\u015fa etmemizde b\u00fcy\u00fck yer ta\u015f\u0131yor. \u2018<\/strong><a href=\"https:\/\/asal.meb.k12.tr\/icerikler\/beni-gormek-demek-mutlaka-yuzumu-gormek-degildir-benim-fikirlerimi-benim-duygularimi-anliyorsaniz-ve-hissediyorsaniz-bu-yeterlidir-mustafa-kemal-ataturk_14449711.html\"><em><strong>Beni g\u00f6rmek demek, mutlaka y\u00fcz\u00fcm\u00fc g\u00f6rmek de\u011fildir. Benim fikirlerimi, benim duygular\u0131m\u0131 anl\u0131yorsan\u0131z ve hissediyorsan\u0131z bu yeterlidir.<\/strong><\/em><\/a><em><strong>\u2019 <\/strong><\/em><strong>s\u00f6z\u00fcyle hala bizimle oldu\u011funu hissettiren Gazi Mustafa Kemal Atat\u00fcrk, \u00fclkemiz i\u00e7in \u00e7ok b\u00fcy\u00fck bir \u015fans ve d\u00fcnyada e\u015fi benzeri olmayan bir liderdir. \u00d6zg\u00fcrl\u00fc\u011f\u00fc ve ba\u011f\u0131ms\u0131zl\u0131\u011f\u0131 karakteri olarak anlatan, bir milleti esaretten kurtaran Atat\u00fcrk, bu duru\u015fuyla T\u00fcrk\u2019\u00fcn g\u00fcc\u00fcn\u00fc d\u00fcnyaya kan\u0131tlam\u0131\u015f ve T\u00fcrkiye Cumhuriyeti Devleti\u2019ni sayg\u0131 duyulan bir \u00fclke konumuna getirmi\u015ftir. Aziz Atat\u00fcrk 86 y\u0131ld\u0131r bizimle; fikirleriyle, \u00fclk\u00fcleriyle, b\u0131rakt\u0131\u011f\u0131 eserleriyle yan\u0131 ba\u015f\u0131m\u0131zda. Onun bize emanet etti\u011fi T\u00fcrkiye Cumhuriyeti Devleti\u2019ni daha ileri ta\u015f\u0131maya s\u00f6z verdik ve bunun i\u00e7in \u00e7al\u0131\u015fmalar\u0131m\u0131z\u0131 h\u0131z kesmeden s\u00fcrd\u00fcr\u00fcyoruz. Kurmu\u015f oldu\u011fu cumhuriyetimizin kurulu\u015f ilkeleriyle onun yolunda ilerliyoruz. \u00dclkemiz Atat\u00fcrk\u2019\u00fcn g\u00f6stermi\u015f oldu\u011fu hedefler sayesinde daha g\u00fc\u00e7l\u00fc ve y\u0131k\u0131lmaz bir kale. Milliyet\u00e7i Hareket Partisi Genel Ba\u015fkan\u0131m\u0131z Devlet Bah\u00e7eli Beyefendinin dedi\u011fi gibi; \u2018Gazi Mustafa Kemal Atat\u00fcrk T\u00fcrkiye\u2019dir, T\u00fcrk vatan\u0131n istiklal ufkudur.\u2019<\/strong><strong>Bu duygu ve d\u00fc\u015f\u00fcncelerle vefat\u0131n\u0131n 86.y\u0131ld\u00f6n\u00fcm\u00fcnde Aziz Atat\u00fcrk\u2019\u00fc rahmetle, \u015f\u00fckranla, sayg\u0131yla an\u0131yorum. Ruhu \u015fad, mek\u00e2n\u0131 cennet olsun.\u201d<\/strong><\/p>\n","protected":false},"excerpt":{"rendered":"<p>Milliyet\u00e7i Hareket Partisi Mersin Milletvekili ve MYK \u00dcyesi Dr. Levent Uysal, vefat\u0131n\u0131n 86\u2019nc\u0131 y\u0131l d\u00f6n\u00fcm\u00fc nedeniyle yay\u0131mlad\u0131\u011f\u0131 mesajla Gazi Mustafa Kemal Atat\u00fcrk\u2019\u00fc and\u0131. Milletvekili Uysal mesaj\u0131nda \u015fu ifadelere yer verdi; \u201cMilli m\u00fccadelemizin yol ba\u015f\u00e7\u0131s\u0131, T\u00fcrk milletinin umut \u0131\u015f\u0131\u011f\u0131 Mustafa Kemal Atat\u00fcrk\u2019\u00fcn ebediyete irtihalinin 86\u2019\u0131nc\u0131 y\u0131l\u0131nday\u0131z. Bedeni bizimle olmasa da fikirleri hala bize y\u00f6n veriyor ve [&hellip;]<\/p>\n","protected":false},"author":2,"featured_media":36808,"comment_status":"closed","ping_status":"closed","sticky":false,"template":"","format":"standard","meta":{"footnotes":""},"categories":[34,1,2,3],"tags":[],"class_list":["post-36807","post","type-post","status-publish","format-standard","has-post-thumbnail","hentry","category-flas-haber","category-genel","category-gundem","category-manset"],"views":4,"_links":{"self":[{"href":"https:\/\/mersinkadingazetesi.com\/index.php?rest_route=\/wp\/v2\/posts\/36807"}],"collection":[{"href":"https:\/\/mersinkadingazetesi.com\/index.php?rest_route=\/wp\/v2\/posts"}],"about":[{"href":"https:\/\/mersinkadingazetesi.com\/index.php?rest_route=\/wp\/v2\/types\/post"}],"author":[{"embeddable":true,"href":"https:\/\/mersinkadingazetesi.com\/index.php?rest_route=\/wp\/v2\/users\/2"}],"replies":[{"embeddable":true,"href":"https:\/\/mersinkadingazetesi.com\/index.php?rest_route=%2Fwp%2Fv2%2Fcomments&post=36807"}],"version-history":[{"count":1,"href":"https:\/\/mersinkadingazetesi.com\/index.php?rest_route=\/wp\/v2\/posts\/36807\/revisions"}],"predecessor-version":[{"id":36809,"href":"https:\/\/mersinkadingazetesi.com\/index.php?rest_route=\/wp\/v2\/posts\/36807\/revisions\/36809"}],"wp:featuredmedia":[{"embeddable":true,"href":"https:\/\/mersinkadingazetesi.com\/index.php?rest_route=\/wp\/v2\/media\/36808"}],"wp:attachment":[{"href":"https:\/\/mersinkadingazetesi.com\/index.php?rest_route=%2Fwp%2Fv2%2Fmedia&parent=36807"}],"wp:term":[{"taxonomy":"category","embeddable":true,"href":"https:\/\/mersinkadingazetesi.com\/index.php?rest_route=%2Fwp%2Fv2%2Fcategories&post=36807"},{"taxonomy":"post_tag","embeddable":true,"href":"https:\/\/mersinkadingazetesi.com\/index.php?rest_route=%2Fwp%2Fv2%2Ftags&post=36807"}],"curies":[{"name":"wp","href":"https:\/\/api.w.org\/{rel}","templated":true}]}}