{"id":36830,"date":"2024-11-11T13:19:28","date_gmt":"2024-11-11T10:19:28","guid":{"rendered":"https:\/\/mersinkadingazetesi.com\/?p=36830"},"modified":"2024-11-11T13:19:28","modified_gmt":"2024-11-11T10:19:28","slug":"baskan-yildiz-yaz-kis-koylerde-kalan-yurttaslari-ziyaret-ederek-sorunlari-yerinde-tespit-etti","status":"publish","type":"post","link":"https:\/\/mersinkadingazetesi.com\/?p=36830","title":{"rendered":"Ba\u015fkan Y\u0131ld\u0131z, yaz k\u0131\u015f k\u00f6ylerde kalan yurtta\u015flar\u0131 ziyaret ederek sorunlar\u0131 yerinde tespit etti"},"content":{"rendered":"\n<p>Toroslar Belediye Ba\u015fkan\u0131 Abdurrahman Y\u0131ld\u0131z, k\u0131rsal mahalle ve k\u00f6ylerde ya\u015fayan yurtta\u015flar\u0131 ziyaret ederek k\u00f6ylerin taleplerini o k\u00f6ylerde ya\u015fayan yurtta\u015flardan dinledi. 2025 b\u00fct\u00e7esinin y\u00fczde 75&#8217;ini Fen \u0130\u015fleri, Park ve Bah\u00e7eler ve Temizlik \u0130\u015fleri M\u00fcd\u00fcrl\u00fc\u011f\u00fcne ay\u0131rd\u0131klar\u0131n\u0131 belirten Ba\u015fkan Y\u0131ld\u0131z, &#8220;2025 y\u0131l\u0131 itibar\u0131yla, en acil ve \u00f6zlem duyulan hizmetlerden ba\u015flamak \u00fczere Toroslar&#8217;daki b\u00fct\u00fcn fiziki meselelere odaklanaca\u011f\u0131z. Bu il\u00e7ede bug\u00fcne kadar ihmal edilmi\u015f olan \u00f6ncelikli sorunlardan ba\u015flamak \u00fczere t\u00fcm sorunlar\u0131 \u00e7\u00f6zmeye ba\u015fl\u0131yoruz&#8221; dedi.<\/p>\n\n\n\n<p>Her y\u0131l on binlerce yaylac\u0131y\u0131 a\u011f\u0131rlayan Toroslar&#8217;\u0131n y\u00fcksek kesimlerinde havalar so\u011fudu, yayla mevsimi bitti, yaylac\u0131lar daim\u00ee olarak ya\u015fad\u0131klar\u0131 \u015fehir merkezlerine d\u00f6nd\u00fc. Toroslar Belediye Ba\u015fkan\u0131 Abdurrahman Y\u0131ld\u0131z, yaz k\u0131\u015f o k\u00f6ylerde ya\u015fayan, tar\u0131m ve hayvanc\u0131l\u0131k yapan yurtta\u015flar\u0131 ziyaret ederek taleplerini dinledi. Belediyenin b\u00fct\u00fcn m\u00fcd\u00fcrl\u00fckleri de geziye kat\u0131larak k\u00f6yleri gezdi, ba\u015fta yol ve temizlik olmak \u00fczere sorunlar\u0131, talepleri yerinde tespit etti.<\/p>\n\n\n\n<p>Arslank\u00f6y, T\u0131rtar, Kavakl\u0131p\u0131nar, Yavca, \u015eahinp\u0131nar\u0131, \u00c7and\u0131r, Ayvagedi\u011fi ve G\u00f6zne mahallelerini ziyaret ederek yurtta\u015flarla sohbet eden Ba\u015fkan Y\u0131ld\u0131z, il\u00e7eye ba\u011fl\u0131 32 k\u00f6y\u00fcn tamam\u0131n\u0131 k\u0131\u015f mevsimi \u00f6ncesinde gezecekleri, sorunlar\u0131 bizzat o sorunu ya\u015fayan yurtta\u015flardan dinleyip \u00e7\u00f6z\u00fcmler \u00fcreteceklerini s\u00f6yledi.<\/p>\n\n\n\n<p><strong>&#8216;B\u0130Z\u0130M \u00d6NCEL\u0130\u011e\u0130M\u0130Z TEM\u0130ZL\u0130K VE YOL&#8217;<\/strong><\/p>\n\n\n\n<p>Ba\u015fkan Y\u0131ld\u0131z, &#8220;Belediyemize ili\u015fkin fiziki sorunlar\u0131 da tespit etmeye geldik. \u00c7\u00fcnk\u00fc \u00e7ok ciddi birikmi\u015f problemlerimiz var; fiziki problemlerimiz var. 2024 b\u00fct\u00e7esini, yani \u015fimdiki b\u00fct\u00e7emizi, biliyorsunuz bizden \u00f6nceki arkada\u015flar\u0131m\u0131z yapm\u0131\u015ft\u0131 ve onlar\u0131n \u00f6nceliklerine g\u00f6re bu b\u00fct\u00e7e haz\u0131rlanm\u0131\u015ft\u0131. \u015eimdi 2025 b\u00fct\u00e7emizi biz yapt\u0131k. Bizim \u00f6nceliklerimiz farkl\u0131. Haz\u0131rlad\u0131\u011f\u0131m\u0131z b\u00fct\u00e7enin y\u00fczde 75&#8217;inden fazlas\u0131n\u0131 belediyecili\u011fin temel hizmet kalemleri olan ve bug\u00fcne kadar ihmal edilmi\u015f alanlardaki eksikleri gidermek i\u00e7in haz\u0131rlad\u0131k. Yani Fen \u0130\u015fleri M\u00fcd\u00fcrl\u00fc\u011f\u00fcm\u00fcze, Park ve Bah\u00e7eler M\u00fcd\u00fcrl\u00fc\u011f\u00fcm\u00fcze, ve Temizlik \u0130\u015fleri M\u00fcd\u00fcrl\u00fc\u011f\u00fcm\u00fcze ay\u0131rd\u0131k. 2 milyar 300 milyon lira b\u00fct\u00e7emiz var. Bu b\u00fct\u00e7emizin y\u00fczde 75&#8217;ine yak\u0131n\u0131 bu \u00fc\u00e7 ana m\u00fcd\u00fcrl\u00fck \u00fczerinden harcamalar\u0131n\u0131 ger\u00e7ekle\u015ftirece\u011fiz. Yani 2025 y\u0131l\u0131 itibar\u0131yla, en acil ve \u00f6zlem duyulan hizmetlerden ba\u015flamak \u00fczere Toroslar&#8217;daki b\u00fct\u00fcn fiziki meselelere odaklanaca\u011f\u0131m\u0131z\u0131 daha \u00f6nce s\u00f6ylemi\u015ftik. S\u00f6z\u00fcm\u00fcz\u00fcn arkas\u0131nday\u0131z, bunu bir kez daha beyan etmek isterim&#8221; dedi.<\/p>\n\n\n\n<p><strong>&#8216;EN AC\u0130L SORUNLARDAN BA\u015eLAYARAK \u00c7\u00d6ZECE\u011e\u0130Z&#8217;<\/strong><\/p>\n\n\n\n<p>2025 y\u0131l\u0131ndan itibaren Toroslar&#8217;da bug\u00fcne kadar ihmal edilmi\u015f olan \u00f6ncelikli sorunlardan ba\u015flamak \u00fczere t\u00fcm sorunlar\u0131 \u00e7\u00f6zmeye ba\u015flayacaklar\u0131n\u0131 kaydeden Y\u0131ld\u0131z, &#8220;B\u00fct\u00e7emizi ve param\u0131z\u0131 buna g\u00f6re ayarlad\u0131k. Asfaltsa sorun, asfalt\u0131 \u00e7\u00f6zmeye geldik. Bizim ard\u0131m\u0131zdan Fen \u0130\u015fleri M\u00fcd\u00fcrl\u00fc\u011f\u00fcm\u00fcz\u00fcn ekipleri gelecek. Sokak sokak, cadde cadde k\u00f6ylerdeki b\u00fct\u00fcn eksiklikleri, \u00f6rne\u011fin park, bah\u00e7e, kald\u0131r\u0131m, asfalt, parke gibi sorunlar\u0131 belirleyecekler. K\u0131rsalda ve kent merkezinde ne kadar eksi\u011fimiz varsa en acil olanlardan ba\u015flayarak sorunlar\u0131m\u0131z\u0131 \u00e7\u00f6zece\u011fiz. Alet edevat problemimiz \u00e7ok yo\u011fundu, onlar\u0131 da \u00e7\u00f6z\u00fcyoruz. Bu ay itibar\u0131yla ciddi bir krediye ba\u015fvurduk; o kredinin gelme ihtimali \u00e7ok y\u00fcksek. Art\u0131k kamyonumuz, kep\u00e7emiz, silindirimiz olacak. Pikab\u0131m\u0131z, kamyonetimiz olacak. Ama bunlar\u0131n \u00f6nemli bir k\u0131sm\u0131 art\u0131k kendi \u00f6z mal\u0131m\u0131z olacak. \u0130l\u00e7emizin hizmetlerinde kulland\u0131\u011f\u0131m\u0131z ara\u00e7lar i\u00e7in birilerine milyonlarca lira kira \u00f6demeyece\u011fiz; belediyenin, halk\u0131n, Toroslar&#8217;\u0131n m\u00fclk\u00fcyle bu i\u015fleri yapaca\u011f\u0131z&#8221; ifadelerini kulland\u0131.<\/p>\n\n\n\n<p><strong>&#8216;K\u00d6YL\u00dcLER\u0130M\u0130Z\u0130N DERTLER\u0130N\u0130 D\u0130NLEMEYE GELD\u0130K&#8217;<\/strong><\/p>\n\n\n\n<p>\u00d6n\u00fcm\u00fczdeki g\u00fcnlerde d\u00fczenleyecekleri Tar\u0131m \u00c7al\u0131\u015ftay\u0131nda Toroslar&#8217;da tar\u0131m konusunu muhataplar\u0131yla birlikte konu\u015facaklar\u0131n\u0131 kaydeden Ba\u015fkan Y\u0131ld\u0131z, &#8220;K\u00f6yl\u00fclerimizin dertlerini dinlemeye geldik. E\u011fer hakikaten yeniden bir \u00fcretim toplumu haline geleceksek, yeniden \u00fcretmeye ba\u015flayacaksak ve kendi kendimizi doyurabilir duruma geleceksek, y\u00f6netimin, iradenin en k\u00fc\u00e7\u00fck birim olan il\u00e7elerden ba\u015flamas\u0131 gerekecek. Tabii ki ben de biliyorum; bir il\u00e7e belediyesinin b\u00fct\u00e7esiyle, bir il\u00e7e belediyesinin g\u00fcc\u00fcyle anlatt\u0131\u011f\u0131m her \u015feyin d\u00fczeltilmesi m\u00fcmk\u00fcn de\u011fil. Ama buradan konu\u015fulmaya ba\u015flanmas\u0131, birbirimizi anlamaya ba\u015flamam\u0131z m\u00fcmk\u00fcn. Dolay\u0131s\u0131yla 32 k\u00f6y\u00fcm\u00fcz\u00fcn tamam\u0131n\u0131 birka\u00e7 hafta i\u00e7erisinde gezece\u011fiz&#8221; dedi.<\/p>\n","protected":false},"excerpt":{"rendered":"<p>Toroslar Belediye Ba\u015fkan\u0131 Abdurrahman Y\u0131ld\u0131z, k\u0131rsal mahalle ve k\u00f6ylerde ya\u015fayan yurtta\u015flar\u0131 ziyaret ederek k\u00f6ylerin taleplerini o k\u00f6ylerde ya\u015fayan yurtta\u015flardan dinledi. 2025 b\u00fct\u00e7esinin y\u00fczde 75&#8217;ini Fen \u0130\u015fleri, Park ve Bah\u00e7eler ve Temizlik \u0130\u015fleri M\u00fcd\u00fcrl\u00fc\u011f\u00fcne ay\u0131rd\u0131klar\u0131n\u0131 belirten Ba\u015fkan Y\u0131ld\u0131z, &#8220;2025 y\u0131l\u0131 itibar\u0131yla, en acil ve \u00f6zlem duyulan hizmetlerden ba\u015flamak \u00fczere Toroslar&#8217;daki b\u00fct\u00fcn fiziki meselelere odaklanaca\u011f\u0131z. Bu il\u00e7ede [&hellip;]<\/p>\n","protected":false},"author":2,"featured_media":36831,"comment_status":"closed","ping_status":"closed","sticky":false,"template":"","format":"standard","meta":{"footnotes":""},"categories":[2,3,5],"tags":[],"class_list":["post-36830","post","type-post","status-publish","format-standard","has-post-thumbnail","hentry","category-gundem","category-manset","category-mersin"],"views":9,"_links":{"self":[{"href":"https:\/\/mersinkadingazetesi.com\/index.php?rest_route=\/wp\/v2\/posts\/36830"}],"collection":[{"href":"https:\/\/mersinkadingazetesi.com\/index.php?rest_route=\/wp\/v2\/posts"}],"about":[{"href":"https:\/\/mersinkadingazetesi.com\/index.php?rest_route=\/wp\/v2\/types\/post"}],"author":[{"embeddable":true,"href":"https:\/\/mersinkadingazetesi.com\/index.php?rest_route=\/wp\/v2\/users\/2"}],"replies":[{"embeddable":true,"href":"https:\/\/mersinkadingazetesi.com\/index.php?rest_route=%2Fwp%2Fv2%2Fcomments&post=36830"}],"version-history":[{"count":1,"href":"https:\/\/mersinkadingazetesi.com\/index.php?rest_route=\/wp\/v2\/posts\/36830\/revisions"}],"predecessor-version":[{"id":36832,"href":"https:\/\/mersinkadingazetesi.com\/index.php?rest_route=\/wp\/v2\/posts\/36830\/revisions\/36832"}],"wp:featuredmedia":[{"embeddable":true,"href":"https:\/\/mersinkadingazetesi.com\/index.php?rest_route=\/wp\/v2\/media\/36831"}],"wp:attachment":[{"href":"https:\/\/mersinkadingazetesi.com\/index.php?rest_route=%2Fwp%2Fv2%2Fmedia&parent=36830"}],"wp:term":[{"taxonomy":"category","embeddable":true,"href":"https:\/\/mersinkadingazetesi.com\/index.php?rest_route=%2Fwp%2Fv2%2Fcategories&post=36830"},{"taxonomy":"post_tag","embeddable":true,"href":"https:\/\/mersinkadingazetesi.com\/index.php?rest_route=%2Fwp%2Fv2%2Ftags&post=36830"}],"curies":[{"name":"wp","href":"https:\/\/api.w.org\/{rel}","templated":true}]}}