{"id":36845,"date":"2024-11-12T10:53:03","date_gmt":"2024-11-12T07:53:03","guid":{"rendered":"https:\/\/mersinkadingazetesi.com\/?p=36845"},"modified":"2024-11-12T10:53:04","modified_gmt":"2024-11-12T07:53:04","slug":"silifkede-binlerce-fidan-toprak-bulusturuldu","status":"publish","type":"post","link":"https:\/\/mersinkadingazetesi.com\/?p=36845","title":{"rendered":"Silifke\u2019de Binlerce Fidan Toprak Bulu\u015fturuldu"},"content":{"rendered":"\n<p>Mersin Orman B\u00f6lge M\u00fcd\u00fcrl\u00fc\u011f\u00fcm\u00fcze ba\u011fl\u0131 Silifke Orman \u0130\u015fletme M\u00fcd\u00fcrl\u00fc\u011f\u00fcnce H\u0131rmanl\u0131 Mahallesi, H\u0131rmanl\u0131 k\u00f6pr\u00fcs\u00fc mevkiinde d\u00fczenlenen etkinli\u011fe, \u0130l\u00e7e Kaymakam\u0131 Say\u0131n Abdullah Aslaner, Cumhuriyet Ba\u015fsavc\u0131 V. Say\u0131n Zahide G\u00fcl Emlik, \u0130l\u00e7e Jandarma Komutan\u0131 Binba\u015f\u0131 Say\u0131n Ahmet Kemal Balc\u0131, , Silifke Belediye Ba\u015fkan Yard\u0131mc\u0131s\u0131 Say\u0131n Osman \u015een, Silifke Orman \u0130\u015fletme M\u00fcd\u00fcr\u00fc Harun Boz, siyasi parti temsilcileri, \u0130l\u00e7e protokol \u00fcyeleri, kamu kurum ve kurulu\u015flar\u0131, sivil toplum kurulu\u015flar\u0131, \u00f6\u011fretmenler, \u00f6\u011frenciler, muhtarlar\u0131m\u0131z ve vatanda\u015flar kat\u0131ld\u0131.<\/p>\n\n\n\n<p>11 Kas\u0131m \u201cMilli A\u011fa\u00e7land\u0131rma G\u00fcn\u00fc\u201d kapsam\u0131nda \u201cGelece\u011fe Nefes \u0130nsanl\u0131\u011fa Nefes\u201d temas\u0131yla, il\u00e7ede ger\u00e7ekle\u015ftirilen etkinlikte 3 ha. Alanda 4 bin 500 adet fidan toprakla bulu\u015fturuldu.<\/p>\n","protected":false},"excerpt":{"rendered":"<p>Mersin Orman B\u00f6lge M\u00fcd\u00fcrl\u00fc\u011f\u00fcm\u00fcze ba\u011fl\u0131 Silifke Orman \u0130\u015fletme M\u00fcd\u00fcrl\u00fc\u011f\u00fcnce H\u0131rmanl\u0131 Mahallesi, H\u0131rmanl\u0131 k\u00f6pr\u00fcs\u00fc mevkiinde d\u00fczenlenen etkinli\u011fe, \u0130l\u00e7e Kaymakam\u0131 Say\u0131n Abdullah Aslaner, Cumhuriyet Ba\u015fsavc\u0131 V. Say\u0131n Zahide G\u00fcl Emlik, \u0130l\u00e7e Jandarma Komutan\u0131 Binba\u015f\u0131 Say\u0131n Ahmet Kemal Balc\u0131, , Silifke Belediye Ba\u015fkan Yard\u0131mc\u0131s\u0131 Say\u0131n Osman \u015een, Silifke Orman \u0130\u015fletme M\u00fcd\u00fcr\u00fc Harun Boz, siyasi parti temsilcileri, \u0130l\u00e7e protokol [&hellip;]<\/p>\n","protected":false},"author":2,"featured_media":36846,"comment_status":"closed","ping_status":"closed","sticky":false,"template":"","format":"standard","meta":{"footnotes":""},"categories":[3],"tags":[],"class_list":["post-36845","post","type-post","status-publish","format-standard","has-post-thumbnail","hentry","category-manset"],"views":2,"_links":{"self":[{"href":"https:\/\/mersinkadingazetesi.com\/index.php?rest_route=\/wp\/v2\/posts\/36845"}],"collection":[{"href":"https:\/\/mersinkadingazetesi.com\/index.php?rest_route=\/wp\/v2\/posts"}],"about":[{"href":"https:\/\/mersinkadingazetesi.com\/index.php?rest_route=\/wp\/v2\/types\/post"}],"author":[{"embeddable":true,"href":"https:\/\/mersinkadingazetesi.com\/index.php?rest_route=\/wp\/v2\/users\/2"}],"replies":[{"embeddable":true,"href":"https:\/\/mersinkadingazetesi.com\/index.php?rest_route=%2Fwp%2Fv2%2Fcomments&post=36845"}],"version-history":[{"count":1,"href":"https:\/\/mersinkadingazetesi.com\/index.php?rest_route=\/wp\/v2\/posts\/36845\/revisions"}],"predecessor-version":[{"id":36847,"href":"https:\/\/mersinkadingazetesi.com\/index.php?rest_route=\/wp\/v2\/posts\/36845\/revisions\/36847"}],"wp:featuredmedia":[{"embeddable":true,"href":"https:\/\/mersinkadingazetesi.com\/index.php?rest_route=\/wp\/v2\/media\/36846"}],"wp:attachment":[{"href":"https:\/\/mersinkadingazetesi.com\/index.php?rest_route=%2Fwp%2Fv2%2Fmedia&parent=36845"}],"wp:term":[{"taxonomy":"category","embeddable":true,"href":"https:\/\/mersinkadingazetesi.com\/index.php?rest_route=%2Fwp%2Fv2%2Fcategories&post=36845"},{"taxonomy":"post_tag","embeddable":true,"href":"https:\/\/mersinkadingazetesi.com\/index.php?rest_route=%2Fwp%2Fv2%2Ftags&post=36845"}],"curies":[{"name":"wp","href":"https:\/\/api.w.org\/{rel}","templated":true}]}}