{"id":36848,"date":"2024-11-12T10:54:21","date_gmt":"2024-11-12T07:54:21","guid":{"rendered":"https:\/\/mersinkadingazetesi.com\/?p=36848"},"modified":"2024-11-12T10:54:22","modified_gmt":"2024-11-12T07:54:22","slug":"buyuksehirin-koordinatorlugunu-yaptigi-yesil-bir-gelecek-icin-liman-sehirleri-ortakligi-projesinde-sona-gelindi","status":"publish","type":"post","link":"https:\/\/mersinkadingazetesi.com\/?p=36848","title":{"rendered":"B\u00dcY\u00dcK\u015eEH\u0130R&#8217;\u0130N KOORD\u0130NAT\u00d6RL\u00dc\u011e\u00dcN\u00dc YAPTI\u011eI\u00a0\u00a0&#8220;YE\u015e\u0130L B\u0130R GELECEK \u0130\u00c7\u0130N L\u0130MAN \u015eEH\u0130RLER\u0130 ORTAKLI\u011eI&#8221; PROJES\u0130&#8217;NDE SONA GEL\u0130ND\u0130"},"content":{"rendered":"\n<p>Mersin B\u00fcy\u00fck\u015fehir Belediyesi \u00c7evre Koruma ve Kontrol Dairesi Ba\u015fkanl\u0131\u011f\u0131&#8217;n\u0131n T\u00fcrkiye ile Avrupa Birli\u011fi Aras\u0131nda \u015eehir E\u015fle\u015ftirme II (Ye\u015fil Bir Gelecek \u0130\u00e7in E\u015fle\u015ftirme) hibe program\u0131 TTGS-II kapsam\u0131nda hibe almaya hak kazand\u0131\u011f\u0131&nbsp;<strong>&#8220;Ye\u015fil Bir Gelecek \u0130\u00e7in Liman \u015eehirleri Ortakl\u0131\u011f\u0131&#8221;&nbsp;<\/strong>projesinin kapan\u0131\u015f toplant\u0131s\u0131 ger\u00e7ekle\u015ftirildi.<\/p>\n\n\n\n<p>Divan Otel&#8217;de ger\u00e7ekle\u015ftirilen toplant\u0131ya; Mersin B\u00fcy\u00fck\u015fehir Belediyesi b\u00fcrokratlar\u0131n\u0131n yan\u0131 s\u0131ra, projenin payda\u015flar\u0131ndan ODT\u00dc Deniz Bilimleri Enstit\u00fcs\u00fc ve Mersin Ticaret ve Sanayi Odas\u0131 (MTSO) temsilcileri ile birlikte \u00e7ok say\u0131da oda, vak\u0131f ve dernek temsilcisi kat\u0131l\u0131m sa\u011flad\u0131. A\u00e7\u0131l\u0131\u015f konu\u015fmalar\u0131 ile ba\u015flayan programda projenin payda\u015flar\u0131ndan; Klaipeda \u015eehir Belediyesi, Klaipeda \u00dcniversitesi, MTSO ve ODT\u00dc Deniz Bilimleri Enstit\u00fcs\u00fc&#8217;nden birer temsilci konu\u015fma yapt\u0131 ve ard\u0131ndan sunumlara ge\u00e7ildi.<\/p>\n\n\n\n<p>Toplant\u0131da; 12 ay \u00f6nce ba\u015flat\u0131lan, hem k\u0131y\u0131 hem de liman kenti olan Mersin ve Klaipeda&#8217;n\u0131n iklim ve \u00e7evre konusunda ya\u015fad\u0131\u011f\u0131 olumsuzluklar\u0131n ve problemlerin \u00f6n\u00fcne ge\u00e7ilmesinin hedeflendi\u011fi, k\u0131y\u0131 direncinin de art\u0131r\u0131lmas\u0131n\u0131n ama\u00e7land\u0131\u011f\u0131 projede sona gelindi\u011fi ifade edildi. \u015eimdiye kadar kar\u015f\u0131l\u0131kl\u0131 \u00fclke ziyaretleri ve saha gezileri ile iyi uygulama \u00f6rneklerini yerinde inceleyen yetkililer, \u00e7al\u0131\u015ftay ve etkinliklerden elde ettikleri bulgular\u0131 kat\u0131l\u0131mc\u0131larla payla\u015ft\u0131. Projenin ana \u00e7\u0131k\u0131\u015f amac\u0131ndan hareketle elde edilen verilerle olu\u015fturulmak istenen yol haritas\u0131 da toplant\u0131da ortaya konuldu.<\/p>\n\n\n\n<p><strong>\u00d6zdemir: &#8220;B\u00fcy\u00fck\u015fehir olarak, bu toplant\u0131n\u0131n \u00e7\u0131kt\u0131lar\u0131n\u0131 en g\u00fczel \u015fekilde de\u011ferlendirece\u011fiz&#8221;<\/strong><\/p>\n\n\n\n<p>K\u00fcresel \u0131s\u0131nma ve iklim de\u011fi\u015fikliklerinin sebep oldu\u011fu olumsuzluklar\u0131n her ge\u00e7en g\u00fcn daha da artt\u0131\u011f\u0131n\u0131 belirten Mersin B\u00fcy\u00fck\u015fehir Belediyesi Genel Sekreter Yard\u0131mc\u0131s\u0131 Ali R\u0131za \u00d6zdemir,&nbsp;<strong>&#8220;B\u00f6yle bir ger\u00e7eklik kar\u015f\u0131s\u0131nda, s\u00fcrd\u00fcr\u00fclebilir, sa\u011fl\u0131kl\u0131 bir \u00e7evre bilinci olu\u015fturmak ve bu bilinci gelecek nesillere aktarmak en temel sorumluluklar\u0131n\u0131z aras\u0131ndad\u0131r. Bu bilin\u00e7 ve fark\u0131ndal\u0131kla, Ba\u015fkan\u0131m\u0131z Say\u0131n Vahap Se\u00e7er 2019&#8217;dan bu yana pek \u00e7ok \u00f6rnek proje ve yat\u0131r\u0131m uygulamalar\u0131n\u0131 hayata ge\u00e7irdi&#8221;<\/strong>&nbsp;diyerek, B\u00fcy\u00fck\u015fehir&#8217;in yapm\u0131\u015f oldu\u011fu \u00e7evreci uygulamalar\u0131 s\u0131ralad\u0131.<\/p>\n\n\n\n<p>B\u00fcy\u00fck\u015fehir&#8217;in s\u00fcrd\u00fcr\u00fclebilir \u00e7evreci uygulamalar\u0131n\u0131n vatanda\u015flar taraf\u0131ndan memnuniyetle kar\u015f\u0131land\u0131\u011f\u0131n\u0131, bu memnuniyetin de kendilerini mutlu etti\u011fini s\u00f6yleyen \u00d6zdemir; Mersin&#8217;in iklimi, co\u011frafyas\u0131, tarihi dokusu ve konumu itibariyle \u00e7ok g\u00fczel bir kent oldu\u011funu vurgulad\u0131. \u00d6zdemir, devam\u0131nda ise,&nbsp;<strong>&#8220;Bu bir kapan\u0131\u015f toplant\u0131s\u0131 olarak g\u00f6r\u00fclse de, her kapan\u0131\u015f yeni bir a\u00e7\u0131l\u0131\u015fa gebedir. Bu toplant\u0131n\u0131n \u00e7\u0131kt\u0131lar\u0131n\u0131 en g\u00fczel \u015fekilde de\u011ferlendirece\u011fiz. Y\u00f6netimimizde bunlar\u0131 uygulayaca\u011f\u0131z ve yeni projelerle yola \u00e7\u0131kaca\u011f\u0131z&#8221;<\/strong>&nbsp;dedi.<\/p>\n\n\n\n<p><strong>Dr. Halisdemir: &#8220;Litvanya ile ortak y\u00fcr\u00fctt\u00fc\u011f\u00fcm\u00fcz projemizi ba\u015far\u0131yla sonu\u00e7land\u0131rd\u0131k&#8221;<\/strong><\/p>\n\n\n\n<p>Mersin&#8217;in co\u011frafyas\u0131 ve konumu itibari ile \u00e7ok k\u0131ymetli bir kent oldu\u011funu s\u00f6yleyen \u00c7evre Koruma ve Kontrol Dairesi Ba\u015fkan\u0131 Dr. B\u00fclent Halisdemir,&nbsp;<strong>&#8220;Mavi ve ye\u015fil renklerin hakim oldu\u011fu b\u00f6lgemizde, insanlar\u0131m\u0131z\u0131n temiz ve do\u011fal bir \u00e7evrede mutlu, huzurlu ve memnuniyetle ya\u015famas\u0131 i\u00e7in t\u00fcm g\u00fcc\u00fcm\u00fczle \u00e7al\u0131\u015f\u0131yoruz. B\u00fcy\u00fck\u015fehir olarak, \u00e7evre konusunda birlikte ve bilin\u00e7li hareket edilmesi gerekti\u011fine inan\u0131yoruz. Bu nedenle b\u00fct\u00fcn kurum, kurulu\u015flar ve STK&#8217;larla i\u015f birli\u011fi yapmay\u0131 hedefliyoruz&#8221;<\/strong>&nbsp;dedi.<\/p>\n\n\n\n<p>\u0130klim de\u011fi\u015fikliklerinden etkilenecek illerden bir tanesinin de Mersin oldu\u011funa dikkat \u00e7eken Dr. Halisdemir,&nbsp;<strong>&#8220;Gerek yurt i\u00e7inde, gerekse de yurt d\u0131\u015f\u0131nda s\u00fcrekli proje aray\u0131\u015f\u0131 i\u00e7erisindeyiz. Bu konuda da ba\u015far\u0131l\u0131 ili\u015fkilerimizi her ge\u00e7en g\u00fcn art\u0131rmay\u0131 hedefliyoruz. Bu uygulamalar\u0131 kentimize kazand\u0131rmak amac\u0131yla Avrupa \u00fclkelerindeki iyi uygulamalar\u0131 yerinde g\u00f6rerek, ilimiz ko\u015fullar\u0131na uygun olacak \u015fekilde \u00e7al\u0131\u015fmalar\u0131m\u0131za devam ediyoruz. Litvanya&#8217;n\u0131n Klaipeda Belediyesi ile ortak y\u00fcr\u00fctt\u00fc\u011f\u00fcm\u00fcz bu projemizi de ba\u015far\u0131yla sonu\u00e7land\u0131rd\u0131k&#8221;<\/strong>&nbsp;diye konu\u015ftu.&nbsp;<\/p>\n\n\n\n<p><strong>Dokucu: &#8220;Farkl\u0131 k\u00fclt\u00fcrlerin bir araya gelmesi bizlere yeni bir bak\u0131\u015f a\u00e7\u0131s\u0131 sunuyor&#8221;<\/strong><\/p>\n\n\n\n<p>B\u00fcy\u00fck\u015fehir Belediyesi&#8217;nin ilgili t\u00fcm birimleri ile iklim de\u011fi\u015fikli\u011fi konusunda \u00e7al\u0131\u015fma ve projeler \u00fcrettiklerini dile getiren Kad\u0131n ve Aile Hizmetleri Dairesi Ba\u015fkan\u0131 \u015eerife Haso\u011flu Dokucu,&nbsp;<strong>&#8220;B\u00f6yle \u00e7al\u0131\u015fmalar bizlere yol g\u00f6sterici ve ayd\u0131nlat\u0131c\u0131 oluyor. Ayn\u0131 zamanda bunun ortakl\u0131k \u015feklinde yap\u0131lmas\u0131 da g\u00fc\u00e7 birli\u011fini getiriyor. \u00c7ok mutluyuz. Farkl\u0131 k\u00fclt\u00fcrlerin bir araya gelmesi t\u00fcm dairelere yeni bir vizyon ve farkl\u0131 bir bak\u0131\u015f a\u00e7\u0131s\u0131 sunuyor. \u00c7al\u0131\u015fmalar\u0131m\u0131zda da fark yarat\u0131yor&#8221;<\/strong>&nbsp;diye konu\u015ftu.<\/p>\n\n\n\n<p><strong>Dr. Tezcan: &#8220;Biz burada her iki taraf\u0131n, \u00f6zellikle de Mersin k\u0131y\u0131lar\u0131n\u0131n k\u0131r\u0131lganl\u0131\u011f\u0131n\u0131 inceledik&#8221;<\/strong><\/p>\n\n\n\n<p>ODT\u00dc Deniz Bilimleri Enstit\u00fcs\u00fc \u00d6\u011fretim \u00dcyesi Dr. Devrim Tezcan, her 2 liman kentinin de benzer problemlerle kar\u015f\u0131 kar\u015f\u0131ya kald\u0131\u011f\u0131n\u0131 s\u00f6yleyerek,&nbsp;<strong>&#8220;Biz burada her iki taraf\u0131n, \u00f6zellikle de Mersin k\u0131y\u0131lar\u0131n\u0131n k\u0131r\u0131lganl\u0131\u011f\u0131n\u0131 inceledik. Bu k\u0131r\u0131lganl\u0131k kar\u015f\u0131s\u0131nda neler yap\u0131labilir, Klaipeda&#8217;da neler yap\u0131lm\u0131\u015f, bizim buradaki iyi uygulamalardan yola \u00e7\u0131karak orada neler yap\u0131labilir diye tart\u0131\u015ft\u0131k. Bu yol haritas\u0131n\u0131n daha ba\u015flang\u0131\u00e7 noktas\u0131nday\u0131z. \u0130lk a\u015famada sorunun fark\u0131na varmak ve payda\u015flar\u0131 bu i\u015fin i\u00e7erisine dahil etmekle birlikte, Mersin&#8217;de al\u0131nabilecek en uygun \u00f6nlemlerin belirlenmesi a\u015famalar\u0131 var. Bunlardan sonra uygulama a\u015famas\u0131na ge\u00e7ece\u011fiz&#8221;<\/strong>&nbsp;dedi.<\/p>\n\n\n\n<p><strong>Arslan: &#8220;Proje sayesinde 2 liman \u015fehri olarak g\u00fczel bir dostluk geli\u015ftirdik&#8221;<\/strong><\/p>\n\n\n\n<p>2 liman kenti olarak ortak bir yol haritas\u0131 olu\u015fturmak amac\u0131yla bir araya geldiklerini kaydeden \u00c7evre Koruma ve Kontrol Dairesi Ba\u015fkanl\u0131\u011f\u0131&#8217;nda g\u00f6rev yapan Proje Uzman\u0131 Ay\u015fe Nur Arslan ise,&nbsp;&nbsp;<strong>&#8220;2 \u015fehrin de liman kenti olmas\u0131 ve Klaipeda&#8217;n\u0131n Balt\u0131k, Mersin&#8217;in de Akdeniz&#8217;e k\u0131y\u0131s\u0131 olmas\u0131 sebebiyle sorunlar\u0131m\u0131z hemen hemen ortakt\u0131. Bu anlamda, iklim de\u011fi\u015fikli\u011fi ve k\u0131y\u0131 diren\u00e7lili\u011fi konusunda bir yol haritas\u0131 haz\u0131rlamaya karar verdik. Kar\u015f\u0131l\u0131kl\u0131 saha gezileri yapt\u0131k. Bu gezilerde iklim de\u011fi\u015fikli\u011fi ile ilgili yapt\u0131\u011f\u0131m\u0131z iyi uygulama \u00f6rneklerini birbirimize g\u00f6sterdik. Birlikte g\u00fczel bir dostluk geli\u015ftirdik&#8221;<\/strong>&nbsp;diye konu\u015ftu.<\/p>\n","protected":false},"excerpt":{"rendered":"<p>Mersin B\u00fcy\u00fck\u015fehir Belediyesi \u00c7evre Koruma ve Kontrol Dairesi Ba\u015fkanl\u0131\u011f\u0131&#8217;n\u0131n T\u00fcrkiye ile Avrupa Birli\u011fi Aras\u0131nda \u015eehir E\u015fle\u015ftirme II (Ye\u015fil Bir Gelecek \u0130\u00e7in E\u015fle\u015ftirme) hibe program\u0131 TTGS-II kapsam\u0131nda hibe almaya hak kazand\u0131\u011f\u0131&nbsp;&#8220;Ye\u015fil Bir Gelecek \u0130\u00e7in Liman \u015eehirleri Ortakl\u0131\u011f\u0131&#8221;&nbsp;projesinin kapan\u0131\u015f toplant\u0131s\u0131 ger\u00e7ekle\u015ftirildi. Divan Otel&#8217;de ger\u00e7ekle\u015ftirilen toplant\u0131ya; Mersin B\u00fcy\u00fck\u015fehir Belediyesi b\u00fcrokratlar\u0131n\u0131n yan\u0131 s\u0131ra, projenin payda\u015flar\u0131ndan ODT\u00dc Deniz Bilimleri Enstit\u00fcs\u00fc [&hellip;]<\/p>\n","protected":false},"author":2,"featured_media":36849,"comment_status":"closed","ping_status":"closed","sticky":false,"template":"","format":"standard","meta":{"footnotes":""},"categories":[3],"tags":[],"class_list":["post-36848","post","type-post","status-publish","format-standard","has-post-thumbnail","hentry","category-manset"],"views":1,"_links":{"self":[{"href":"https:\/\/mersinkadingazetesi.com\/index.php?rest_route=\/wp\/v2\/posts\/36848"}],"collection":[{"href":"https:\/\/mersinkadingazetesi.com\/index.php?rest_route=\/wp\/v2\/posts"}],"about":[{"href":"https:\/\/mersinkadingazetesi.com\/index.php?rest_route=\/wp\/v2\/types\/post"}],"author":[{"embeddable":true,"href":"https:\/\/mersinkadingazetesi.com\/index.php?rest_route=\/wp\/v2\/users\/2"}],"replies":[{"embeddable":true,"href":"https:\/\/mersinkadingazetesi.com\/index.php?rest_route=%2Fwp%2Fv2%2Fcomments&post=36848"}],"version-history":[{"count":1,"href":"https:\/\/mersinkadingazetesi.com\/index.php?rest_route=\/wp\/v2\/posts\/36848\/revisions"}],"predecessor-version":[{"id":36850,"href":"https:\/\/mersinkadingazetesi.com\/index.php?rest_route=\/wp\/v2\/posts\/36848\/revisions\/36850"}],"wp:featuredmedia":[{"embeddable":true,"href":"https:\/\/mersinkadingazetesi.com\/index.php?rest_route=\/wp\/v2\/media\/36849"}],"wp:attachment":[{"href":"https:\/\/mersinkadingazetesi.com\/index.php?rest_route=%2Fwp%2Fv2%2Fmedia&parent=36848"}],"wp:term":[{"taxonomy":"category","embeddable":true,"href":"https:\/\/mersinkadingazetesi.com\/index.php?rest_route=%2Fwp%2Fv2%2Fcategories&post=36848"},{"taxonomy":"post_tag","embeddable":true,"href":"https:\/\/mersinkadingazetesi.com\/index.php?rest_route=%2Fwp%2Fv2%2Ftags&post=36848"}],"curies":[{"name":"wp","href":"https:\/\/api.w.org\/{rel}","templated":true}]}}