{"id":36873,"date":"2024-11-13T11:39:36","date_gmt":"2024-11-13T08:39:36","guid":{"rendered":"https:\/\/mersinkadingazetesi.com\/?p=36873"},"modified":"2024-11-13T11:39:36","modified_gmt":"2024-11-13T08:39:36","slug":"mhp-mersin-milletvekili-uysal-ticaret-bakanligi-plan-ve-butce-komisyonu-gorusmelerinde-konustu","status":"publish","type":"post","link":"https:\/\/mersinkadingazetesi.com\/?p=36873","title":{"rendered":"MHP MERS\u0130N M\u0130LLETVEK\u0130L\u0130 UYSAL T\u0130CARET BAKANLI\u011eI PLAN VE B\u00dcT\u00c7E KOM\u0130SYONU G\u00d6R\u00dc\u015eMELER\u0130NDE KONU\u015eTU"},"content":{"rendered":"\n<p>Milliyet\u00e7i Hareket Partisi Mersin Milletvekili ve MYK \u00dcyesi Dr. Levent Uysal Ticaret Bakanl\u0131\u011f\u0131 Plan ve B\u00fct\u00e7e Komisyonu g\u00f6r\u00fc\u015fmelerinde s\u00f6z ald\u0131. Mersin\u2019de ihracat yapan narenciye \u00fcreticileri i\u00e7in alternatif yurt d\u0131\u015f\u0131 pazarlar\u0131yla ilgili destek istedi.<\/p>\n\n\n\n<p>Ticaret Bakanl\u0131\u011f\u0131n\u0131n 2025 y\u0131l\u0131 plan ve b\u00fct\u00e7e g\u00f6r\u00fc\u015fmeleri ger\u00e7ekle\u015ftirildi. Milliyet\u00e7i Hareket Partisi Mersin Milletvekili ve MYK \u00dcyesi Dr. Levent Uysal da g\u00f6r\u00fc\u015fmelerde s\u00f6z alarak Mersin\u2019in ekonomisi ve ihracat\u0131 ile ilgili de\u011ferlendirmelerde bulundu.<\/p>\n\n\n\n<p>Milletvekili Uysal Ticaret Bakan\u0131 \u00d6mer Bolat\u2019a Mersin\u2019e vermi\u015f oldu\u011fu desteklerden dolay\u0131 te\u015fekk\u00fcr ederek ekonomi \u00fczerine \u00e7al\u0131\u015ftaylar\u0131n devam edece\u011fini s\u00f6yledi. Uysal <strong>\u201cMersin ekonomi zirvesine vermi\u015f oldu\u011funuz desteklerden dolay\u0131 \u00e7ok te\u015fekk\u00fcr ediyorum. \u00c7al\u0131\u015ftaylar\u0131m\u0131z devam edecek. En k\u0131sa s\u00fcrede Mersin\u2019in ekonomisi ile ilgili yol haritam\u0131z\u0131 sizlere sunaca\u011f\u0131z ve birlikte payda\u015f olarak daha b\u00fcy\u00fck projeler yapmay\u0131 s\u00fcrd\u00fcrece\u011fiz.\u201d <\/strong>dedi.<\/p>\n\n\n\n<p>Mersin firmalar\u0131n\u0131n 2023 y\u0131l\u0131nda 180 \u00fclkeye 8 milyar dolarl\u0131k ihracat yapt\u0131\u011f\u0131n\u0131 vurgulayarak \u00fclke ekonomisine b\u00fcy\u00fck katk\u0131 sundu\u011funu hat\u0131rlatan Milletvekili Uysal <strong>\u201c2023 y\u0131l\u0131nda Mersin firmalar\u0131m\u0131z, 180 \u00fclkeye ihracatla 8 milyar dolarl\u0131k art\u0131 sa\u011flam\u0131\u015ft\u0131r. Bu da \u00fclkemizin y\u00fczde 3 ihracat\u0131na denk gelmektedir. Di\u011fer taraftan ise Mersin Serbest B\u00f6lgemiz 500 milyon dolarl\u0131k katma de\u011ferle \u00fclkemizin ikinci b\u00fcy\u00fck serbest b\u00f6lgesi olmu\u015ftur. T\u00fcrkiye ekonomisine sa\u011flad\u0131\u011f\u0131m\u0131z bu katma de\u011ferden dolay\u0131 sizlerden \u00e7ok daha fazla destek bekliyoruz. \u00c7\u00fcnk\u00fc Mersin\u2019deki firmalar\u0131m\u0131z ger\u00e7ekten ihracat odakl\u0131 ve \u00fcretim odakl\u0131d\u0131r.\u201d<\/strong> \u015feklinde konu\u015ftu.<\/p>\n\n\n\n<p><strong>M\u0130LLETVEK\u0130L\u0130 UYSAL: NARENC\u0130YE \u00dcRET\u0130C\u0130LER\u0130M\u0130Z \u0130\u00c7\u0130N ALTERNAT\u0130F PAZARA \u0130HT\u0130YACIMIZ VAR<\/strong><\/p>\n\n\n\n<p>Mersin\u2019deki narenciye \u00fcreticilerinin ihracat noktas\u0131nda alternatif pazarlarda yer almas\u0131 i\u00e7in destek isteyen Milliyet\u00e7i Hareket Partisi Mersin Milletvekili ve MYK \u00dcyesi Dr. Levent Uysal <strong>\u201c\u00d6ncelikle ihracat yapan narenciye \u00fcreticilerimize, ihracat\u00e7\u0131lar\u0131m\u0131za alternatif yurt d\u0131\u015f\u0131 pazarlar\u0131yla ilgili destek bekliyoruz. Yeni yeni pazarlar istiyoruz. Uzak Do\u011fu, Amerika gibi \u00fclkelerin pazarlar\u0131nda olmak istiyoruz. \u00c7\u00fcnk\u00fc pazar dar oldu\u011funda bir problem \u00e7\u0131kt\u0131\u011f\u0131nda ihracatta d\u00fc\u015f\u00fc\u015f ya\u015fan\u0131yor ve maalesef \u00fcr\u00fcnler elimizde kal\u0131yor, fiyatlar\u0131n d\u00fc\u015fmesine neden oluyor. \u00dcreticilerimizin yeni pazarlarda yer almas\u0131 hem Mersin hem de \u00fclke ekonomimize art\u0131 sa\u011flayacakt\u0131r.\u201d<\/strong> dedi.<\/p>\n\n\n\n<p>Milletvekili Uysal, ihracat yapan payda\u015flar i\u00e7in de fiyat istikrar\u0131 fonu olmak \u00fczere sekt\u00f6re y\u00f6nelik te\u015fviklerin artmas\u0131n\u0131 beklediklerini s\u00f6zlerine ekledi.<\/p>\n","protected":false},"excerpt":{"rendered":"<p>Milliyet\u00e7i Hareket Partisi Mersin Milletvekili ve MYK \u00dcyesi Dr. Levent Uysal Ticaret Bakanl\u0131\u011f\u0131 Plan ve B\u00fct\u00e7e Komisyonu g\u00f6r\u00fc\u015fmelerinde s\u00f6z ald\u0131. Mersin\u2019de ihracat yapan narenciye \u00fcreticileri i\u00e7in alternatif yurt d\u0131\u015f\u0131 pazarlar\u0131yla ilgili destek istedi. Ticaret Bakanl\u0131\u011f\u0131n\u0131n 2025 y\u0131l\u0131 plan ve b\u00fct\u00e7e g\u00f6r\u00fc\u015fmeleri ger\u00e7ekle\u015ftirildi. Milliyet\u00e7i Hareket Partisi Mersin Milletvekili ve MYK \u00dcyesi Dr. Levent Uysal da g\u00f6r\u00fc\u015fmelerde [&hellip;]<\/p>\n","protected":false},"author":2,"featured_media":36874,"comment_status":"closed","ping_status":"closed","sticky":false,"template":"","format":"standard","meta":{"footnotes":""},"categories":[3],"tags":[],"class_list":["post-36873","post","type-post","status-publish","format-standard","has-post-thumbnail","hentry","category-manset"],"views":2,"_links":{"self":[{"href":"https:\/\/mersinkadingazetesi.com\/index.php?rest_route=\/wp\/v2\/posts\/36873"}],"collection":[{"href":"https:\/\/mersinkadingazetesi.com\/index.php?rest_route=\/wp\/v2\/posts"}],"about":[{"href":"https:\/\/mersinkadingazetesi.com\/index.php?rest_route=\/wp\/v2\/types\/post"}],"author":[{"embeddable":true,"href":"https:\/\/mersinkadingazetesi.com\/index.php?rest_route=\/wp\/v2\/users\/2"}],"replies":[{"embeddable":true,"href":"https:\/\/mersinkadingazetesi.com\/index.php?rest_route=%2Fwp%2Fv2%2Fcomments&post=36873"}],"version-history":[{"count":1,"href":"https:\/\/mersinkadingazetesi.com\/index.php?rest_route=\/wp\/v2\/posts\/36873\/revisions"}],"predecessor-version":[{"id":36875,"href":"https:\/\/mersinkadingazetesi.com\/index.php?rest_route=\/wp\/v2\/posts\/36873\/revisions\/36875"}],"wp:featuredmedia":[{"embeddable":true,"href":"https:\/\/mersinkadingazetesi.com\/index.php?rest_route=\/wp\/v2\/media\/36874"}],"wp:attachment":[{"href":"https:\/\/mersinkadingazetesi.com\/index.php?rest_route=%2Fwp%2Fv2%2Fmedia&parent=36873"}],"wp:term":[{"taxonomy":"category","embeddable":true,"href":"https:\/\/mersinkadingazetesi.com\/index.php?rest_route=%2Fwp%2Fv2%2Fcategories&post=36873"},{"taxonomy":"post_tag","embeddable":true,"href":"https:\/\/mersinkadingazetesi.com\/index.php?rest_route=%2Fwp%2Fv2%2Ftags&post=36873"}],"curies":[{"name":"wp","href":"https:\/\/api.w.org\/{rel}","templated":true}]}}