{"id":36876,"date":"2024-11-13T11:41:02","date_gmt":"2024-11-13T08:41:02","guid":{"rendered":"https:\/\/mersinkadingazetesi.com\/?p=36876"},"modified":"2024-11-13T11:41:03","modified_gmt":"2024-11-13T08:41:03","slug":"ekim-ayi-degerlendirme-toplantisi-videokonferans-araciligiyla-gerceklestirildi","status":"publish","type":"post","link":"https:\/\/mersinkadingazetesi.com\/?p=36876","title":{"rendered":"Ekim Ay\u0131 De\u011ferlendirme Toplant\u0131s\u0131 Videokonferans Arac\u0131l\u0131\u011f\u0131yla Ger\u00e7ekle\u015ftirildi"},"content":{"rendered":"\n<p>2024 y\u0131l\u0131 Ekim ay\u0131 de\u011ferlendirme toplant\u0131s\u0131 Orman Genel M\u00fcd\u00fcr\u00fcm\u00fcz Say\u0131n Bekir Karacabey ba\u015fkanl\u0131\u011f\u0131nda video konferans arac\u0131l\u0131\u011f\u0131yla ger\u00e7ekle\u015ftirildi.<\/p>\n\n\n\n<p>Toplant\u0131ya Mersin Orman B\u00f6lge M\u00fcd\u00fcr\u00fc Rifat Ata\u015f, Do\u011fu Akdeniz Ormanc\u0131l\u0131k Ara\u015ft\u0131rma Enstit\u00fc M\u00fcd\u00fcr Vekili Mustafa Albayrak, B\u00f6lge M\u00fcd\u00fcr Yard\u0131mc\u0131lar\u0131, \u015eube M\u00fcd\u00fcrleri, Merkez \u0130\u015fletme M\u00fcd\u00fcr\u00fc ve Fidanl\u0131k M\u00fcd\u00fcr\u00fc kat\u0131l\u0131m sa\u011flad\u0131.<\/p>\n\n\n\n<p>Orman Genel M\u00fcd\u00fcr\u00fcm\u00fcz Bekir Karacabey&#8217;in a\u00e7\u0131l\u0131\u015f konu\u015fmas\u0131yla ba\u015flayan toplant\u0131da geride b\u0131rakt\u0131\u011f\u0131m\u0131z 10 ayda yap\u0131lan ormanc\u0131l\u0131k \u00e7al\u0131\u015fmalar\u0131 de\u011ferlendirilerek y\u0131l sonu hedefleri belirlendi.\u200b<\/p>\n","protected":false},"excerpt":{"rendered":"<p>2024 y\u0131l\u0131 Ekim ay\u0131 de\u011ferlendirme toplant\u0131s\u0131 Orman Genel M\u00fcd\u00fcr\u00fcm\u00fcz Say\u0131n Bekir Karacabey ba\u015fkanl\u0131\u011f\u0131nda video konferans arac\u0131l\u0131\u011f\u0131yla ger\u00e7ekle\u015ftirildi. Toplant\u0131ya Mersin Orman B\u00f6lge M\u00fcd\u00fcr\u00fc Rifat Ata\u015f, Do\u011fu Akdeniz Ormanc\u0131l\u0131k Ara\u015ft\u0131rma Enstit\u00fc M\u00fcd\u00fcr Vekili Mustafa Albayrak, B\u00f6lge M\u00fcd\u00fcr Yard\u0131mc\u0131lar\u0131, \u015eube M\u00fcd\u00fcrleri, Merkez \u0130\u015fletme M\u00fcd\u00fcr\u00fc ve Fidanl\u0131k M\u00fcd\u00fcr\u00fc kat\u0131l\u0131m sa\u011flad\u0131. Orman Genel M\u00fcd\u00fcr\u00fcm\u00fcz Bekir Karacabey&#8217;in a\u00e7\u0131l\u0131\u015f konu\u015fmas\u0131yla ba\u015flayan toplant\u0131da [&hellip;]<\/p>\n","protected":false},"author":2,"featured_media":36877,"comment_status":"closed","ping_status":"closed","sticky":false,"template":"","format":"standard","meta":{"footnotes":""},"categories":[3],"tags":[],"class_list":["post-36876","post","type-post","status-publish","format-standard","has-post-thumbnail","hentry","category-manset"],"views":5,"_links":{"self":[{"href":"https:\/\/mersinkadingazetesi.com\/index.php?rest_route=\/wp\/v2\/posts\/36876"}],"collection":[{"href":"https:\/\/mersinkadingazetesi.com\/index.php?rest_route=\/wp\/v2\/posts"}],"about":[{"href":"https:\/\/mersinkadingazetesi.com\/index.php?rest_route=\/wp\/v2\/types\/post"}],"author":[{"embeddable":true,"href":"https:\/\/mersinkadingazetesi.com\/index.php?rest_route=\/wp\/v2\/users\/2"}],"replies":[{"embeddable":true,"href":"https:\/\/mersinkadingazetesi.com\/index.php?rest_route=%2Fwp%2Fv2%2Fcomments&post=36876"}],"version-history":[{"count":1,"href":"https:\/\/mersinkadingazetesi.com\/index.php?rest_route=\/wp\/v2\/posts\/36876\/revisions"}],"predecessor-version":[{"id":36878,"href":"https:\/\/mersinkadingazetesi.com\/index.php?rest_route=\/wp\/v2\/posts\/36876\/revisions\/36878"}],"wp:featuredmedia":[{"embeddable":true,"href":"https:\/\/mersinkadingazetesi.com\/index.php?rest_route=\/wp\/v2\/media\/36877"}],"wp:attachment":[{"href":"https:\/\/mersinkadingazetesi.com\/index.php?rest_route=%2Fwp%2Fv2%2Fmedia&parent=36876"}],"wp:term":[{"taxonomy":"category","embeddable":true,"href":"https:\/\/mersinkadingazetesi.com\/index.php?rest_route=%2Fwp%2Fv2%2Fcategories&post=36876"},{"taxonomy":"post_tag","embeddable":true,"href":"https:\/\/mersinkadingazetesi.com\/index.php?rest_route=%2Fwp%2Fv2%2Ftags&post=36876"}],"curies":[{"name":"wp","href":"https:\/\/api.w.org\/{rel}","templated":true}]}}