{"id":36882,"date":"2024-11-13T11:44:07","date_gmt":"2024-11-13T08:44:07","guid":{"rendered":"https:\/\/mersinkadingazetesi.com\/?p=36882"},"modified":"2024-11-13T11:44:08","modified_gmt":"2024-11-13T08:44:08","slug":"patili-dostlar-yeni-yuvalarini-patifest-ve-tarsus-festivalinde-buldu","status":"publish","type":"post","link":"https:\/\/mersinkadingazetesi.com\/?p=36882","title":{"rendered":"PAT\u0130L\u0130 DOSTLAR YEN\u0130 YUVALARINI, PAT\u0130FEST VE TARSUS FEST\u0130VAL\u0130&#8217;NDE BULDU"},"content":{"rendered":"\n<p>5199 say\u0131l\u0131 hayvanlar\u0131 koruma kanununun revize edilerek k\u00f6peklerin bar\u0131naklara hapsedilmesini i\u00e7eren yeni \u015feklinden sonra harekete ge\u00e7en Mersin B\u00fcy\u00fck\u015fehir Belediyesi,&nbsp;<strong>&#8216;Ya\u015fam\u0131 Sahiplen Destek B\u00fcy\u00fck\u015fehir&#8217;<\/strong>den kampanyas\u0131n\u0131 ba\u015flatm\u0131\u015f ve vatanda\u015flar\u0131 k\u00f6pek sahiplendirmeye te\u015fvik etmi\u015fti.<\/p>\n\n\n\n<p>Tar\u0131msal Hizmetler Dairesi Sahipsiz Hayvanlar \u015eube M\u00fcd\u00fcrl\u00fc\u011f\u00fc ekiplerinin planl\u0131 ve yo\u011fun \u00e7al\u0131\u015fmalar\u0131yla ba\u015flat\u0131lan ve Ba\u015fkan Vahap Se\u00e7er&#8217;in 23 A\u011fustos&#8217;ta duyurdu\u011fu kampanyaya Mersinli vatanda\u015flar sahip \u00e7\u0131karak yo\u011fun ilgi g\u00f6sterdi. Sosyal medya hesaplar\u0131ndan ve farkl\u0131 bas\u0131n yay\u0131n organlar\u0131ndan kampanyay\u0131 duyan vatanda\u015flar Ka\u015fl\u0131 Ge\u00e7ici Bak\u0131mevi ba\u015fta olmak \u00fczere B\u00fcy\u00fck\u015fehir Belediyesi&#8217;nin bar\u0131naklar\u0131n\u0131 gezerek kendisine bir can dost sahiplenmeye ba\u015flad\u0131.<\/p>\n\n\n\n<p>A\u011fustos ay\u0131ndan bu yana bir\u00e7ok k\u00f6pe\u011fi ve kediyi sahiplendiren B\u00fcy\u00fck\u015fehir Belediyesi, ger\u00e7ekle\u015ftirdi\u011fi festivallerde de sahiplendirme alan\u0131 olu\u015fturarak vatanda\u015flar\u0131n patili dostlarla tan\u0131\u015fmas\u0131n\u0131 ve ba\u011f kurmas\u0131n\u0131 sa\u011flad\u0131. Hayvanlar\u0131 Koruma G\u00fcn\u00fc etkinlikleri, Patifest ve yak\u0131n zamanda yap\u0131lan Uluslararas\u0131 Tarsus Festivali&#8217;nde kurulan sahiplendirme alan\u0131nda toplam 37 k\u00f6pek ve kedi sahiplendirdi. B\u00fcy\u00fck\u015fehir Belediyesi bu say\u0131larla birlikte kampanya ba\u015flad\u0131\u011f\u0131 andan bug\u00fcne kadar 238 adet k\u00f6pek, 102 adet kedi sahiplendirdi.<\/p>\n\n\n\n<p><strong>Benli: &#8220;Vatanda\u015flar\u0131m\u0131z\u0131 ve can dostlar\u0131m\u0131z\u0131 ortak paydada bulu\u015fturmak istedik&#8221;<\/strong><\/p>\n\n\n\n<p>Ka\u015fl\u0131 Ge\u00e7ici Hayvan Bak\u0131mevi ve Rehabilitasyon Merkezi&#8217;nde sorumlu Veteriner Hekim \u00d6mer Benli, yasa de\u011fi\u015fikli\u011finden sonra h\u0131zl\u0131 bir \u015fekilde organize olarak&nbsp;<strong>Ya\u015fam\u0131 Sahiplen Destek B\u00fcy\u00fck\u015fehir<\/strong>&#8216;den kampanyas\u0131n\u0131 ba\u015flatt\u0131klar\u0131n\u0131 belirtti. Benli, Ba\u015fkan Vahap Se\u00e7er&#8217;in 23 A\u011fustos&#8217;ta kampanyay\u0131 a\u00e7\u0131klamas\u0131yla sahiplenme say\u0131lar\u0131n\u0131n art\u0131\u015f g\u00f6sterdi\u011fini ifade etti. Benli,&nbsp;<strong>&#8220;Bu kampanyayla; belediyemizi, vatanda\u015flar\u0131 ve can dostlar\u0131m\u0131z\u0131 ortak paydada bulu\u015fturmay\u0131 ama\u00e7lad\u0131k&#8221;<\/strong>&nbsp;dedi. Kampanya kapsam\u0131nda B\u00fcy\u00fck\u015fehir Belediyesi&#8217;nden k\u00f6pek sahiplenen vatanda\u015flar i\u00e7in mama, a\u015f\u0131 ve pet kuaf\u00f6r noktas\u0131nda sa\u011flad\u0131klar\u0131 kolayl\u0131klar\u0131 da anlatan Benli, Mersin Veteriner Hekimler Odas\u0131 ile yapt\u0131klar\u0131 protokolden de bahsetti. Protokol gere\u011fi, B\u00fcy\u00fck\u015fehir Belediyesi&#8217;nden k\u00f6pek sahiplenen vatanda\u015flar\u0131n veteriner hekim i\u015flemlerinin y\u00fczde 25 indirimli oldu\u011funu hat\u0131rlatt\u0131.<\/p>\n\n\n\n<p><strong>&#8220;Bug\u00fcne kadar 238 adet k\u00f6pek, 102 adet kedi sahiplendirdik&#8221;<\/strong><\/p>\n\n\n\n<p>Benli, B\u00fcy\u00fck\u015fehir b\u00fcnyesinde yap\u0131lan festivallerde patili dostlar i\u00e7in de bir alan olu\u015fturduklar\u0131n\u0131 ve sahiplendirme yapt\u0131klar\u0131n\u0131 s\u00f6yledi. Detaylar\u0131 payla\u015fan Benli, \u015funlar\u0131 s\u00f6yledi:<\/p>\n\n\n\n<p><strong>&#8220;4 Ekim Hayvanlar\u0131 Koruma G\u00fcn\u00fc&#8217;nde Sayapark&#8217;ta bir sahiplendirme alan\u0131 olu\u015fturduk. Burada 4 adet k\u00f6pek sahiplendirdik. 6 Ekim&#8217;de Patifestimiz oldu ve bu alanda can dostlar\u0131m\u0131za yo\u011fun bir ilgi oldu. Patifest&#8217;e 10 kedi, 10 k\u00f6pek g\u00f6t\u00fcrd\u00fck. 10 k\u00f6pe\u011fin hepsini sahiplendirdik. Vatanda\u015flar\u0131n ilgisi \u00fczerine bu say\u0131n\u0131n yetmedi\u011fini fark ettik ve 5 k\u00f6pek daha getirdik, onlar da sahiplendirildi. Toplamda 15 be\u015f k\u00f6pek, 8 kediyi Patifest&#8217;te sahiplendirmi\u015f olduk. Uluslararas\u0131 Tarsus Festivali&#8217;nde de 10 adet k\u00f6pek sahiplendirdik. B\u00f6ylece Patifest&#8217;ten sonra 85 k\u00f6pek sahiplendirmi\u015f olduk.&#8221;<\/strong><\/p>\n\n\n\n<p><strong>&#8220;Vatanda\u015flar\u0131m\u0131z hem projeye hem can dostlar\u0131m\u0131za sahip \u00e7\u0131kt\u0131&#8221;<\/strong><\/p>\n\n\n\n<p>Kampanya ba\u015flad\u0131\u011f\u0131 andan itibaren bug\u00fcne kadar sahiplenilen patili dost say\u0131lar\u0131n\u0131 da payla\u015fan Benli,&nbsp;<strong>&#8220;Bug\u00fcne kadar toplam 238 adet k\u00f6pek, 102 adet kedi sahiplendirdik. Vatanda\u015flar\u0131m\u0131z\u0131n ilgisi b\u00fcy\u00fck oldu. Vatanda\u015flar\u0131m\u0131z hem projeye hem de can dostlar\u0131m\u0131za sahip \u00e7\u0131kt\u0131, sahip \u00e7\u0131kmaya devam ediyor. Patifest gibi di\u011fer festivallerde de biz sahiplendirme alan\u0131 olu\u015fturaca\u011f\u0131z&#8221;<\/strong>&nbsp;diye belirtti.<\/p>\n","protected":false},"excerpt":{"rendered":"<p>5199 say\u0131l\u0131 hayvanlar\u0131 koruma kanununun revize edilerek k\u00f6peklerin bar\u0131naklara hapsedilmesini i\u00e7eren yeni \u015feklinden sonra harekete ge\u00e7en Mersin B\u00fcy\u00fck\u015fehir Belediyesi,&nbsp;&#8216;Ya\u015fam\u0131 Sahiplen Destek B\u00fcy\u00fck\u015fehir&#8217;den kampanyas\u0131n\u0131 ba\u015flatm\u0131\u015f ve vatanda\u015flar\u0131 k\u00f6pek sahiplendirmeye te\u015fvik etmi\u015fti. Tar\u0131msal Hizmetler Dairesi Sahipsiz Hayvanlar \u015eube M\u00fcd\u00fcrl\u00fc\u011f\u00fc ekiplerinin planl\u0131 ve yo\u011fun \u00e7al\u0131\u015fmalar\u0131yla ba\u015flat\u0131lan ve Ba\u015fkan Vahap Se\u00e7er&#8217;in 23 A\u011fustos&#8217;ta duyurdu\u011fu kampanyaya Mersinli vatanda\u015flar sahip \u00e7\u0131karak [&hellip;]<\/p>\n","protected":false},"author":2,"featured_media":36883,"comment_status":"closed","ping_status":"closed","sticky":false,"template":"","format":"standard","meta":{"footnotes":""},"categories":[2,3],"tags":[],"class_list":["post-36882","post","type-post","status-publish","format-standard","has-post-thumbnail","hentry","category-gundem","category-manset"],"views":2,"_links":{"self":[{"href":"https:\/\/mersinkadingazetesi.com\/index.php?rest_route=\/wp\/v2\/posts\/36882"}],"collection":[{"href":"https:\/\/mersinkadingazetesi.com\/index.php?rest_route=\/wp\/v2\/posts"}],"about":[{"href":"https:\/\/mersinkadingazetesi.com\/index.php?rest_route=\/wp\/v2\/types\/post"}],"author":[{"embeddable":true,"href":"https:\/\/mersinkadingazetesi.com\/index.php?rest_route=\/wp\/v2\/users\/2"}],"replies":[{"embeddable":true,"href":"https:\/\/mersinkadingazetesi.com\/index.php?rest_route=%2Fwp%2Fv2%2Fcomments&post=36882"}],"version-history":[{"count":1,"href":"https:\/\/mersinkadingazetesi.com\/index.php?rest_route=\/wp\/v2\/posts\/36882\/revisions"}],"predecessor-version":[{"id":36884,"href":"https:\/\/mersinkadingazetesi.com\/index.php?rest_route=\/wp\/v2\/posts\/36882\/revisions\/36884"}],"wp:featuredmedia":[{"embeddable":true,"href":"https:\/\/mersinkadingazetesi.com\/index.php?rest_route=\/wp\/v2\/media\/36883"}],"wp:attachment":[{"href":"https:\/\/mersinkadingazetesi.com\/index.php?rest_route=%2Fwp%2Fv2%2Fmedia&parent=36882"}],"wp:term":[{"taxonomy":"category","embeddable":true,"href":"https:\/\/mersinkadingazetesi.com\/index.php?rest_route=%2Fwp%2Fv2%2Fcategories&post=36882"},{"taxonomy":"post_tag","embeddable":true,"href":"https:\/\/mersinkadingazetesi.com\/index.php?rest_route=%2Fwp%2Fv2%2Ftags&post=36882"}],"curies":[{"name":"wp","href":"https:\/\/api.w.org\/{rel}","templated":true}]}}