{"id":36895,"date":"2024-11-14T11:42:20","date_gmt":"2024-11-14T08:42:20","guid":{"rendered":"https:\/\/mersinkadingazetesi.com\/?p=36895"},"modified":"2024-11-14T11:58:19","modified_gmt":"2024-11-14T08:58:19","slug":"kariyer-merkezinden-universitelilere-tam-destek","status":"publish","type":"post","link":"https:\/\/mersinkadingazetesi.com\/?p=36895","title":{"rendered":"KAR\u0130YER MERKEZ\u0130&#8217;NDEN \u00dcN\u0130VERS\u0130TEL\u0130LERE TAM DESTEK"},"content":{"rendered":"\n<p>Mersin B\u00fcy\u00fck\u015fehir Belediyesi Kariyer Merkezi, \u00fcniversitelilerin kariyer planlamalar\u0131na ve istihdam edilebilirliklerine katk\u0131 sa\u011flamaya devam ediyor.<\/p>\n\n\n\n<p>\u00dcniversitelerin a\u00e7\u0131lmas\u0131 ve akademik takvimin belirlenmesi ile birlikte Mersin B\u00fcy\u00fck\u015fehir Belediyesi Kariyer Merkezi, kurumsal hizmetlerini tan\u0131tmak ve \u00fcniversitelilerin kariyer yolculuklar\u0131na destek olmak amac\u0131yla stant \u00e7al\u0131\u015fmas\u0131 ger\u00e7ekle\u015ftirdi.<\/p>\n\n\n\n<p>Kariyer Merkezi; \u00fcniversitelilerin i\u015f g\u00fcc\u00fc piyasas\u0131 hakk\u0131nda bilgi edinmeleri, profesyonel y\u00f6neticilerle ve kurumsal firmalarla network sa\u011flamalar\u0131 konusunda \u00f6nemli bir misyon \u00fcstleniyor.<\/p>\n\n\n\n<p><strong>\u00dcniversiteliler, B\u00fcy\u00fck\u015fehir Kariyer Merkezi ile geleceklerini \u015fekillendiriyor<\/strong><\/p>\n\n\n\n<p>Toros \u00dcniversitesi Mezitli Kamp\u00fcs\u00fc, \u00c7a\u011f \u00dcniversitesi Kamp\u00fcs\u00fc ve Toros \u00dcniversitesi 45 Evler Kamp\u00fcs\u00fc&#8217;nde ger\u00e7ekle\u015ftirilen stant \u00e7al\u0131\u015fmalar\u0131nda,&nbsp;<strong>&#8216;Rehberlik ve Dan\u0131\u015fmanl\u0131k Hizmetleri, Kariyer Planlama E\u011fitimleri, \u0130\u015f Arama Becerileri E\u011fitimleri, Denizk\u0131z\u0131 Turizm A.\u015e&#8217;ye ba\u011fl\u0131 kafelerde yar\u0131 zamanl\u0131 i\u015f f\u0131rsatlar\u0131 ve staj imkanlar\u0131&#8217;<\/strong>&nbsp;hakk\u0131nda da bilgilendirme yap\u0131ld\u0131.<\/p>\n\n\n\n<p><strong>\u00dcniversite \u00f6\u011frencilerine, e\u011fitim mod\u00fclleri de tan\u0131t\u0131ld\u0131<\/strong><\/p>\n\n\n\n<p>\u00dcniversitelilere y\u00f6nelik bilgilendirme \u00e7al\u0131\u015fmalar\u0131 ve Kariyer Merkezi&#8217;nin sundu\u011fu hizmetler stantta uzmanlar taraf\u0131ndan detayl\u0131 bir \u015fekilde tan\u0131t\u0131l\u0131rken, hizmetlere y\u00f6nelik tan\u0131t\u0131c\u0131 bro\u015f\u00fcrler de \u00f6\u011frencilere da\u011f\u0131t\u0131ld\u0131.<\/p>\n\n\n\n<p>Yap\u0131lan stant \u00e7al\u0131\u015fmas\u0131 ile e\u015f zamanl\u0131 olarak, isteyen \u00fcniversitelilere y\u00f6nelik Kariyer Merkezi taraf\u0131ndan kurgulanan e\u011fitimlerden \u00f6rnekler sunuldu. 100&#8217;den fazla \u00fcniversite \u00f6\u011frencisinin kat\u0131ld\u0131\u011f\u0131 e\u011fitimlerin, periyodik olarak \u00f6\u011frencilere sunulmas\u0131 hedefleniyor.<\/p>\n\n\n\n<p><\/p>\n","protected":false},"excerpt":{"rendered":"<p>Mersin B\u00fcy\u00fck\u015fehir Belediyesi Kariyer Merkezi, \u00fcniversitelilerin kariyer planlamalar\u0131na ve istihdam edilebilirliklerine katk\u0131 sa\u011flamaya devam ediyor. \u00dcniversitelerin a\u00e7\u0131lmas\u0131 ve akademik takvimin belirlenmesi ile birlikte Mersin B\u00fcy\u00fck\u015fehir Belediyesi Kariyer Merkezi, kurumsal hizmetlerini tan\u0131tmak ve \u00fcniversitelilerin kariyer yolculuklar\u0131na destek olmak amac\u0131yla stant \u00e7al\u0131\u015fmas\u0131 ger\u00e7ekle\u015ftirdi. Kariyer Merkezi; \u00fcniversitelilerin i\u015f g\u00fcc\u00fc piyasas\u0131 hakk\u0131nda bilgi edinmeleri, profesyonel y\u00f6neticilerle ve kurumsal firmalarla [&hellip;]<\/p>\n","protected":false},"author":2,"featured_media":36896,"comment_status":"closed","ping_status":"closed","sticky":false,"template":"","format":"standard","meta":{"footnotes":""},"categories":[3],"tags":[],"class_list":["post-36895","post","type-post","status-publish","format-standard","has-post-thumbnail","hentry","category-manset"],"views":3,"_links":{"self":[{"href":"https:\/\/mersinkadingazetesi.com\/index.php?rest_route=\/wp\/v2\/posts\/36895"}],"collection":[{"href":"https:\/\/mersinkadingazetesi.com\/index.php?rest_route=\/wp\/v2\/posts"}],"about":[{"href":"https:\/\/mersinkadingazetesi.com\/index.php?rest_route=\/wp\/v2\/types\/post"}],"author":[{"embeddable":true,"href":"https:\/\/mersinkadingazetesi.com\/index.php?rest_route=\/wp\/v2\/users\/2"}],"replies":[{"embeddable":true,"href":"https:\/\/mersinkadingazetesi.com\/index.php?rest_route=%2Fwp%2Fv2%2Fcomments&post=36895"}],"version-history":[{"count":2,"href":"https:\/\/mersinkadingazetesi.com\/index.php?rest_route=\/wp\/v2\/posts\/36895\/revisions"}],"predecessor-version":[{"id":36898,"href":"https:\/\/mersinkadingazetesi.com\/index.php?rest_route=\/wp\/v2\/posts\/36895\/revisions\/36898"}],"wp:featuredmedia":[{"embeddable":true,"href":"https:\/\/mersinkadingazetesi.com\/index.php?rest_route=\/wp\/v2\/media\/36896"}],"wp:attachment":[{"href":"https:\/\/mersinkadingazetesi.com\/index.php?rest_route=%2Fwp%2Fv2%2Fmedia&parent=36895"}],"wp:term":[{"taxonomy":"category","embeddable":true,"href":"https:\/\/mersinkadingazetesi.com\/index.php?rest_route=%2Fwp%2Fv2%2Fcategories&post=36895"},{"taxonomy":"post_tag","embeddable":true,"href":"https:\/\/mersinkadingazetesi.com\/index.php?rest_route=%2Fwp%2Fv2%2Ftags&post=36895"}],"curies":[{"name":"wp","href":"https:\/\/api.w.org\/{rel}","templated":true}]}}